{"id":333889,"date":"2018-06-25T14:09:00","date_gmt":"2018-06-25T11:09:00","guid":{"rendered":"https:\/\/analyse.optim.biz\/?p=333889"},"modified":"2018-06-25T14:09:00","modified_gmt":"2018-06-25T11:09:00","slug":"olguta-vasilescu-a-distribuit-pe-facebook-un-video-cu-protestatari-alungati-de-politisti-in-venezuela","status":"publish","type":"post","link":"https:\/\/analyse.optim.biz\/?p=333889","title":{"rendered":"Olgu\u0163a Vasilescu a distribuit pe Facebook un video cu protestatari alunga\u0163i de poli\u0163i\u015fti, \u00een Venezuela"},"content":{"rendered":"<div class=\"description\" data-key=\"description\">Lia Olgu\u0163a Vasilescu a distribuit pe pagina sa de Facebook un video cu protestatari din Venezuela alunga\u0163i cu tunurile de ap\u0103 de poli\u0163i\u015fti. Postarea Ministrului Muncii a f\u0103cut v\u00e2lv\u0103, \u00een special \u00een r\u00e2ndurile simpatizan\u0163ilor.<\/div>\n<div class=\"articleBody\" data-key=\"articleBody\">Lia Olgu\u0163a Vasilescu a distribuit pe pagina sa de Facebook un video cu protestatari din Venezuela alunga\u0163i cu tunurile de ap\u0103 de poli\u0163i\u015fti. Postarea Ministrului Muncii a f\u0103cut v\u00e2lv\u0103, \u00een special \u00een r\u00e2ndurile simpatizan\u0163ilor.<\/p>\n<p>\u00cen \u00eenregistrarea video distribuit\u0103 de Ministrul Muncii, mai mul\u0163i protestatari arunc\u0103 pietre \u00een for\u0163ele de ordine, dar sunt pu\u015fi pe fug\u0103 cu tunurile de ap\u0103.<\/p>\n<p>Unii protestatari sunt arunca\u0163i la p\u0103m\u00e2nt de jetul puternic de ap\u0103. Ei sunt alunga\u0163i \u015fi de gazele lacrimogene lansate de poli\u0163i\u015ftii din Venezuela.<\/p>\n<p>Olgu\u0163a Vasilescu a distribuit videoul f\u0103r\u0103 a face niciun comentariu. \u00cen schimb, au venit comentarii de la unii simpatizan\u0163i PSD. Ei au scris c\u0103 de a\u015fa ceva e nevoie \u015fi \u00een Rom\u00e2nia \u015fi c\u0103 a\u015fa ar trebui s\u0103 ac\u0163ioneze \u015fi jandarmii \u00een Pia\u0163a Victoriei.<\/p>\n<p>Sursa: News.ro\n<\/p><\/div>\n<p> Source URL: https:\/\/observatornews.ro\/politic\/olguta-vasilescu-video-protestatari-politisti-258426.html<\/p>\n","protected":false},"excerpt":{"rendered":"<p>Lia Olgu\u0163a Vasilescu a distribuit pe pagina sa de Facebook un video cu protestatari din Venezuela alunga\u0163i cu tunurile de ap\u0103 de poli\u0163i\u015fti. Postarea Ministrului Muncii a f\u0103cut v\u00e2lv\u0103, \u00een special \u00een r\u00e2ndurile simpatizan\u0163ilor. Lia Olgu\u0163a Vasilescu a distribuit pe pagina sa de Facebook un video cu protestatari din Venezuela alunga\u0163i cu tunurile de ap\u0103 [&hellip;]<\/p>\n","protected":false},"author":1,"featured_media":333890,"comment_status":"open","ping_status":"","sticky":false,"template":"","format":"standard","meta":{"footnotes":""},"categories":[2],"tags":[30],"class_list":["post-333889","post","type-post","status-publish","format-standard","has-post-thumbnail","hentry","category-politics","tag-observatornews-ro"],"_links":{"self":[{"href":"https:\/\/analyse.optim.biz\/index.php?rest_route=\/wp\/v2\/posts\/333889","targetHints":{"allow":["GET"]}}],"collection":[{"href":"https:\/\/analyse.optim.biz\/index.php?rest_route=\/wp\/v2\/posts"}],"about":[{"href":"https:\/\/analyse.optim.biz\/index.php?rest_route=\/wp\/v2\/types\/post"}],"author":[{"embeddable":true,"href":"https:\/\/analyse.optim.biz\/index.php?rest_route=\/wp\/v2\/users\/1"}],"replies":[{"embeddable":true,"href":"https:\/\/analyse.optim.biz\/index.php?rest_route=%2Fwp%2Fv2%2Fcomments&post=333889"}],"version-history":[{"count":0,"href":"https:\/\/analyse.optim.biz\/index.php?rest_route=\/wp\/v2\/posts\/333889\/revisions"}],"wp:featuredmedia":[{"embeddable":true,"href":"https:\/\/analyse.optim.biz\/index.php?rest_route=\/wp\/v2\/media\/333890"}],"wp:attachment":[{"href":"https:\/\/analyse.optim.biz\/index.php?rest_route=%2Fwp%2Fv2%2Fmedia&parent=333889"}],"wp:term":[{"taxonomy":"category","embeddable":true,"href":"https:\/\/analyse.optim.biz\/index.php?rest_route=%2Fwp%2Fv2%2Fcategories&post=333889"},{"taxonomy":"post_tag","embeddable":true,"href":"https:\/\/analyse.optim.biz\/index.php?rest_route=%2Fwp%2Fv2%2Ftags&post=333889"}],"curies":[{"name":"wp","href":"https:\/\/api.w.org\/{rel}","templated":true}]}}