{"id":332492,"date":"2018-07-12T12:22:00","date_gmt":"2018-07-12T09:22:00","guid":{"rendered":"https:\/\/analyse.optim.biz\/?p=332492"},"modified":"2018-07-12T12:22:00","modified_gmt":"2018-07-12T09:22:00","slug":"iohannis-ii-raspunde-lui-dragnea-dupa-acuzatiile-privind-condamnarea-sefului-psd-omul-si-a-luat-o-palarie-prea-mare","status":"publish","type":"post","link":"https:\/\/analyse.optim.biz\/?p=332492","title":{"rendered":"Iohannis \u00eei r\u0103spunde lui Dragnea, dup\u0103 acuza\u0163iile privind condamnarea \u015fefului PSD: &#8216;Omul \u015fi-a luat o p\u0103l\u0103rie prea mare&#8217;"},"content":{"rendered":"<div class=\"description\" data-key=\"description\">Pre\u015fedintele Iohannis a declarat, la Summit-ul NATO de la Bruxelles, c\u0103 nu a contribuit la condamnarea lui Liviu Dragnea, afirm\u00e2nd c\u0103 liderul PSD \u015fi-a luat &#8220;o p\u0103l\u0103rie prea mare&#8221; \u015fi nu face fa\u0163\u0103, astfel c\u0103 i s-au terminat argumentele politice \u015fi acum \u00eencepe cu atacuri la persoan\u0103, la familie.<\/div>\n<div class=\"articleBody\" data-key=\"articleBody\">Pre\u015fedintele Klaus Iohannis a declarat, \u00eentr-o conferin\u0163\u0103 de pres\u0103 la Summit-ul NATO de la Bruxelles, c\u0103 nu a contribuit la condamnarea lui Liviu Dragnea, afirm\u00e2nd c\u0103 liderul PSD \u015fi-a luat &#8220;o p\u0103l\u0103rie prea mare&#8221; \u015fi nu face fa\u0163\u0103, astfel c\u0103 i s-au terminat argumentele politice \u015fi acum \u00eencepe cu atacuri la persoan\u0103, la familie. <\/p>\n<p>Pre\u015fedintele consider\u0103 c\u0103 liderul PSD are o &#8220;abordare inadecvat\u0103&#8221;, ceea ce este \u00eengrijor\u0103tor pentru c\u0103 este pre\u015fedintele celui mai mare partid, este pre\u015fedintele Parlamentului \u015fi &#8220;conduce prin interpu\u015fi Guvernul&#8221;.<\/p>\n<p>&#8220;Nu sunt implicat (\u00een condamnarea lui Liviu Dragnea \u2013n.r.) \u015fi apuc\u0103turi dictatoriale nu am avut niciodat\u0103 \u015fi nici nu \u00eemi propun s\u0103 am. Nu l-am ascultat, nici nu cred c\u0103 v-a\u0163i a\u015fteptat, dar am citit anumite \u015ftiri. E \u00eengrijor\u0103tor. Este, \u00eentre timp, mai mult dec\u00e2t evident c\u0103 omul \u015fi-a luat o p\u0103l\u0103rie prea mare, nu face fa\u0163\u0103. Cu aceast\u0103 p\u0103l\u0103rie prea mare, lui Dragnea i s-au terminat argumentele politice \u015fi \u00eencepe cu atacuri la persoan\u0103, la familie, o abordare inadecvat\u0103, \u015fi dac\u0103 ar fi un simplu politician a\u015f l\u0103sa-o a\u015fa, la inadecvat\u0103, dar este foarte \u00eengrijor\u0103toare, fiindc\u0103 acest om conduce cel mai mare partid, este pre\u015fedintele Parlamentului \u015fi conduce prin interpu\u015fi Guvernul&#8221;, a spus Klaus Iohannis.<\/p>\n<p>Pre\u015fedintele PSD, Liviu Dragnea, sus\u0163ine c\u0103 prim-vicepre\u015fedintele PNL, Raluca Turcan, i-a spus pre\u015fedintelui Klaus Iohannis c\u0103, dac\u0103 &#8220;aranjeaz\u0103&#8221; condamnarea sa \u00een dosarul angaj\u0103rilor fictive, ea va da jos Guvernul D\u0103ncil\u0103 a doua zi. Dragnea sus\u0163ine c\u0103 e clar c\u0103 &#8220;miza principal\u0103 a lui Iohannis este ca el s\u0103 nu mai existe. De asemenea, acesta a povestit c\u0103 un ofi\u0163er activ al serviciilor secrete i-a spus c\u0103 a participat la o \u00eent\u00e2lnire cu \u015fefii unor institu\u0163ii, iar ace\u015ftia vorbeau c\u0103 au &#8220;rezolvat un judec\u0103tor&#8221; din dosarul s\u0103u \u015fi vor lucra \u00een continuare pentru a-i face s\u0103-l condamne, opinia sa fiind c\u0103 pre\u015fedintele Klaus Iohannis a contribuit la condamnarea lui.<\/p>\n<p>&#8220;Eu v\u0103 spun ce vorbeau Raluca Turcan \u015fi Ludovic Orban, \u015fi vorbind \u015fi cu oameni din PSD, \u015fi cu oameni din alte partide. Raluca Turcan i-a promis pre\u015fedintelui Iohannis c\u0103, dac\u0103 dumnealui aranjeaz\u0103 condamnarea mea, ea garanteaz\u0103 c\u0103 d\u0103 Guvernul jos a doua zi. Condamnarea mea s-a realizat, Guvernul n-a picat. Bun, nici acum nu au \u00een\u0163eles \u015fi nu vor \u00een\u0163elege niciodat\u0103 ce \u00eenseamn\u0103 acest partid, ce \u00eenseamn\u0103 PSD. (&#8230;) Nu-s prost. E clar ca miza principal\u0103 a lui Iohannis este ca eu s\u0103 nu mai exist.&#8221;, a spus Liviu Dragnea, miercuri seara, la Antena 3.<\/p>\n<p>Sursa: News.ro\n<\/p><\/div>\n<p> Source URL: https:\/\/observatornews.ro\/politic\/iohannis-raspuns-dragnea-acuzatii-condamnare-260717.html<\/p>\n","protected":false},"excerpt":{"rendered":"<p>Pre\u015fedintele Iohannis a declarat, la Summit-ul NATO de la Bruxelles, c\u0103 nu a contribuit la condamnarea lui Liviu Dragnea, afirm\u00e2nd c\u0103 liderul PSD \u015fi-a luat &#8220;o p\u0103l\u0103rie prea mare&#8221; \u015fi nu face fa\u0163\u0103, astfel c\u0103 i s-au terminat argumentele politice \u015fi acum \u00eencepe cu atacuri la persoan\u0103, la familie. Pre\u015fedintele Klaus Iohannis a declarat, \u00eentr-o [&hellip;]<\/p>\n","protected":false},"author":1,"featured_media":332493,"comment_status":"open","ping_status":"","sticky":false,"template":"","format":"standard","meta":{"footnotes":""},"categories":[2],"tags":[30],"class_list":["post-332492","post","type-post","status-publish","format-standard","has-post-thumbnail","hentry","category-politics","tag-observatornews-ro"],"_links":{"self":[{"href":"https:\/\/analyse.optim.biz\/index.php?rest_route=\/wp\/v2\/posts\/332492","targetHints":{"allow":["GET"]}}],"collection":[{"href":"https:\/\/analyse.optim.biz\/index.php?rest_route=\/wp\/v2\/posts"}],"about":[{"href":"https:\/\/analyse.optim.biz\/index.php?rest_route=\/wp\/v2\/types\/post"}],"author":[{"embeddable":true,"href":"https:\/\/analyse.optim.biz\/index.php?rest_route=\/wp\/v2\/users\/1"}],"replies":[{"embeddable":true,"href":"https:\/\/analyse.optim.biz\/index.php?rest_route=%2Fwp%2Fv2%2Fcomments&post=332492"}],"version-history":[{"count":0,"href":"https:\/\/analyse.optim.biz\/index.php?rest_route=\/wp\/v2\/posts\/332492\/revisions"}],"wp:featuredmedia":[{"embeddable":true,"href":"https:\/\/analyse.optim.biz\/index.php?rest_route=\/wp\/v2\/media\/332493"}],"wp:attachment":[{"href":"https:\/\/analyse.optim.biz\/index.php?rest_route=%2Fwp%2Fv2%2Fmedia&parent=332492"}],"wp:term":[{"taxonomy":"category","embeddable":true,"href":"https:\/\/analyse.optim.biz\/index.php?rest_route=%2Fwp%2Fv2%2Fcategories&post=332492"},{"taxonomy":"post_tag","embeddable":true,"href":"https:\/\/analyse.optim.biz\/index.php?rest_route=%2Fwp%2Fv2%2Ftags&post=332492"}],"curies":[{"name":"wp","href":"https:\/\/api.w.org\/{rel}","templated":true}]}}