{"id":332490,"date":"2018-07-12T12:28:00","date_gmt":"2018-07-12T09:28:00","guid":{"rendered":"https:\/\/analyse.optim.biz\/?p=332490"},"modified":"2018-07-12T12:28:00","modified_gmt":"2018-07-12T09:28:00","slug":"alina-gorghiu-s-a-dezlantuit-la-timisoara-dragnea-are-un-profil-de-om-bolnav-de-obsedat-simte-fiorul-finalului","status":"publish","type":"post","link":"https:\/\/analyse.optim.biz\/?p=332490","title":{"rendered":"Alina Gorghiu s-a dezl\u0103n\u0163uit la Timi\u015foara: &#8220;Dragnea are un profil de om bolnav, de obsedat!\u00a0Simte fiorul finalului&#8221;"},"content":{"rendered":"<div class=\"description\" data-key=\"description\">Senatorul liberal Alina Gorghiu a declarat, ast\u0103zi, la Timi\u015foara, c\u0103 Liviu Dragnea are un \u201cprofil de om bolnav, de obsedat\u201d.<\/div>\n<div class=\"articleBody\" data-key=\"articleBody\">Senatorul liberal Alina Gorghiu a declarat, ast\u0103zi, la Timi\u015foara, c\u0103 Liviu Dragnea are un \u201cprofil de om bolnav, de obsedat\u201d.<\/p>\n<p>Alina Gorghiu spune c\u0103 apropia\u0163ii lui Liviu Dragnea ar trebui s\u0103 fie \u00eengrijora\u0163i de comportamentului liderului social-democrat.<\/p>\n<p>\u201cAm urm\u0103rit declara\u0163iile domnului Dragnea de asear\u0103. Am crezut c\u0103 domnul Dragnea \u015fi-a dedicat o or\u0103 \u00eentreag\u0103 asear\u0103 \u00een emisiunea la care a participat pentru domnul Iohannis.<\/p>\n<p>A vorbit exclusiv despre pre\u015fedintele Rom\u00e2niei. Evident c\u0103 asta nu \u00eenseamn\u0103 un profil de om de stat \u015fi de om care conduce majoritatea parlamentar\u0103 \u015fi indirect Guvernul Rom\u00e2niei, ci este un profil de om bolnav, de obsedat. Realmente de obsedat, \u015fi o spun la modul serios pentru c\u0103 sunt colegi ai domniei sale care \u00eenc\u0103 \u00eel mai sprijin\u0103, care ar trebui s\u0103 fie \u00eengrijora\u0163i de genul acesta de reac\u0163ie\u201d, a afirmat Alina Gorghiu.<\/p>\n<p>Senatorul PNL a spus c\u0103 Liviu Dragnea se comport\u0103 \u00een acest mod pentru c\u0103 \u201csimte fiorul finalului\u201d, \u00een condi\u0163iile \u00een care ar mai avea dou\u0103 dosare penale care ar urma s\u0103 fie supuse analizei pentru redeschidere.<\/p>\n<p>\u201cEvident c\u0103 exist\u0103 scuze, dar nu suficiente pentru a justifica comportamentul s\u0103u. A f\u0103cut chiar domnia sa public faptul c\u0103 mai are dou\u0103 dosare penale care urmeaz\u0103 s\u0103 fie supuse analizei pentru redeschidere, unul pe numele Dragnea, unul pe numele companiei cu care a devalizat jum\u0103tate de Rom\u00e2nie, Tel Drum, \u00een septembrie. Deci presiunea pe Liviu Dragnea este una foarte mare \u015fi el \u015ftiindu-se vinovat de aceste lucruri nu are de ales dec\u00e2t s\u0103 amenin\u0163e pe toat\u0103 lumea de diminea\u0163\u0103 p\u00e2n\u0103 seara, a\u015fa face orice om care simte fiorul finalului.<\/p>\n<p>Ra\u0163iunea \u015fi echilibrul nu sunt, din punctul meu de vedere, compatibile cu profilul lui Liviu Dragnea, iar problemele lui nu au rezolvare indiferent c\u00e2t de mult l-ar amenin\u0163a cu suspendarea pe actualul pre\u015fedinte al Rom\u00e2niei. Am v\u0103zut \u00eens\u0103 o nuan\u0163\u0103 asear\u0103, nu doar pe Klaus Iohannis \u00eel amenin\u0163\u0103, lucrul acesta \u00eel face de vreun an \u015fi jum\u0103tate, l-a amenin\u0163at indirect \u015fi voalat \u015fi pe C\u0103lin Popescu T\u0103riceanu. Pentru c\u0103 miza lui absolut\u0103 este s\u0103 se emit\u0103 acel act numit ordonan\u0163\u0103 de urgen\u0163\u0103 pe Legile Justi\u0163iei \u015fi pe Codul Penal. Cred c\u0103 viseaz\u0103 diminea\u0163a, la pr\u00e2nz \u015fi seara acest lucru\u201d, a mai spus Alina Gorghiu, potrivit mediafax.ro.\n<\/p><\/div>\n<p> Source URL: https:\/\/observatornews.ro\/politic\/alina-gorghiu-dragnea-om-bolnav-obsedat-260718.html<\/p>\n","protected":false},"excerpt":{"rendered":"<p>Senatorul liberal Alina Gorghiu a declarat, ast\u0103zi, la Timi\u015foara, c\u0103 Liviu Dragnea are un \u201cprofil de om bolnav, de obsedat\u201d. Senatorul liberal Alina Gorghiu a declarat, ast\u0103zi, la Timi\u015foara, c\u0103 Liviu Dragnea are un \u201cprofil de om bolnav, de obsedat\u201d. Alina Gorghiu spune c\u0103 apropia\u0163ii lui Liviu Dragnea ar trebui s\u0103 fie \u00eengrijora\u0163i de comportamentului [&hellip;]<\/p>\n","protected":false},"author":1,"featured_media":332491,"comment_status":"open","ping_status":"","sticky":false,"template":"","format":"standard","meta":{"footnotes":""},"categories":[2],"tags":[30],"class_list":["post-332490","post","type-post","status-publish","format-standard","has-post-thumbnail","hentry","category-politics","tag-observatornews-ro"],"_links":{"self":[{"href":"https:\/\/analyse.optim.biz\/index.php?rest_route=\/wp\/v2\/posts\/332490","targetHints":{"allow":["GET"]}}],"collection":[{"href":"https:\/\/analyse.optim.biz\/index.php?rest_route=\/wp\/v2\/posts"}],"about":[{"href":"https:\/\/analyse.optim.biz\/index.php?rest_route=\/wp\/v2\/types\/post"}],"author":[{"embeddable":true,"href":"https:\/\/analyse.optim.biz\/index.php?rest_route=\/wp\/v2\/users\/1"}],"replies":[{"embeddable":true,"href":"https:\/\/analyse.optim.biz\/index.php?rest_route=%2Fwp%2Fv2%2Fcomments&post=332490"}],"version-history":[{"count":0,"href":"https:\/\/analyse.optim.biz\/index.php?rest_route=\/wp\/v2\/posts\/332490\/revisions"}],"wp:featuredmedia":[{"embeddable":true,"href":"https:\/\/analyse.optim.biz\/index.php?rest_route=\/wp\/v2\/media\/332491"}],"wp:attachment":[{"href":"https:\/\/analyse.optim.biz\/index.php?rest_route=%2Fwp%2Fv2%2Fmedia&parent=332490"}],"wp:term":[{"taxonomy":"category","embeddable":true,"href":"https:\/\/analyse.optim.biz\/index.php?rest_route=%2Fwp%2Fv2%2Fcategories&post=332490"},{"taxonomy":"post_tag","embeddable":true,"href":"https:\/\/analyse.optim.biz\/index.php?rest_route=%2Fwp%2Fv2%2Ftags&post=332490"}],"curies":[{"name":"wp","href":"https:\/\/api.w.org\/{rel}","templated":true}]}}