{"id":332486,"date":"2018-07-12T19:37:00","date_gmt":"2018-07-12T16:37:00","guid":{"rendered":"https:\/\/analyse.optim.biz\/?p=332486"},"modified":"2018-07-12T19:37:00","modified_gmt":"2018-07-12T16:37:00","slug":"mesajul-lui-tariceanu-pentru-premierul-dancila-draga-viorica-in-politica-mai-sunt-si-tampiti-si-dementi-n-ai-cum-sa-i-educi-pe-toti","status":"publish","type":"post","link":"https:\/\/analyse.optim.biz\/?p=332486","title":{"rendered":"Mesajul lui T\u0103riceanu pentru premierul D\u0103ncil\u0103: &#8220;Drag\u0103 Viorica, \u00een politic\u0103 mai sunt \u015fi t\u00e2mpi\u0163i, \u015fi demen\u0163i, n-ai cum s\u0103-i educi pe to\u0163i&#8221;"},"content":{"rendered":"<div class=\"description\" data-key=\"description\">C\u0103lin Popescu T\u0103riceanu a declarat c\u0103 mesajul sincer pe care ar fi vrut s\u0103 \u00eel transmit\u0103\u00a0premierului D\u0103ncil\u0103 este c\u0103 politica ar fi plin\u0103 de &#8220;t\u00e2mpi\u0163i \u015fi demen\u015fi&#8221; \u015fi nu are cum s\u0103 educe to\u0163i &#8220;neavenitii&#8221; din politic\u0103.<\/div>\n<div class=\"articleBody\" data-key=\"articleBody\">C\u0103lin Popescu T\u0103riceanu a declarat c\u0103 mesajul sincer pe care ar fi vrut s\u0103 \u00eel transmit\u0103\u00a0premierului D\u0103ncil\u0103 este c\u0103 politica ar fi plin\u0103 de &#8220;t\u00e2mpi\u0163i \u015fi demen\u015fi&#8221; \u015fi nu are cum s\u0103 educe to\u0163i &#8220;neavenitii&#8221; din politic\u0103.<\/p>\n<p>Reac\u0163ia pre\u015fedintelui\u00a0Senatului\u00a0vine la pl\u00e2ngerea penal\u0103\u00a0pentru \u00eenalt\u0103 tr\u0103dare depus\u0103 \u00eempotriva premierului D\u0103ncil\u0103.<\/p>\n<p>\u201d\u00cen condi\u0163ii normale, i-a\u015f fi spus doamnei prim-ministru: \u00abDrag\u0103 Viorica, n-ai cum s\u0103 le pui c\u0103lu\u015f la gur\u0103 \u015fi nu ai cum s\u0103-i educi pe to\u0163i neaveni\u0163ii din politic\u0103. Mai sunt \u015fi t\u00e2mpi\u0163i, mai sunt \u015fi unii care sunt demen\u0163i, a\u015fa este peste tot, p\u0103durea este plin\u0103 cu tot felul de lighioane.\u00bb Asta era \u00eentr-o situa\u0163ie normal\u0103. Acum, f\u0103r\u0103 s\u0103 vreau c\u00e2tu\u015fi de pu\u0163in s\u0103 o fac s\u0103 se \u00eengrijoreze, a\u015f spune c\u0103 e bine s\u0103 fim pruden\u0163i, c\u0103 nu \u015ftim ce se \u00eent\u00e2mpl\u0103\u201d, a declarat T\u0103riceanu.<\/p>\n<p>Potrivit acestuia, nu este nimic ilegal \u00een ceea ce prive\u015fte modul \u00een care Guvernul a gestionat chestiunea legat\u0103 de mutarea ambasadei din Israel.\n<\/p><\/div>\n<p> Source URL: https:\/\/observatornews.ro\/politic\/mesajul-tariceanu-dancila-tampiti-dementi-260772.html<\/p>\n","protected":false},"excerpt":{"rendered":"<p>C\u0103lin Popescu T\u0103riceanu a declarat c\u0103 mesajul sincer pe care ar fi vrut s\u0103 \u00eel transmit\u0103\u00a0premierului D\u0103ncil\u0103 este c\u0103 politica ar fi plin\u0103 de &#8220;t\u00e2mpi\u0163i \u015fi demen\u015fi&#8221; \u015fi nu are cum s\u0103 educe to\u0163i &#8220;neavenitii&#8221; din politic\u0103. C\u0103lin Popescu T\u0103riceanu a declarat c\u0103 mesajul sincer pe care ar fi vrut s\u0103 \u00eel transmit\u0103\u00a0premierului D\u0103ncil\u0103 este [&hellip;]<\/p>\n","protected":false},"author":1,"featured_media":332487,"comment_status":"open","ping_status":"","sticky":false,"template":"","format":"standard","meta":{"footnotes":""},"categories":[2],"tags":[30],"class_list":["post-332486","post","type-post","status-publish","format-standard","has-post-thumbnail","hentry","category-politics","tag-observatornews-ro"],"_links":{"self":[{"href":"https:\/\/analyse.optim.biz\/index.php?rest_route=\/wp\/v2\/posts\/332486","targetHints":{"allow":["GET"]}}],"collection":[{"href":"https:\/\/analyse.optim.biz\/index.php?rest_route=\/wp\/v2\/posts"}],"about":[{"href":"https:\/\/analyse.optim.biz\/index.php?rest_route=\/wp\/v2\/types\/post"}],"author":[{"embeddable":true,"href":"https:\/\/analyse.optim.biz\/index.php?rest_route=\/wp\/v2\/users\/1"}],"replies":[{"embeddable":true,"href":"https:\/\/analyse.optim.biz\/index.php?rest_route=%2Fwp%2Fv2%2Fcomments&post=332486"}],"version-history":[{"count":0,"href":"https:\/\/analyse.optim.biz\/index.php?rest_route=\/wp\/v2\/posts\/332486\/revisions"}],"wp:featuredmedia":[{"embeddable":true,"href":"https:\/\/analyse.optim.biz\/index.php?rest_route=\/wp\/v2\/media\/332487"}],"wp:attachment":[{"href":"https:\/\/analyse.optim.biz\/index.php?rest_route=%2Fwp%2Fv2%2Fmedia&parent=332486"}],"wp:term":[{"taxonomy":"category","embeddable":true,"href":"https:\/\/analyse.optim.biz\/index.php?rest_route=%2Fwp%2Fv2%2Fcategories&post=332486"},{"taxonomy":"post_tag","embeddable":true,"href":"https:\/\/analyse.optim.biz\/index.php?rest_route=%2Fwp%2Fv2%2Ftags&post=332486"}],"curies":[{"name":"wp","href":"https:\/\/api.w.org\/{rel}","templated":true}]}}