{"id":332233,"date":"2018-07-18T12:43:00","date_gmt":"2018-07-18T09:43:00","guid":{"rendered":"https:\/\/analyse.optim.biz\/?p=332233"},"modified":"2018-07-18T12:43:00","modified_gmt":"2018-07-18T09:43:00","slug":"pnl-avertizeaza-ca-va-ataca-in-instanta-orice-act-normativ-initiat-de-guvernare-pentru-infiintarea-fondului-suveran-de-dezvoltare-si-investitii","status":"publish","type":"post","link":"https:\/\/analyse.optim.biz\/?p=332233","title":{"rendered":"PNL avertizeaz\u0103 c\u0103 va ataca \u00een instan\u0163\u0103 orice act normativ ini\u0163iat de guvernare pentru \u00eenfiin\u0163area Fondului Suveran de Dezvoltare \u015fi Investi\u0163ii"},"content":{"rendered":"<div class=\"description\" data-key=\"description\">PNL avertizeaz\u0103 c\u0103 va ataca \u00een instant\u0163\u0103 orice act normativ ini\u0163iat de guvernare pentru \u00eenfiin\u0163area Fondului Suveran de Dezvoltare \u015fi Investi\u0163ii<\/div>\n<div class=\"articleBody\" data-key=\"articleBody\">PNL consider\u0103 o lovitur\u0103 dur\u0103 primit\u0103 de liderul PSD, Liviu Dragnea, decizia Cur\u0163ii Constitu\u0163ionale de a declara neconstitu\u0163ional proiectul de lege privind \u00eenfiin\u0163area Fondului Suveran de Dezvoltare \u015fi Investi\u0163ii, a transmis purt\u0103torul de cuv\u00e2nt al partidului, Ionel Danc\u0103. <\/p>\n<p>Acesta mai sus\u0163ine c\u0103 Liviu Dragnea va apela la Executiv pentru a \u00eenfiin\u0163a Fondul Suveran printr-o Hot\u0103r\u00e2re de Guvern \u015fi \u00eel someaz\u0103 s\u0103 renun\u0163e sau PNL va ataca \u00een instan\u0163a de contencios administrativ orice act normativ ini\u0163iat \u00een acest sens.<\/p>\n<p>\u201cCurtea Constitu\u0163ional\u0103 a admis ast\u0103zi una dintre obiec\u0163iile de neconstitu\u0163ionalitate invocate de Partidul Na\u0163ional Liberal privind Legea de \u00eenfiin\u0163are a Fondului Suveran de Dezvoltare \u015fi Investi\u0163ii. Este o lovitur\u0103 dur\u0103 dat\u0103 planului lui Liviu Dragnea de a pune m\u00e2na pe activele de 10 miliarde de euro ale celor mai importante companii de stat \u015fi de a le transforma \u00een pu\u015fculi\u0163a de partid a PSD\u201d, transmite Ionel Danc\u0103 printr-un comunicat de pres\u0103.<\/p>\n<p>Danc\u0103 mai spune c\u0103 Liviu Dragnea va folosi Guvernul pentru a \u00eenfiin\u0163a Fondul Suveran \u015fi \u00eel someaz\u0103 public s\u0103 renun\u0163e la acest demers.<\/p>\n<p>\u201cSuntem convin\u015fi c\u0103 \u00een urma deciziei CCR de a admite sesizarea Partidului Na\u0163ional Liberal, Liviu Dragnea va folosi Guvernul s\u0103u de marionete pentru a \u00eenfiin\u0163a Fondul Suveran de Dezvoltare \u015fi Investi\u0163ii prin Hot\u0103r\u00e2re de Guvern. \u00cel som\u0103m public pe liderul PSD, Liviu Dragnea, s\u0103 renun\u0163e la orice demers de a pune \u00een practic\u0103 aceast\u0103 ini\u0163iativ\u0103 frauduloas\u0103 de preluare abuziv\u0103 a companiilor de stat printr-un fond suveran controlat politic, la dispozi\u0163ia sa \u015fi a clientelei de partid\u201d, spune purt\u0103torul de cuv\u00e2nt al PNL.<\/p>\n<p>PNL spune c\u0103 va continua lupta \u015fi va ataca \u00een instan\u0163a de contencios administrativ orice act normativ ini\u0163iat de Guvern pentru \u00eenfiin\u0163area Fondului Suveran al lui Liviu Dragnea.<\/p>\n<p>Liberalii avertizeaz\u0103 Guvernul c\u0103 orice decizie care poate aduce prejudicii patrimoniului public al statului poate atrage r\u0103spunderea ministerial\u0103 individual\u0103<\/p>\n<p>\u201cCerem Guvernului Rom\u00e2niei s\u0103 respecte Legea 111\/2016 \u015fi OUG 109\/2011 privind principiile guvernan\u0163ei corporative \u00een managementul companiilor de stat \u015fi s\u0103 opreasc\u0103 politizarea acestor companii. Avertiz\u0103m membrii Guvernului Rom\u00e2niei c\u0103 orice decizie a Guvernului care poate aduce prejudicii patrimoniului\u00a0 public al statului poate atrage r\u0103spunderea ministerial\u0103 individual\u0103, iar o astfel de hot\u0103r\u00e2re va fi atacat\u0103 de Partidul Na\u0163ional Liberal pe calea judec\u0103toreasc\u0103\u201d, mai spune Ionel Danc\u0103.<\/p>\n<p>Curtea Constitu\u0163ional\u0103 a decis, miercuri, c\u0103 Legea privind \u00eenfiin\u0163area Fondului Suveran de Dezvoltare \u015fi Investi\u0163ii este neconstitu\u0163ional\u0103, accept\u00e2nd astfel sesiz\u0103rile formulate de c\u0103tre pre\u015fedintele Klaus Iohannis, precum \u015fi de c\u0103tre parlamentarii PNL, USR \u015fi PMP. At\u00e2t \u015feful statului, c\u00e2t \u015fi partidele din opozi\u0163ie sus\u0163in c\u0103 \u00eenfiin\u0163area Fondului intra \u00een atribu\u0163iile autorit\u0103\u0163ilor publice centrale, nu ale Parlamentului, fiind astfel \u00eenc\u0103lcat\u0103 separa\u0163ia puterilor \u00een stat.<\/p>\n<p>Surs\u0103: News.ro\n<\/p><\/div>\n<p> Source URL: https:\/\/observatornews.ro\/politic\/pnl-ataca-in-instanta-acte-normative-guvern-fond-suveran-dezvoltare-investitii-261445.html<\/p>\n","protected":false},"excerpt":{"rendered":"<p>PNL avertizeaz\u0103 c\u0103 va ataca \u00een instant\u0163\u0103 orice act normativ ini\u0163iat de guvernare pentru \u00eenfiin\u0163area Fondului Suveran de Dezvoltare \u015fi Investi\u0163ii PNL consider\u0103 o lovitur\u0103 dur\u0103 primit\u0103 de liderul PSD, Liviu Dragnea, decizia Cur\u0163ii Constitu\u0163ionale de a declara neconstitu\u0163ional proiectul de lege privind \u00eenfiin\u0163area Fondului Suveran de Dezvoltare \u015fi Investi\u0163ii, a transmis purt\u0103torul de cuv\u00e2nt [&hellip;]<\/p>\n","protected":false},"author":1,"featured_media":0,"comment_status":"open","ping_status":"","sticky":false,"template":"","format":"standard","meta":{"footnotes":""},"categories":[2],"tags":[30],"class_list":["post-332233","post","type-post","status-publish","format-standard","hentry","category-politics","tag-observatornews-ro"],"_links":{"self":[{"href":"https:\/\/analyse.optim.biz\/index.php?rest_route=\/wp\/v2\/posts\/332233","targetHints":{"allow":["GET"]}}],"collection":[{"href":"https:\/\/analyse.optim.biz\/index.php?rest_route=\/wp\/v2\/posts"}],"about":[{"href":"https:\/\/analyse.optim.biz\/index.php?rest_route=\/wp\/v2\/types\/post"}],"author":[{"embeddable":true,"href":"https:\/\/analyse.optim.biz\/index.php?rest_route=\/wp\/v2\/users\/1"}],"replies":[{"embeddable":true,"href":"https:\/\/analyse.optim.biz\/index.php?rest_route=%2Fwp%2Fv2%2Fcomments&post=332233"}],"version-history":[{"count":0,"href":"https:\/\/analyse.optim.biz\/index.php?rest_route=\/wp\/v2\/posts\/332233\/revisions"}],"wp:attachment":[{"href":"https:\/\/analyse.optim.biz\/index.php?rest_route=%2Fwp%2Fv2%2Fmedia&parent=332233"}],"wp:term":[{"taxonomy":"category","embeddable":true,"href":"https:\/\/analyse.optim.biz\/index.php?rest_route=%2Fwp%2Fv2%2Fcategories&post=332233"},{"taxonomy":"post_tag","embeddable":true,"href":"https:\/\/analyse.optim.biz\/index.php?rest_route=%2Fwp%2Fv2%2Ftags&post=332233"}],"curies":[{"name":"wp","href":"https:\/\/api.w.org\/{rel}","templated":true}]}}