{"id":332232,"date":"2018-07-18T14:13:00","date_gmt":"2018-07-18T11:13:00","guid":{"rendered":"https:\/\/analyse.optim.biz\/?p=332232"},"modified":"2018-07-18T14:13:00","modified_gmt":"2018-07-18T11:13:00","slug":"ministrul-german-pentru-afaceri-europene-ingrijorat-de-modificarile-codului-penal-din-romania","status":"publish","type":"post","link":"https:\/\/analyse.optim.biz\/?p=332232","title":{"rendered":"Ministrul german pentru afaceri europene, \u00eengrijorat de modific\u0103rile Codului Penal din Rom\u00e2nia"},"content":{"rendered":"<div class=\"description\" data-key=\"description\">Ministrul de stat pentru afaceri europene al Germaniei, Michael Roth, \u015fi-a exprimat interesul \u015fi \u00eengrjijorarea \u00een leg\u0103tur\u0103 cu recentele modific\u0103ri ale legisla\u0163iei penale, miercuri, la o \u00eent\u00e2lnire cu procurorul general Augustin Laz\u0103r, la care au luat parte \u015fi \u015fefii DNA \u015fi DIICOT.<\/div>\n<div class=\"articleBody\" data-key=\"articleBody\">Ministrul de stat pentru afaceri europene al Germaniei, Michael Roth, \u015fi-a exprimat interesul \u015fi \u00eengrjijorarea \u00een leg\u0103tur\u0103 cu recentele modific\u0103ri ale legisla\u0163iei penale, miercuri, la o \u00eent\u00e2lnire cu procurorul general Augustin Laz\u0103r, la care au luat parte \u015fi \u015fefii DNA \u015fi DIICOT, Anca Jurma, respectiv Daniel Horodniceanu, potrivit Parchetului \u00cenaltei Cur\u0163i de Casa\u0163ie \u015fi Justi\u0163ie.<\/p>\n<p>Procurorul general Augustin Laz\u0103r a avut miercuri o \u00eentrevedere cu Michael Roth, ministrul de stat pentru afaceri europene din cadrul Ministerului Federal German de Externe, \u00eenso\u0163it de adjunctul ambasadorului Germaniei la Bucure\u015fti, iar la \u00eent\u00e2lnire au participat \u015fi Laura Oprean, prim-adjunct al procurorului general, Anca Jurma, procurorul \u015fef interimar al Direc\u0163iei Na\u0163ionale Anticorup\u0163ie, \u015feful DIICOT, Daniel Horodniceanu \u015fi Nadina Sp\u00eenu, procuror \u015fef al Serviciului de cooperare judiciar\u0103 interna\u0163ional\u0103, rela\u0163ii interna\u0163ionale \u015fi programe.<\/p>\n<p>Conform Parchetului General, principalele teme abordate s-au referit la cooperarea judiciar\u0103 bilateral\u0103 \u015fi interna\u0163ional\u0103, la progresele \u00eenregistrate de Rom\u00e2nia \u00een reforma justi\u0163iei \u015fi combaterea corup\u0163iei, problematica judiciar\u0103 curent\u0103, inclusiv modific\u0103rile legislative \u00een curs.<\/p>\n<p>&#8220;Domnul Michael Roth, ministrul de stat pentru afaceri europene din cadrul Ministerului Federal German de Externe, a remarcat progresele realizate \u00een ultimii ani de sistemul judiciar din Rom\u00e2nia, manifest\u00e2ndu-\u015fi interesul \u015fi \u00eengrjijorarea \u00een leg\u0103tur\u0103 cu recentele modific\u0103ri ale legisla\u0163iei penale. La r\u00e2ndul s\u0103u, domnul Augustin Laz\u0103r, procurorul general al Parchetului de pe l\u00e2ng\u0103 \u00cenalta Curte de Casa\u0163ie \u015fi Justi\u0163ie, a f\u0103cut o prezentare a Ministerului Public, inclusiv a structurilor specializate, ar\u0103t\u00e2nd c\u0103 lupta anticorup\u0163ie \u015fi crimei organizate este dus\u0103 cu eficien\u0163\u0103 \u015fi profesionalism&#8221;, arat[ sursa citat\u0103.<\/p>\n<p>Mar\u0163i, ministrul de stat pentru afaceri europene al Germaniei,\u00a0Michael Roth, s-a \u00eent\u00e2lnit cu pre\u015fedintele Camerei Deputa\u0163ilor, Liviu Dragnea, care l-a asigurat pe oficialul german cu privire la respectarea statului de drept \u015fi a independen\u0163ei sistemului judiciar \u00een Rom\u00e2nia, conform unui comunicat al Camerei Deputa\u0163ilor.<\/p>\n<p>Sursa: News.ro\n<\/p><\/div>\n<p> Source URL: https:\/\/observatornews.ro\/politic\/ministru-german-afaceri-europene-ingrijorat-cod-penal-romania-261465.html<\/p>\n","protected":false},"excerpt":{"rendered":"<p>Ministrul de stat pentru afaceri europene al Germaniei, Michael Roth, \u015fi-a exprimat interesul \u015fi \u00eengrjijorarea \u00een leg\u0103tur\u0103 cu recentele modific\u0103ri ale legisla\u0163iei penale, miercuri, la o \u00eent\u00e2lnire cu procurorul general Augustin Laz\u0103r, la care au luat parte \u015fi \u015fefii DNA \u015fi DIICOT. Ministrul de stat pentru afaceri europene al Germaniei, Michael Roth, \u015fi-a exprimat interesul [&hellip;]<\/p>\n","protected":false},"author":1,"featured_media":0,"comment_status":"open","ping_status":"","sticky":false,"template":"","format":"standard","meta":{"footnotes":""},"categories":[2],"tags":[30],"class_list":["post-332232","post","type-post","status-publish","format-standard","hentry","category-politics","tag-observatornews-ro"],"_links":{"self":[{"href":"https:\/\/analyse.optim.biz\/index.php?rest_route=\/wp\/v2\/posts\/332232","targetHints":{"allow":["GET"]}}],"collection":[{"href":"https:\/\/analyse.optim.biz\/index.php?rest_route=\/wp\/v2\/posts"}],"about":[{"href":"https:\/\/analyse.optim.biz\/index.php?rest_route=\/wp\/v2\/types\/post"}],"author":[{"embeddable":true,"href":"https:\/\/analyse.optim.biz\/index.php?rest_route=\/wp\/v2\/users\/1"}],"replies":[{"embeddable":true,"href":"https:\/\/analyse.optim.biz\/index.php?rest_route=%2Fwp%2Fv2%2Fcomments&post=332232"}],"version-history":[{"count":0,"href":"https:\/\/analyse.optim.biz\/index.php?rest_route=\/wp\/v2\/posts\/332232\/revisions"}],"wp:attachment":[{"href":"https:\/\/analyse.optim.biz\/index.php?rest_route=%2Fwp%2Fv2%2Fmedia&parent=332232"}],"wp:term":[{"taxonomy":"category","embeddable":true,"href":"https:\/\/analyse.optim.biz\/index.php?rest_route=%2Fwp%2Fv2%2Fcategories&post=332232"},{"taxonomy":"post_tag","embeddable":true,"href":"https:\/\/analyse.optim.biz\/index.php?rest_route=%2Fwp%2Fv2%2Ftags&post=332232"}],"curies":[{"name":"wp","href":"https:\/\/api.w.org\/{rel}","templated":true}]}}