{"id":332231,"date":"2018-07-18T16:39:30","date_gmt":"2018-07-18T13:39:30","guid":{"rendered":"https:\/\/analyse.optim.biz\/?p=332231"},"modified":"2018-07-18T16:39:30","modified_gmt":"2018-07-18T13:39:30","slug":"iohannis-si-dancila-intalnire-la-cotroceni-au-discutat-despre-presedintia-consiliului-uniunii-europene","status":"publish","type":"post","link":"https:\/\/analyse.optim.biz\/?p=332231","title":{"rendered":"Iohannis \u0219i D\u0103ncil\u0103, \u00eent\u00e2lnire la Cotroceni. Au discutat despre pre\u0219edin\u021bia Consiliului Uniunii Europene"},"content":{"rendered":"<div class=\"description\" data-key=\"description\">Pre\u015fedintele Klaus Iohannis \u015fi premierul Viorica D\u0103ncil\u0103 au avut prima \u00eent\u00e2lnire dup\u0103 ce \u00een ultimele luni s-au r\u0103zboit \u00een declara\u0163ii, iar \u015feful statului i-a cerut de mai multe ori demisia.<\/div>\n<div class=\"articleBody\" data-key=\"articleBody\">Pre\u015fedintele Klaus Iohannis \u015fi premierul Viorica D\u0103ncil\u0103 au avut prima \u00eent\u00e2lnire dup\u0103 ce \u00een ultimele luni s-au r\u0103zboit \u00een declara\u0163ii, iar \u015feful statului i-a cerut de mai multe ori demisia. <\/p>\n<p>Cei doi au discutat 40 de minute mai ales despre preluarea pre\u015fedin\u0163iei Consiliului Uniunii Europene de c\u0103tre \u0163ara noastr\u0103.\n<\/p><\/div>\n<p> Source URL: https:\/\/observatornews.ro\/politic\/iohannis-si-dancila-intalnire-la-cotroceni-261490.html<\/p>\n","protected":false},"excerpt":{"rendered":"<p>Pre\u015fedintele Klaus Iohannis \u015fi premierul Viorica D\u0103ncil\u0103 au avut prima \u00eent\u00e2lnire dup\u0103 ce \u00een ultimele luni s-au r\u0103zboit \u00een declara\u0163ii, iar \u015feful statului i-a cerut de mai multe ori demisia. Pre\u015fedintele Klaus Iohannis \u015fi premierul Viorica D\u0103ncil\u0103 au avut prima \u00eent\u00e2lnire dup\u0103 ce \u00een ultimele luni s-au r\u0103zboit \u00een declara\u0163ii, iar \u015feful statului i-a cerut [&hellip;]<\/p>\n","protected":false},"author":1,"featured_media":0,"comment_status":"open","ping_status":"","sticky":false,"template":"","format":"standard","meta":{"footnotes":""},"categories":[2],"tags":[30],"class_list":["post-332231","post","type-post","status-publish","format-standard","hentry","category-politics","tag-observatornews-ro"],"_links":{"self":[{"href":"https:\/\/analyse.optim.biz\/index.php?rest_route=\/wp\/v2\/posts\/332231","targetHints":{"allow":["GET"]}}],"collection":[{"href":"https:\/\/analyse.optim.biz\/index.php?rest_route=\/wp\/v2\/posts"}],"about":[{"href":"https:\/\/analyse.optim.biz\/index.php?rest_route=\/wp\/v2\/types\/post"}],"author":[{"embeddable":true,"href":"https:\/\/analyse.optim.biz\/index.php?rest_route=\/wp\/v2\/users\/1"}],"replies":[{"embeddable":true,"href":"https:\/\/analyse.optim.biz\/index.php?rest_route=%2Fwp%2Fv2%2Fcomments&post=332231"}],"version-history":[{"count":0,"href":"https:\/\/analyse.optim.biz\/index.php?rest_route=\/wp\/v2\/posts\/332231\/revisions"}],"wp:attachment":[{"href":"https:\/\/analyse.optim.biz\/index.php?rest_route=%2Fwp%2Fv2%2Fmedia&parent=332231"}],"wp:term":[{"taxonomy":"category","embeddable":true,"href":"https:\/\/analyse.optim.biz\/index.php?rest_route=%2Fwp%2Fv2%2Fcategories&post=332231"},{"taxonomy":"post_tag","embeddable":true,"href":"https:\/\/analyse.optim.biz\/index.php?rest_route=%2Fwp%2Fv2%2Ftags&post=332231"}],"curies":[{"name":"wp","href":"https:\/\/api.w.org\/{rel}","templated":true}]}}