{"id":331294,"date":"2018-07-31T16:44:15","date_gmt":"2018-07-31T13:44:15","guid":{"rendered":"https:\/\/analyse.optim.biz\/?p=331294"},"modified":"2018-07-31T16:44:15","modified_gmt":"2018-07-31T13:44:15","slug":"iohannis-a-contestat-codul-administrativ-care-sunt-nemultumirile-presedintelui","status":"publish","type":"post","link":"https:\/\/analyse.optim.biz\/?p=331294","title":{"rendered":"Iohannis a contestat Codul Administrativ. Care sunt nemul\u0163umirile pre\u015fedintelui"},"content":{"rendered":"<div class=\"description\" data-key=\"description\">Pre\u015fedintele Klaus Iohannis a contestat\u00a0Codul Administrativ, proiect adoptat la finalul sesiunii de Parlament. \u015eeful statului este nemul\u0163umit de mai multe articole din lege motiv pentru care a trimis-o Cur\u0163ii Constitu\u0163ionale.<\/div>\n<div class=\"articleBody\" data-key=\"articleBody\">Pre\u015fedintele Klaus Iohannis a contestat\u00a0Codul Administrativ, proiect adoptat la finalul sesiunii de Parlament. \u015eeful statului este nemul\u0163umit de mai multe articole din lege motiv pentru care a trimis-o Cur\u0163ii Constitu\u0163ionale. <\/p>\n<p>Printre nemul\u0163umirile lui Iohannis se num\u0103r\u0103 folosirea limbii maghiare \u00een institu\u0163iile publice, acolo unde num\u0103rul cet\u0103\u0163enilor apar\u0163in\u00e2nd unei minorit\u0103\u0163i nu dep\u0103\u015fe\u015fte pragul de 20%, precum \u015fi folosirea limbii materne \u00een \u015fedin\u0163ele consiilor locale.<\/p>\n<p>De asemenea, pre\u015fedintele contest\u0103 \u015fi pensiile speciale pentru ale\u015fii locali\n<\/p><\/div>\n<p> Source URL: https:\/\/observatornews.ro\/politic\/iohannis-a-contestat-codul-administrativ-263050.html<\/p>\n","protected":false},"excerpt":{"rendered":"<p>Pre\u015fedintele Klaus Iohannis a contestat\u00a0Codul Administrativ, proiect adoptat la finalul sesiunii de Parlament. \u015eeful statului este nemul\u0163umit de mai multe articole din lege motiv pentru care a trimis-o Cur\u0163ii Constitu\u0163ionale. Pre\u015fedintele Klaus Iohannis a contestat\u00a0Codul Administrativ, proiect adoptat la finalul sesiunii de Parlament. \u015eeful statului este nemul\u0163umit de mai multe articole din lege motiv pentru [&hellip;]<\/p>\n","protected":false},"author":1,"featured_media":331295,"comment_status":"open","ping_status":"","sticky":false,"template":"","format":"standard","meta":{"footnotes":""},"categories":[2],"tags":[30],"class_list":["post-331294","post","type-post","status-publish","format-standard","has-post-thumbnail","hentry","category-politics","tag-observatornews-ro"],"_links":{"self":[{"href":"https:\/\/analyse.optim.biz\/index.php?rest_route=\/wp\/v2\/posts\/331294","targetHints":{"allow":["GET"]}}],"collection":[{"href":"https:\/\/analyse.optim.biz\/index.php?rest_route=\/wp\/v2\/posts"}],"about":[{"href":"https:\/\/analyse.optim.biz\/index.php?rest_route=\/wp\/v2\/types\/post"}],"author":[{"embeddable":true,"href":"https:\/\/analyse.optim.biz\/index.php?rest_route=\/wp\/v2\/users\/1"}],"replies":[{"embeddable":true,"href":"https:\/\/analyse.optim.biz\/index.php?rest_route=%2Fwp%2Fv2%2Fcomments&post=331294"}],"version-history":[{"count":0,"href":"https:\/\/analyse.optim.biz\/index.php?rest_route=\/wp\/v2\/posts\/331294\/revisions"}],"wp:featuredmedia":[{"embeddable":true,"href":"https:\/\/analyse.optim.biz\/index.php?rest_route=\/wp\/v2\/media\/331295"}],"wp:attachment":[{"href":"https:\/\/analyse.optim.biz\/index.php?rest_route=%2Fwp%2Fv2%2Fmedia&parent=331294"}],"wp:term":[{"taxonomy":"category","embeddable":true,"href":"https:\/\/analyse.optim.biz\/index.php?rest_route=%2Fwp%2Fv2%2Fcategories&post=331294"},{"taxonomy":"post_tag","embeddable":true,"href":"https:\/\/analyse.optim.biz\/index.php?rest_route=%2Fwp%2Fv2%2Ftags&post=331294"}],"curies":[{"name":"wp","href":"https:\/\/api.w.org\/{rel}","templated":true}]}}