{"id":331292,"date":"2018-07-31T19:12:00","date_gmt":"2018-07-31T16:12:00","guid":{"rendered":"https:\/\/analyse.optim.biz\/?p=331292"},"modified":"2018-07-31T19:12:00","modified_gmt":"2018-07-31T16:12:00","slug":"mihai-fifor-ministerul-apararii-nationale-a-avut-un-protocol-cu-parchetul-general-incheiat-in-2010","status":"publish","type":"post","link":"https:\/\/analyse.optim.biz\/?p=331292","title":{"rendered":"Mihai Fifor: &#8220;Ministerul Ap\u0103r\u0103rii Na\u0163ionale a avut un protocol cu Parchetul General, \u00eencheiat \u00een 2010&#8221;"},"content":{"rendered":"<div class=\"description\" data-key=\"description\">Ministerul Ap\u0103r\u0103rii Na\u0163ionale a avut un protocol cu Parchetul General, \u00eencheiat \u00een 2010, a declarat, mar\u0163i sear\u0103, ministrul Ap\u0103r\u0103rii, Mihai Fifor<\/div>\n<div class=\"articleBody\" data-key=\"articleBody\">Ministerul Ap\u0103r\u0103rii Na\u0163ionale\u00a0a avut un protocol cu Parchetul General, \u00eencheiat \u00een 2010, a declarat, mar\u0163i sear\u0103, ministrul Ap\u0103r\u0103rii, Mihai Fifor. El a spus c\u0103 documentul nu era unul secret \u015fi a fost denun\u0163at imediat ce i-a fost adus la cuno\u015ftin\u0163\u0103.<\/p>\n<p>Fifor a declarat la Antena 3 c\u0103 acest protocol a fost \u00eencheiat \u00eentre MApN \u015fi Parchetul General \u00een 2010, iar el l-a denun\u0163at atunci c\u00e2nd i s-a adus la cuno\u015ftin\u0163\u0103.\u00a0<\/p>\n<p>&#8220;Era un protocol \u00eencheiat cu Parchetul General \u00een 2010. Nu era un document secret, era un document neclasificat pe care l-am denun\u0163at \u00een secunda doi. Noi, ca minister, facem ce ni s-a cerut \u015fi ce trebuie s\u0103 facem, comunic\u0103m premierului&#8221;, a declarat ministrul Ap\u0103r\u0103rii.<\/p>\n<p>Surs\u0103: News.ro\n<\/p><\/div>\n<p> Source URL: https:\/\/observatornews.ro\/politic\/mapn-protocol-cu-parchetul-general-2010-263062.html<\/p>\n","protected":false},"excerpt":{"rendered":"<p>Ministerul Ap\u0103r\u0103rii Na\u0163ionale a avut un protocol cu Parchetul General, \u00eencheiat \u00een 2010, a declarat, mar\u0163i sear\u0103, ministrul Ap\u0103r\u0103rii, Mihai Fifor Ministerul Ap\u0103r\u0103rii Na\u0163ionale\u00a0a avut un protocol cu Parchetul General, \u00eencheiat \u00een 2010, a declarat, mar\u0163i sear\u0103, ministrul Ap\u0103r\u0103rii, Mihai Fifor. El a spus c\u0103 documentul nu era unul secret \u015fi a fost denun\u0163at imediat [&hellip;]<\/p>\n","protected":false},"author":1,"featured_media":331293,"comment_status":"open","ping_status":"","sticky":false,"template":"","format":"standard","meta":{"footnotes":""},"categories":[2],"tags":[30],"class_list":["post-331292","post","type-post","status-publish","format-standard","has-post-thumbnail","hentry","category-politics","tag-observatornews-ro"],"_links":{"self":[{"href":"https:\/\/analyse.optim.biz\/index.php?rest_route=\/wp\/v2\/posts\/331292","targetHints":{"allow":["GET"]}}],"collection":[{"href":"https:\/\/analyse.optim.biz\/index.php?rest_route=\/wp\/v2\/posts"}],"about":[{"href":"https:\/\/analyse.optim.biz\/index.php?rest_route=\/wp\/v2\/types\/post"}],"author":[{"embeddable":true,"href":"https:\/\/analyse.optim.biz\/index.php?rest_route=\/wp\/v2\/users\/1"}],"replies":[{"embeddable":true,"href":"https:\/\/analyse.optim.biz\/index.php?rest_route=%2Fwp%2Fv2%2Fcomments&post=331292"}],"version-history":[{"count":0,"href":"https:\/\/analyse.optim.biz\/index.php?rest_route=\/wp\/v2\/posts\/331292\/revisions"}],"wp:featuredmedia":[{"embeddable":true,"href":"https:\/\/analyse.optim.biz\/index.php?rest_route=\/wp\/v2\/media\/331293"}],"wp:attachment":[{"href":"https:\/\/analyse.optim.biz\/index.php?rest_route=%2Fwp%2Fv2%2Fmedia&parent=331292"}],"wp:term":[{"taxonomy":"category","embeddable":true,"href":"https:\/\/analyse.optim.biz\/index.php?rest_route=%2Fwp%2Fv2%2Fcategories&post=331292"},{"taxonomy":"post_tag","embeddable":true,"href":"https:\/\/analyse.optim.biz\/index.php?rest_route=%2Fwp%2Fv2%2Ftags&post=331292"}],"curies":[{"name":"wp","href":"https:\/\/api.w.org\/{rel}","templated":true}]}}