{"id":329984,"date":"2018-08-19T09:05:00","date_gmt":"2018-08-19T06:05:00","guid":{"rendered":"https:\/\/analyse.optim.biz\/?p=329984"},"modified":"2018-08-19T09:05:00","modified_gmt":"2018-08-19T06:05:00","slug":"ministrul-apararii-sustine-ca-dan-nica-a-fost-amenintat-cu-moartea-dupa-ce-a-propus-infiintarea-unei-comisii-de-ancheta-privind-violentele-din-10-august","status":"publish","type":"post","link":"https:\/\/analyse.optim.biz\/?p=329984","title":{"rendered":"Ministrul Ap\u0103r\u0103rii sus\u021bine c\u0103 Dan Nica a fost amenin\u021bat cu moartea dup\u0103 ce a propus\u00a0\u00eenfiin\u0163area unei comisii de anchet\u0103 privind violen\u021bele din 10 august"},"content":{"rendered":"<div class=\"description\" data-key=\"description\">Ministrul Ap\u0103r\u0103rii Mihai Fifor sus\u0163ine c\u0103\u00a0europarlamentarului Dan Nica ar fi primit amenin\u021b\u0103ri cu moartea dup\u0103 ce a propus\u00a0\u00eenfiin\u0163area unei comisii parlamentare de anchet\u0103 privind evenimentele din 10 august.<\/div>\n<div class=\"articleBody\" data-key=\"articleBody\">Ministrul Ap\u0103r\u0103rii Mihai Fifor sus\u0163ine c\u0103\u00a0europarlamentarului Dan Nica ar fi primit amenin\u021b\u0103ri cu moartea dup\u0103 ce a propus\u00a0\u00eenfiin\u0163area unei comisii parlamentare de anchet\u0103 privind evenimentele din 10 august.<\/p>\n<p>Fifor spune c\u0103 sus\u021bine propunerea lui Nica.<\/p>\n<p>&#8220;Ieri, \u015fi sus\u0163in cu t\u0103rie aceast\u0103 propunere, colegul nostru, europarlamentarul Dan Nica, a solicitat constituirea unei comisii parlamentare de anchet\u0103 pentru analizarea evenimentelor din 10 august. Pentru asta a fost amenin\u0163at cu moartea. Nu este singurul membru PSD care prime\u015fte astfel de amenin\u0163\u0103ri \u015fi nu putem permite perpetuarea \u015fi accentuarea politicii iresponsabile de fracturare a societ\u0103\u0163ii rom\u00e2ne\u015fti.<\/p>\n<p>De aceea, aceast\u0103 comisie trebuie constituit\u0103 de \u00eendat\u0103. Guvernele se schimb\u0103 de c\u0103tre majorit\u0103\u0163i parlamentare rezultate \u00een urma votului democratic \u015fi nu prin violen\u0163e puse la cale \u00een strad\u0103&#8221;, afirm\u0103 Fifor \u00eentr-o postare pe Facebook.<\/p>\n<p>El afirm\u0103 c\u0103 de\u015fi protestul din 10 august a fost anun\u0163at ca fiind unul al diasporei, nimeni nu \u015fi-a asumat organizarea lui, \u00een opinia sa motivul fiind acela &#8220;c\u0103 el urma s\u0103 se termine \u00een violen\u0163e&#8221;.<\/p>\n<p>&#8220;Despre aceast\u0103 evolu\u0163ie a lucrurilor au vorbit mai mul\u0163i sus\u0163in\u0103tori ai Opozi\u0163iei politice, dar \u015fi reprezentan\u0163i ai\u00a0#Rezist. Nu are rost s\u0103 aducem dovezi, este plin internetul de aten\u0163ion\u0103ri prin care participan\u0163ii la miting erau sf\u0103tui\u0163i s\u0103 nu vin\u0103 cu copiii \u00een Pia\u0163\u0103, dar \u015fi de chem\u0103ri la violen\u0163e, respectiv la r\u0103sturnarea puterii politice legitime&#8221;, afirm\u0103 Fifor.<\/p>\n<p>Liderul europarlamentarilor PSD Dan Nica cere \u00eenfiin\u0163area unei comisii parlamentare de anchet\u0103 pentru declara\u0163iile pre\u015fedintelui Klaus Iohannis referitoare la proteste, spun\u00e2nd c\u0103 acesta a f\u0103cut acuza\u0163ii dure la adresa Jandarmeriei, f\u0103r\u0103 s\u0103 aib\u0103 dovezi.<\/p>\n<p>Nica sus\u0163ine c\u0103 \u015feful statului nu este interesat de stingerea conflictelor din societate, ci vrea escaldarea lor pentru c\u00e2\u015ftiguri electorale.<\/p>\n<p>INFORMARESet\u0103rile tale privind cookie-urile nu permit afi\u0219area con\u021binutului din aceast\u0103 zon\u0103. E necesar s\u0103 accep\u021bi cookie-urile social media pentru afisarea acestui tip de con\u021binut. Modific\u0103 set\u0103rile\n<\/p><\/div>\n<p> Source URL: https:\/\/observatornews.ro\/politic\/mihai-fifor-dan-nica-a-fost-amenintat-cu-moartea-265101.html<\/p>\n","protected":false},"excerpt":{"rendered":"<p>Ministrul Ap\u0103r\u0103rii Mihai Fifor sus\u0163ine c\u0103\u00a0europarlamentarului Dan Nica ar fi primit amenin\u021b\u0103ri cu moartea dup\u0103 ce a propus\u00a0\u00eenfiin\u0163area unei comisii parlamentare de anchet\u0103 privind evenimentele din 10 august. Ministrul Ap\u0103r\u0103rii Mihai Fifor sus\u0163ine c\u0103\u00a0europarlamentarului Dan Nica ar fi primit amenin\u021b\u0103ri cu moartea dup\u0103 ce a propus\u00a0\u00eenfiin\u0163area unei comisii parlamentare de anchet\u0103 privind evenimentele din 10 [&hellip;]<\/p>\n","protected":false},"author":1,"featured_media":329985,"comment_status":"open","ping_status":"","sticky":false,"template":"","format":"standard","meta":{"footnotes":""},"categories":[2],"tags":[30],"class_list":["post-329984","post","type-post","status-publish","format-standard","has-post-thumbnail","hentry","category-politics","tag-observatornews-ro"],"_links":{"self":[{"href":"https:\/\/analyse.optim.biz\/index.php?rest_route=\/wp\/v2\/posts\/329984","targetHints":{"allow":["GET"]}}],"collection":[{"href":"https:\/\/analyse.optim.biz\/index.php?rest_route=\/wp\/v2\/posts"}],"about":[{"href":"https:\/\/analyse.optim.biz\/index.php?rest_route=\/wp\/v2\/types\/post"}],"author":[{"embeddable":true,"href":"https:\/\/analyse.optim.biz\/index.php?rest_route=\/wp\/v2\/users\/1"}],"replies":[{"embeddable":true,"href":"https:\/\/analyse.optim.biz\/index.php?rest_route=%2Fwp%2Fv2%2Fcomments&post=329984"}],"version-history":[{"count":0,"href":"https:\/\/analyse.optim.biz\/index.php?rest_route=\/wp\/v2\/posts\/329984\/revisions"}],"wp:featuredmedia":[{"embeddable":true,"href":"https:\/\/analyse.optim.biz\/index.php?rest_route=\/wp\/v2\/media\/329985"}],"wp:attachment":[{"href":"https:\/\/analyse.optim.biz\/index.php?rest_route=%2Fwp%2Fv2%2Fmedia&parent=329984"}],"wp:term":[{"taxonomy":"category","embeddable":true,"href":"https:\/\/analyse.optim.biz\/index.php?rest_route=%2Fwp%2Fv2%2Fcategories&post=329984"},{"taxonomy":"post_tag","embeddable":true,"href":"https:\/\/analyse.optim.biz\/index.php?rest_route=%2Fwp%2Fv2%2Ftags&post=329984"}],"curies":[{"name":"wp","href":"https:\/\/api.w.org\/{rel}","templated":true}]}}