{"id":329982,"date":"2018-08-19T15:33:00","date_gmt":"2018-08-19T12:33:00","guid":{"rendered":"https:\/\/analyse.optim.biz\/?p=329982"},"modified":"2018-08-19T15:33:00","modified_gmt":"2018-08-19T12:33:00","slug":"carmen-dan-concluziile-raportului-despre-violentele-din-10-august-din-piata-victoriei","status":"publish","type":"post","link":"https:\/\/analyse.optim.biz\/?p=329982","title":{"rendered":"Carmen Dan, concluziile raportului despre violen\u0163ele din 10 august, din Pia\u0163a Victoriei"},"content":{"rendered":"<div class=\"description\" data-key=\"description\">Ministrul Afacerilor Interne, Carmen Dan, va sus\u0163ine o declara\u0163ie de pres\u0103 av\u00e2nd ca tem\u0103 evenimentele de la manifesta\u0163iile din data de 10 august.<\/div>\n<div class=\"articleBody\" data-key=\"articleBody\">Ministrul Afacerilor Interne, Carmen Dan, va sus\u0163ine o declara\u0163ie de pres\u0103 av\u00e2nd ca tem\u0103 evenimentele de la manifesta\u0163iile din data de 10 august.<\/p>\n<p>Actualizare: Carmen Dan a precizat c\u0103, dac\u0103 i se va solicita, va prezenta documentul \u00een comisiile parlamentare dre ap\u0103rare \u015fi \u00een CSAT.<\/p>\n<p>Ministrul a precizat c\u0103 p\u00e2n\u0103 la aceast\u0103 or\u0103 nu a fost invitat\u0103 la Comisiile de ap\u0103rare, \u00eens\u0103, dac\u0103 va primi o astfel de invita\u0163ie, \u00eei va da curs.<\/p>\n<p>Actualizare: \u201eVreau s\u0103 fie foarte clar, acest raport nu are rolul de a stabili vinov\u0103\u021bii. \u00cencep prin a prezenta scuzele mele tuturor celor care au avut de suferit \u00een urma violentelor. Nu am nicio ezitare s\u0103 prezint acest raport comisiilor din Parlament, dac\u0103 acest lucru \u00eemi va fi solicitat. vom \u00eencepe \u0219i vom merge la Parchete \u0219i cu alte inform\u0103ri \u0219i observa\u021bii\u201d, a spus Carmen Dan.\u00a0<\/p>\n<p>Ministrul de Interne Carmen Dan a prezentat \u015fi c\u00e2teva\u00a0date din raportul privind violen\u0163ele din 10 august din Pia\u0163a Victoriei, din care rezult\u0103 c\u0103 au fost deschise 21 de dosare penale, trei cu autor necunoscut, fiind identificate cinci cazuri de abuzuri \u00eempotriva unor persoane care nu erau vioente.\u00a0<\/p>\n<p>Carmen Dan a cerut scuze tuturor celor care au avut de suferit \u00een urma incvidentelor violente din Pia\u0163a Victoriei.<\/p>\n<p>Declara\u0163ia\u00a0sus\u0163inut\u0103 la sediul Ministerului Afacerilor Interne, este programat\u0103 \u00eencep\u00e2nd cu ora 19:00, informeaz\u0103 Direc\u0163ia Informare \u015fi Rela\u0163ii Publice a MAI.\n<\/p><\/div>\n<p> Source URL: https:\/\/observatornews.ro\/politic\/carmen-dan-conferinta-violente-10-august-265133.html<\/p>\n","protected":false},"excerpt":{"rendered":"<p>Ministrul Afacerilor Interne, Carmen Dan, va sus\u0163ine o declara\u0163ie de pres\u0103 av\u00e2nd ca tem\u0103 evenimentele de la manifesta\u0163iile din data de 10 august. Ministrul Afacerilor Interne, Carmen Dan, va sus\u0163ine o declara\u0163ie de pres\u0103 av\u00e2nd ca tem\u0103 evenimentele de la manifesta\u0163iile din data de 10 august. Actualizare: Carmen Dan a precizat c\u0103, dac\u0103 i se [&hellip;]<\/p>\n","protected":false},"author":1,"featured_media":329983,"comment_status":"open","ping_status":"","sticky":false,"template":"","format":"standard","meta":{"footnotes":""},"categories":[2],"tags":[30],"class_list":["post-329982","post","type-post","status-publish","format-standard","has-post-thumbnail","hentry","category-politics","tag-observatornews-ro"],"_links":{"self":[{"href":"https:\/\/analyse.optim.biz\/index.php?rest_route=\/wp\/v2\/posts\/329982","targetHints":{"allow":["GET"]}}],"collection":[{"href":"https:\/\/analyse.optim.biz\/index.php?rest_route=\/wp\/v2\/posts"}],"about":[{"href":"https:\/\/analyse.optim.biz\/index.php?rest_route=\/wp\/v2\/types\/post"}],"author":[{"embeddable":true,"href":"https:\/\/analyse.optim.biz\/index.php?rest_route=\/wp\/v2\/users\/1"}],"replies":[{"embeddable":true,"href":"https:\/\/analyse.optim.biz\/index.php?rest_route=%2Fwp%2Fv2%2Fcomments&post=329982"}],"version-history":[{"count":0,"href":"https:\/\/analyse.optim.biz\/index.php?rest_route=\/wp\/v2\/posts\/329982\/revisions"}],"wp:featuredmedia":[{"embeddable":true,"href":"https:\/\/analyse.optim.biz\/index.php?rest_route=\/wp\/v2\/media\/329983"}],"wp:attachment":[{"href":"https:\/\/analyse.optim.biz\/index.php?rest_route=%2Fwp%2Fv2%2Fmedia&parent=329982"}],"wp:term":[{"taxonomy":"category","embeddable":true,"href":"https:\/\/analyse.optim.biz\/index.php?rest_route=%2Fwp%2Fv2%2Fcategories&post=329982"},{"taxonomy":"post_tag","embeddable":true,"href":"https:\/\/analyse.optim.biz\/index.php?rest_route=%2Fwp%2Fv2%2Ftags&post=329982"}],"curies":[{"name":"wp","href":"https:\/\/api.w.org\/{rel}","templated":true}]}}