{"id":329980,"date":"2018-08-19T16:24:30","date_gmt":"2018-08-19T13:24:30","guid":{"rendered":"https:\/\/analyse.optim.biz\/?p=329980"},"modified":"2018-08-19T16:24:30","modified_gmt":"2018-08-19T13:24:30","slug":"carmen-dan-explicatii-dupa-violentele-din-10-august-au-fost-identificate-abuzuri-din-partea-jandarmilor","status":"publish","type":"post","link":"https:\/\/analyse.optim.biz\/?p=329980","title":{"rendered":"Carmen Dan, explica\u021bii dup\u0103 violen\u0163ele din 10 august: \u201eAu fost identificate abuzuri din partea jandarmilor\u201d"},"content":{"rendered":"<div class=\"description\" data-key=\"description\">Ministrul de Interne, Carmen Dan, \u0219i-a expus public scuzele \u0219i a dat explica\u021bii pentru incidentele de la protest.<\/div>\n<div class=\"articleBody\" data-key=\"articleBody\">Ministrul de Interne, Carmen Dan, \u0219i-a expus public scuzele \u0219i a dat explica\u021bii pentru incidentele de la protest.<\/p>\n<p>Ministrul de Interne Carmen Dan a prezentat duminic\u0103 date din raportul privind violen\u0163ele din 10 august din Pia\u0163a Victoriei, din care rezult\u0103 c\u0103 au fost deschise 21 de dosare penale, trei cu autor necunoscut, fiind identificate cinci cazuri de abuzuri \u00eempotriva unor persoane care nu erau vioente.<\/p>\n<p>Carmen Dan a cerut scuze tuturor celor care au avut de suferit \u00een urma evenimentelor.<\/p>\n<p>Cei care acuz\u0103 modul \u00een care s-a desf\u0103\u015furat mitingul din 10 august din Pia\u0163a Victoriei \u015fi interven\u0163ia \u00een for\u0163\u0103 a jandarmilor pentru restabilirea ordinii trebuie s\u0103 accepte c\u0103 acestea au fost determinate de ac\u0163iunile violente ale unora dintre protestatari, spune ministrul Afacerilor Interne, Carmen Dan.\u00a0\n<\/p><\/div>\n<p> Source URL: https:\/\/observatornews.ro\/politic\/carmen-dan-explicatii-violente-265143.html<\/p>\n","protected":false},"excerpt":{"rendered":"<p>Ministrul de Interne, Carmen Dan, \u0219i-a expus public scuzele \u0219i a dat explica\u021bii pentru incidentele de la protest. Ministrul de Interne, Carmen Dan, \u0219i-a expus public scuzele \u0219i a dat explica\u021bii pentru incidentele de la protest. Ministrul de Interne Carmen Dan a prezentat duminic\u0103 date din raportul privind violen\u0163ele din 10 august din Pia\u0163a Victoriei, [&hellip;]<\/p>\n","protected":false},"author":1,"featured_media":329981,"comment_status":"open","ping_status":"","sticky":false,"template":"","format":"standard","meta":{"footnotes":""},"categories":[2],"tags":[30],"class_list":["post-329980","post","type-post","status-publish","format-standard","has-post-thumbnail","hentry","category-politics","tag-observatornews-ro"],"_links":{"self":[{"href":"https:\/\/analyse.optim.biz\/index.php?rest_route=\/wp\/v2\/posts\/329980","targetHints":{"allow":["GET"]}}],"collection":[{"href":"https:\/\/analyse.optim.biz\/index.php?rest_route=\/wp\/v2\/posts"}],"about":[{"href":"https:\/\/analyse.optim.biz\/index.php?rest_route=\/wp\/v2\/types\/post"}],"author":[{"embeddable":true,"href":"https:\/\/analyse.optim.biz\/index.php?rest_route=\/wp\/v2\/users\/1"}],"replies":[{"embeddable":true,"href":"https:\/\/analyse.optim.biz\/index.php?rest_route=%2Fwp%2Fv2%2Fcomments&post=329980"}],"version-history":[{"count":0,"href":"https:\/\/analyse.optim.biz\/index.php?rest_route=\/wp\/v2\/posts\/329980\/revisions"}],"wp:featuredmedia":[{"embeddable":true,"href":"https:\/\/analyse.optim.biz\/index.php?rest_route=\/wp\/v2\/media\/329981"}],"wp:attachment":[{"href":"https:\/\/analyse.optim.biz\/index.php?rest_route=%2Fwp%2Fv2%2Fmedia&parent=329980"}],"wp:term":[{"taxonomy":"category","embeddable":true,"href":"https:\/\/analyse.optim.biz\/index.php?rest_route=%2Fwp%2Fv2%2Fcategories&post=329980"},{"taxonomy":"post_tag","embeddable":true,"href":"https:\/\/analyse.optim.biz\/index.php?rest_route=%2Fwp%2Fv2%2Ftags&post=329980"}],"curies":[{"name":"wp","href":"https:\/\/api.w.org\/{rel}","templated":true}]}}