{"id":329890,"date":"2018-08-20T05:56:22","date_gmt":"2018-08-20T02:56:22","guid":{"rendered":"https:\/\/analyse.optim.biz\/?p=329890"},"modified":"2018-08-20T05:56:22","modified_gmt":"2018-08-20T02:56:22","slug":"carmen-dan-primul-raport-dupa-protestul-din-10-august-jandarmii-au-actionat-defensiv-in-piata-victoriei","status":"publish","type":"post","link":"https:\/\/analyse.optim.biz\/?p=329890","title":{"rendered":"Carmen Dan, primul raport dup\u0103 protestul din 10 august: Jandarmii au ac\u0163ionat defensiv \u00een Pia\u0163a Victoriei"},"content":{"rendered":"<div class=\"description\" data-key=\"description\">Jandarmii au ac\u0163ionat defensiv \u00eenc\u0103 de la \u00eenceputul protestelor. Au fost identificate sute de persoane care au comis violen\u0163e, \u00een schimb &#8211; doar cinci situa\u0163ii \u00een care for\u0163ele de ordine au comis abuzuri.<\/div>\n<div class=\"articleBody\" data-key=\"articleBody\">Jandarmii au ac\u0163ionat defensiv \u00eenc\u0103 de la \u00eenceputul protestelor. Au fost identificate sute de persoane care au comis violen\u0163e, \u00een schimb &#8211; doar cinci situa\u0163ii \u00een care for\u0163ele de ordine au comis abuzuri.<\/p>\n<p>La peste o s\u0103pt\u0103m\u00e2na de la evenimentele din Pia\u0163a Victoriei, ministrul de Interne Carmen Dan a ie\u015fit cu concluziile raportului. P\u00e2n\u0103 acum, 21 de dosare penale au fost deschise, iar trei persoane au fost arestate.<\/p>\n<p>For\u0163ele de ordine nu au avut informa\u0163ii c\u0103 \u00een pia\u021b\u0103 sunt \u015fi indivizi cu preg\u0103tire paramilitar\u0103, care au avut un plan bine stabilit.<\/p>\n<p>Ministrul neag\u0103 acuza\u0163iile conform c\u0103rora ar fi condus opera\u0163iunea Jandarmeriei. De asemenea, Carmen Dan \u015fi-a cerut scuze celor care au fost r\u0103ni\u0163i \u00een urma violen\u0163elor.\u00a0\n<\/p><\/div>\n<p> Source URL: https:\/\/observatornews.ro\/politic\/carmen-dan-10-august-jandarmi-piata-victoriei-265167.html<\/p>\n","protected":false},"excerpt":{"rendered":"<p>Jandarmii au ac\u0163ionat defensiv \u00eenc\u0103 de la \u00eenceputul protestelor. Au fost identificate sute de persoane care au comis violen\u0163e, \u00een schimb &#8211; doar cinci situa\u0163ii \u00een care for\u0163ele de ordine au comis abuzuri. Jandarmii au ac\u0163ionat defensiv \u00eenc\u0103 de la \u00eenceputul protestelor. Au fost identificate sute de persoane care au comis violen\u0163e, \u00een schimb &#8211; [&hellip;]<\/p>\n","protected":false},"author":1,"featured_media":329891,"comment_status":"open","ping_status":"","sticky":false,"template":"","format":"standard","meta":{"footnotes":""},"categories":[2],"tags":[30],"class_list":["post-329890","post","type-post","status-publish","format-standard","has-post-thumbnail","hentry","category-politics","tag-observatornews-ro"],"_links":{"self":[{"href":"https:\/\/analyse.optim.biz\/index.php?rest_route=\/wp\/v2\/posts\/329890","targetHints":{"allow":["GET"]}}],"collection":[{"href":"https:\/\/analyse.optim.biz\/index.php?rest_route=\/wp\/v2\/posts"}],"about":[{"href":"https:\/\/analyse.optim.biz\/index.php?rest_route=\/wp\/v2\/types\/post"}],"author":[{"embeddable":true,"href":"https:\/\/analyse.optim.biz\/index.php?rest_route=\/wp\/v2\/users\/1"}],"replies":[{"embeddable":true,"href":"https:\/\/analyse.optim.biz\/index.php?rest_route=%2Fwp%2Fv2%2Fcomments&post=329890"}],"version-history":[{"count":0,"href":"https:\/\/analyse.optim.biz\/index.php?rest_route=\/wp\/v2\/posts\/329890\/revisions"}],"wp:featuredmedia":[{"embeddable":true,"href":"https:\/\/analyse.optim.biz\/index.php?rest_route=\/wp\/v2\/media\/329891"}],"wp:attachment":[{"href":"https:\/\/analyse.optim.biz\/index.php?rest_route=%2Fwp%2Fv2%2Fmedia&parent=329890"}],"wp:term":[{"taxonomy":"category","embeddable":true,"href":"https:\/\/analyse.optim.biz\/index.php?rest_route=%2Fwp%2Fv2%2Fcategories&post=329890"},{"taxonomy":"post_tag","embeddable":true,"href":"https:\/\/analyse.optim.biz\/index.php?rest_route=%2Fwp%2Fv2%2Ftags&post=329890"}],"curies":[{"name":"wp","href":"https:\/\/api.w.org\/{rel}","templated":true}]}}