{"id":329888,"date":"2018-08-20T12:00:00","date_gmt":"2018-08-20T09:00:00","guid":{"rendered":"https:\/\/analyse.optim.biz\/?p=329888"},"modified":"2018-08-20T12:00:00","modified_gmt":"2018-08-20T09:00:00","slug":"usr-vrea-declasificarea-raportului-prezentat-de-carmen-dan-in-24-de-ore","status":"publish","type":"post","link":"https:\/\/analyse.optim.biz\/?p=329888","title":{"rendered":"USR vrea declasificarea raportului prezentat de Carmen Dan, \u00een 24 de ore"},"content":{"rendered":"<div class=\"description\" data-key=\"description\">USR solicit\u0103 declasificarea raportului prezentat de Carmen Dan, \u00een 24 de ore, anun\u0163\u00e2nd c\u0103, \u00een caz contrar, va ataca \u00een instan\u0163a decizia.\u00a0<\/div>\n<div class=\"articleBody\" data-key=\"articleBody\">USR solicit\u0103 declasificarea raportului prezentat de Carmen Dan, \u00een 24 de ore, anun\u0163\u00e2nd c\u0103, \u00een caz contrar, va ataca \u00een instan\u0163a decizia.\u00a0<\/p>\n<p>\u015eeful USR spune c\u0103 ministrul de Interne a fugit de la conferin\u0163a de pres\u0103 de duminic\u0103, pentru a nu r\u0103spunde \u00eentreb\u0103rilor jurnali\u015ftilor, dar va avea trebui s\u0103 r\u0103spund\u0103 mar\u0163i, \u00een fa\u0163a comisiei de ap\u0103rar din Parlament.<\/p>\n<p>USR mai spune c\u0103 ministrul de Interne va trebui s\u0103 explice de ce \u015fi-a \u00eentrerupt concediul \u015fi a mers la sediul MAI \u00een seara de 10 august, dac\u0103 nu a influen\u0163at \u00een vreun fel modul de interven\u0163ie a Jandarmeriei Rom\u00e2ne la protestul diasporei, a\u015fa cum sus\u0163ine.<\/p>\n<p>USR cere declasificarea de urgen\u0163\u0103 a raportului prezentat de Carmen Dan, \u00een termen de 24 de ore, spun\u00e2nd c\u0103 \u00een caz contrar va ataca decizia \u00een instan\u0163\u0103.<\/p>\n<p>Cei care acuz\u0103 modul \u00een care s-a desf\u0103\u015furat mitingul din 10 august din Pia\u0163a Victoriei \u015fi interven\u0163ia \u00een for\u0163\u0103 a jandarmilor pentru restabilirea ordinii trebuie s\u0103 accepte c\u0103 acestea au fost determinate de ac\u0163iunile violente ale unora dintre protestatari, a sus\u0163inut ministrul Afacerilor Interne, Carmen Dan. Ea a prezentat duminic\u0103, \u00eentr-o declara\u0163ie de pres\u0103, cronologia protestului din 10 august, c\u00e2nd au avut loc incidente violente \u00eentre protestatari \u015fi for\u0163ele de ordine, \u00een urma c\u0103rora sute de persoane au avut nevoie de \u00eengrijiri medicale, \u015fi a atras aten\u0163ia c\u0103 protestatarii pa\u015fnici au avut de suferit inclusiv din cauza faptului c\u0103 au fost \u201ereticen\u0163i\u201d \u00een a se delimita de manifestan\u0163ii violen\u0163i.<\/p>\n<p>Carmen Dan\u00a0a prezentat duminic\u0103 date din raportul privind violen\u0163ele din 10 august din Pia\u0163a Victoriei, din care rezult\u0103 c\u0103 au fost deschise 21 de dosare penale, trei cu autor necunoscut, fiind identificate cinci cazuri de abuzuri \u00eempotriva unor persoane care nu erau vioente. Ministrul a cerut scuze tuturor celor care au avut de suferit \u00een urma evenimentelor.<\/p>\n<p>Surs\u0103: News.ro\n<\/p><\/div>\n<p> Source URL: https:\/\/observatornews.ro\/politic\/usr-cere-declasificare-raport-carmen-dan-interventie-jandarmerie-protest-265229.html<\/p>\n","protected":false},"excerpt":{"rendered":"<p>USR solicit\u0103 declasificarea raportului prezentat de Carmen Dan, \u00een 24 de ore, anun\u0163\u00e2nd c\u0103, \u00een caz contrar, va ataca \u00een instan\u0163a decizia.\u00a0 USR solicit\u0103 declasificarea raportului prezentat de Carmen Dan, \u00een 24 de ore, anun\u0163\u00e2nd c\u0103, \u00een caz contrar, va ataca \u00een instan\u0163a decizia.\u00a0 \u015eeful USR spune c\u0103 ministrul de Interne a fugit de la [&hellip;]<\/p>\n","protected":false},"author":1,"featured_media":329889,"comment_status":"open","ping_status":"","sticky":false,"template":"","format":"standard","meta":{"footnotes":""},"categories":[2],"tags":[30],"class_list":["post-329888","post","type-post","status-publish","format-standard","has-post-thumbnail","hentry","category-politics","tag-observatornews-ro"],"_links":{"self":[{"href":"https:\/\/analyse.optim.biz\/index.php?rest_route=\/wp\/v2\/posts\/329888","targetHints":{"allow":["GET"]}}],"collection":[{"href":"https:\/\/analyse.optim.biz\/index.php?rest_route=\/wp\/v2\/posts"}],"about":[{"href":"https:\/\/analyse.optim.biz\/index.php?rest_route=\/wp\/v2\/types\/post"}],"author":[{"embeddable":true,"href":"https:\/\/analyse.optim.biz\/index.php?rest_route=\/wp\/v2\/users\/1"}],"replies":[{"embeddable":true,"href":"https:\/\/analyse.optim.biz\/index.php?rest_route=%2Fwp%2Fv2%2Fcomments&post=329888"}],"version-history":[{"count":0,"href":"https:\/\/analyse.optim.biz\/index.php?rest_route=\/wp\/v2\/posts\/329888\/revisions"}],"wp:featuredmedia":[{"embeddable":true,"href":"https:\/\/analyse.optim.biz\/index.php?rest_route=\/wp\/v2\/media\/329889"}],"wp:attachment":[{"href":"https:\/\/analyse.optim.biz\/index.php?rest_route=%2Fwp%2Fv2%2Fmedia&parent=329888"}],"wp:term":[{"taxonomy":"category","embeddable":true,"href":"https:\/\/analyse.optim.biz\/index.php?rest_route=%2Fwp%2Fv2%2Fcategories&post=329888"},{"taxonomy":"post_tag","embeddable":true,"href":"https:\/\/analyse.optim.biz\/index.php?rest_route=%2Fwp%2Fv2%2Ftags&post=329888"}],"curies":[{"name":"wp","href":"https:\/\/api.w.org\/{rel}","templated":true}]}}