{"id":326090,"date":"2018-09-17T15:28:00","date_gmt":"2018-09-17T12:28:00","guid":{"rendered":"https:\/\/analyse.optim.biz\/?p=326090"},"modified":"2018-09-17T15:28:00","modified_gmt":"2018-09-17T12:28:00","slug":"liviu-dragnea-mesaj-pentru-contestatarii-sai-din-partid-functia-de-presedinte-psd-nu-se-ia-cu-japca","status":"publish","type":"post","link":"https:\/\/analyse.optim.biz\/?p=326090","title":{"rendered":"Liviu Dragnea, mesaj pentru contestatarii s\u0103i din partid: &#8216;Func\u0163ia de pre\u015fedinte PSD nu se ia cu japca&#8217;"},"content":{"rendered":"<div class=\"description\" data-key=\"description\">Pre\u015fedintele PSD, Liviu Dragnea, a declarat, fiind \u00eentrebat despre contestatarii s\u0103i din partid, c\u0103 \u201dfunc\u0163ia de pre\u015fedinte al PSD nu se ia cu japca\u201d \u015fi a precizat c\u0103 va decide \u00een c\u00e2teva zile \u00een privin\u0163a convoc\u0103rii Comitetului Executiv.<\/div>\n<div class=\"articleBody\" data-key=\"articleBody\">Pre\u015fedintele PSD, Liviu Dragnea, a declarat, fiind \u00eentrebat despre contestatarii s\u0103i din partid, c\u0103 \u201dfunc\u0163ia de pre\u015fedinte al PSD nu se ia cu japca\u201d \u015fi a precizat c\u0103 va decide \u00een c\u00e2teva zile \u00een privin\u0163a convoc\u0103rii Comitetului Executiv.<\/p>\n<p>\u00centrebat de jurnali\u015fti dac\u0103 este dispus s\u0103 fac\u0103 un pas \u00een spate dac\u0103 i se va cere acest lucru, Liviu Dragnea a r\u0103spuns:\u00a0\u201dPe mine m\u0103 intereseaz\u0103 s\u0103 ducem la cap\u0103t programul de guvernare, nu mofturile unora sau altora \u015fi nici temele impuse de Iohannis\u201d.<\/p>\n<p>\u00centrebat, de asemenea, dac\u0103 func\u0163ia de pre\u015fedinte se d\u0103 sau se c\u00e2\u015ftig\u0103, Dragnea a replicat: \u201dFunc\u0163ia de pre\u015fedinte al partidului nu se ia cu japca. Se ia prin vot masiv \u015fi nu po\u0163i s-o tranzac\u0163ionezi ca la pia\u0163\u0103\u201d.<\/p>\n<p>\u00centrebat dac\u0103 ar trebui convocat un Comitet Executiv Na\u0163ional, liderul PSD a spus c\u0103 a vorbit cu foarte mul\u0163i colegi, va mai discuta luni \u015fi mar\u0163i, apoi va decide.<\/p>\n<p>Fostul premier Mihai Tudose a r\u0103spuns ironic luni \u00eentreb\u0103rilor privind existen\u0163a scrisorii a peste 20 de lideri PSD care ar dori schimbarea lui Liviu Dragnea de la conducerea partidului, spun\u00e2nd c\u0103 nu po\u0163i afirma c\u0103 nu exist\u0103 Declara\u0163ia de independen\u0163\u0103 a Statelor Unite pentru c\u0103 nu ai v\u0103zut-o.\u201dUnii au sus\u0163inut c\u0103 nu exist\u0103, c\u0103 ei nu au v\u0103zut-o. Dumnezeule, dumneavoastr\u0103 a\u0163i v\u0103zut, a\u0163i semnat Declara\u0163ia de independen\u0163\u0103 a Statelor Unite? Nu. Exist\u0103 totu\u015fi, nu?\u201d, le-a spus Mihai Tudose jurnali\u015ftilor. Fostul premier a precizat c\u0103 el nu a semnat acea scrisoare.<\/p>\n<p>Potrivit unor surse din partid, peste 20 de lideri PSD ar fi semnat o scrisoare prin care se urm\u0103re\u015fte schimbarea lui Dragnea de la conducerea partidului, scrie News.ro.\n<\/p><\/div>\n<p> Source URL: https:\/\/observatornews.ro\/politic\/liviu-dragnea-contestatari-functia-presedinte-psd-japca-268530.html<\/p>\n","protected":false},"excerpt":{"rendered":"<p>Pre\u015fedintele PSD, Liviu Dragnea, a declarat, fiind \u00eentrebat despre contestatarii s\u0103i din partid, c\u0103 \u201dfunc\u0163ia de pre\u015fedinte al PSD nu se ia cu japca\u201d \u015fi a precizat c\u0103 va decide \u00een c\u00e2teva zile \u00een privin\u0163a convoc\u0103rii Comitetului Executiv. Pre\u015fedintele PSD, Liviu Dragnea, a declarat, fiind \u00eentrebat despre contestatarii s\u0103i din partid, c\u0103 \u201dfunc\u0163ia de pre\u015fedinte [&hellip;]<\/p>\n","protected":false},"author":1,"featured_media":326091,"comment_status":"open","ping_status":"","sticky":false,"template":"","format":"standard","meta":{"footnotes":""},"categories":[2],"tags":[30],"class_list":["post-326090","post","type-post","status-publish","format-standard","has-post-thumbnail","hentry","category-politics","tag-observatornews-ro"],"_links":{"self":[{"href":"https:\/\/analyse.optim.biz\/index.php?rest_route=\/wp\/v2\/posts\/326090","targetHints":{"allow":["GET"]}}],"collection":[{"href":"https:\/\/analyse.optim.biz\/index.php?rest_route=\/wp\/v2\/posts"}],"about":[{"href":"https:\/\/analyse.optim.biz\/index.php?rest_route=\/wp\/v2\/types\/post"}],"author":[{"embeddable":true,"href":"https:\/\/analyse.optim.biz\/index.php?rest_route=\/wp\/v2\/users\/1"}],"replies":[{"embeddable":true,"href":"https:\/\/analyse.optim.biz\/index.php?rest_route=%2Fwp%2Fv2%2Fcomments&post=326090"}],"version-history":[{"count":0,"href":"https:\/\/analyse.optim.biz\/index.php?rest_route=\/wp\/v2\/posts\/326090\/revisions"}],"wp:featuredmedia":[{"embeddable":true,"href":"https:\/\/analyse.optim.biz\/index.php?rest_route=\/wp\/v2\/media\/326091"}],"wp:attachment":[{"href":"https:\/\/analyse.optim.biz\/index.php?rest_route=%2Fwp%2Fv2%2Fmedia&parent=326090"}],"wp:term":[{"taxonomy":"category","embeddable":true,"href":"https:\/\/analyse.optim.biz\/index.php?rest_route=%2Fwp%2Fv2%2Fcategories&post=326090"},{"taxonomy":"post_tag","embeddable":true,"href":"https:\/\/analyse.optim.biz\/index.php?rest_route=%2Fwp%2Fv2%2Ftags&post=326090"}],"curies":[{"name":"wp","href":"https:\/\/api.w.org\/{rel}","templated":true}]}}