{"id":325360,"date":"2018-09-22T16:27:38","date_gmt":"2018-09-22T13:27:38","guid":{"rendered":"https:\/\/analyse.optim.biz\/?p=325360"},"modified":"2018-09-22T16:27:38","modified_gmt":"2018-09-22T13:27:38","slug":"razboi-in-psd-liviu-dragnea-a-vorbit-despre-remanieri-dupa-cex-paul-stanescu-ar-putea-fi-vizat","status":"publish","type":"post","link":"https:\/\/analyse.optim.biz\/?p=325360","title":{"rendered":"R\u0103zboi \u00een PSD. Liviu Dragnea a vorbit despre remanieri, dup\u0103 CEx. Paul St\u0103nescu ar putea fi vizat"},"content":{"rendered":"<div class=\"description\" data-key=\"description\">Confruntarea celor dou\u0103 tabere din PSD s-a \u00eencheiat cu remiz\u0103, \u00eens\u0103 r\u0103zboiul nu s-a terminat. Dup\u0103 ce a primit un vot cov\u00e2r\u015fitor de sus\u0163inere din partea liderilor forma\u0163iunii, Dragnea a vorbit despre remanieri.<\/div>\n<div class=\"articleBody\" data-key=\"articleBody\">Confruntarea celor dou\u0103 tabere din PSD s-a \u00eencheiat cu remiz\u0103, \u00eens\u0103 r\u0103zboiul nu s-a terminat. Dup\u0103 ce a primit un vot cov\u00e2r\u015fitor de sus\u0163inere din partea liderilor forma\u0163iunii, Dragnea a vorbit despre remanieri. Primul vizat ar putea fi ministrul Dezvolt\u0103rii, Paul St\u0103nescu, unul dintre semnatarii scrisorii de la care a pornit \u00eentreg scandalul. Discu\u0163iile vor fi purtate \u00eentr-o nou\u0103 \u015fedin\u0163\u0103 CEx, dup\u0103 referendum.<\/p>\n<p>Dup\u0103 discu\u0163iile maraton care au durat mai bine de 8 ore, contestatarii lui Liviu Dragnea nu au avut voturile necesare pentru a-l \u00eendep\u0103rta de la \u015fefia PSD.\u00a0<\/p>\n<p>Au fost 53 de voturi pentru sus\u0163inerea lui Dragnea \u015fi doar 8 pentru demitere. Liderul partidului s-a ab\u0163inut.\u00a0<\/p>\n<p>Liviu Dragnea, presedinte PSD: Poate s-au gandit ca poate nimeni nu poate avea inconstienta mea sa se lase ciuruit in asemnea hal si sa continuie sa tarasca dupa el lupta cu acest monstru.\u00a0<\/p>\n<p>De\u015fi au pierdut lupta, opozan\u0163ii lui Drganea spun totu\u015fi c\u0103 sunt mul\u0163umi\u0163i. Pentru prima dat\u0103 au putut discuta cu seriozitate despre problemele din partid.\u00a0<\/p>\n<p>Gabriela Firea, primarul general al Capitalei: Nu a mai avut nimeni acea timorare si cred ca este de bun augur.\u00a0<\/p>\n<p>Adrian Tutuianu, vicepre\u015fedinte PSD: Cred ca este inceputul unei normalitati si cred ca scrisoarea pe care noi am facut o si-a atins scopul.\u00a0<\/p>\n<p>Liviu Dragnea, presedinte PSD: Nu sunt de acord cu ideea ca este prima sedinta in care se discuta serios in PSD.\u00a0<\/p>\n<p>Primarul sectorului 5 al Capitalei, Daniel Florea, a cerut excluderea din partid a Gabrielei Firea. Dar nu s-a ajuns la vot. De altfel, pentru niciunul dintre cei care l-au criticat pe liderul PSD nu au existat sanc\u0163iuni. \u00cens\u0103, surse politice sus\u0163in c\u0103 este posibil ca vicepremierul Paul St\u0103nescu s\u0103 r\u0103m\u00e2n\u0103 f\u0103r\u0103 portofoliul de ministru al Dezvolt\u0103rii.\u00a0<\/p>\n<p>Cert este c\u0103 dup\u0103 referendumul pentru redefinirea familiei \u00een Constitu\u0163ie va exista un nou Comitet Executiv. \u015ei, posibil, remanieri \u00een Guvern.\u00a0<\/p>\n<p>Liviu Dragnea, presedinte PSD: Mini\u0219tri care se ascund, c\u0103rora le este fric\u0103 de pres\u0103 \u0219i care nu merg la emisiuni nu pot face parte dintr-un cabinet ce c\u0103uta acolo.\u00a0Eu nu mai vreau s\u0103 fiu purt\u0103torul de cuv\u00e2nt al ministerelor.<\/p>\n<p>Ieri, Gabriela Firea spunea c\u0103 \u015fi ministrul Justi\u0163iei, Tudorel Toader, ar putea fi \u00eenlocuit.\u00a0\n<\/p><\/div>\n<p> Source URL: https:\/\/observatornews.ro\/politic\/razboi-psd-liviu-dragnea-269148.html<\/p>\n","protected":false},"excerpt":{"rendered":"<p>Confruntarea celor dou\u0103 tabere din PSD s-a \u00eencheiat cu remiz\u0103, \u00eens\u0103 r\u0103zboiul nu s-a terminat. Dup\u0103 ce a primit un vot cov\u00e2r\u015fitor de sus\u0163inere din partea liderilor forma\u0163iunii, Dragnea a vorbit despre remanieri. Confruntarea celor dou\u0103 tabere din PSD s-a \u00eencheiat cu remiz\u0103, \u00eens\u0103 r\u0103zboiul nu s-a terminat. Dup\u0103 ce a primit un vot cov\u00e2r\u015fitor [&hellip;]<\/p>\n","protected":false},"author":1,"featured_media":325361,"comment_status":"open","ping_status":"","sticky":false,"template":"","format":"standard","meta":{"footnotes":""},"categories":[2],"tags":[30],"class_list":["post-325360","post","type-post","status-publish","format-standard","has-post-thumbnail","hentry","category-politics","tag-observatornews-ro"],"_links":{"self":[{"href":"https:\/\/analyse.optim.biz\/index.php?rest_route=\/wp\/v2\/posts\/325360","targetHints":{"allow":["GET"]}}],"collection":[{"href":"https:\/\/analyse.optim.biz\/index.php?rest_route=\/wp\/v2\/posts"}],"about":[{"href":"https:\/\/analyse.optim.biz\/index.php?rest_route=\/wp\/v2\/types\/post"}],"author":[{"embeddable":true,"href":"https:\/\/analyse.optim.biz\/index.php?rest_route=\/wp\/v2\/users\/1"}],"replies":[{"embeddable":true,"href":"https:\/\/analyse.optim.biz\/index.php?rest_route=%2Fwp%2Fv2%2Fcomments&post=325360"}],"version-history":[{"count":0,"href":"https:\/\/analyse.optim.biz\/index.php?rest_route=\/wp\/v2\/posts\/325360\/revisions"}],"wp:featuredmedia":[{"embeddable":true,"href":"https:\/\/analyse.optim.biz\/index.php?rest_route=\/wp\/v2\/media\/325361"}],"wp:attachment":[{"href":"https:\/\/analyse.optim.biz\/index.php?rest_route=%2Fwp%2Fv2%2Fmedia&parent=325360"}],"wp:term":[{"taxonomy":"category","embeddable":true,"href":"https:\/\/analyse.optim.biz\/index.php?rest_route=%2Fwp%2Fv2%2Fcategories&post=325360"},{"taxonomy":"post_tag","embeddable":true,"href":"https:\/\/analyse.optim.biz\/index.php?rest_route=%2Fwp%2Fv2%2Ftags&post=325360"}],"curies":[{"name":"wp","href":"https:\/\/api.w.org\/{rel}","templated":true}]}}