{"id":325275,"date":"2018-09-23T20:33:00","date_gmt":"2018-09-23T17:33:00","guid":{"rendered":"https:\/\/analyse.optim.biz\/?p=325275"},"modified":"2018-09-23T20:33:00","modified_gmt":"2018-09-23T17:33:00","slug":"liviu-dragnea-despre-amnistie-si-gratiere-dupa-o-asemenea-perioada-neagra-trebuie-sa-dai-o-amnistie","status":"publish","type":"post","link":"https:\/\/analyse.optim.biz\/?p=325275","title":{"rendered":"Liviu Dragnea, despre amnistie \u0219i gra\u021biere: \u201dDup\u0103 o asemenea perioad\u0103 neagr\u0103, trebuie s\u0103 dai o amnistie\u201d"},"content":{"rendered":"<div class=\"description\" data-key=\"description\">Liderul PSD, Liviu Dragnea, a declarat, duminic\u0103 seara, la Antena 3, c\u0103 amnistia este un act de dreptate, nu de clemen\u0163\u0103, pentru c\u0103 este vorba de \u201dprocesele a mii de oameni cu probe false\u201d.<\/div>\n<div class=\"articleBody\" data-key=\"articleBody\">Liderul PSD, Liviu Dragnea, a declarat, duminic\u0103 seara, la Antena 3, c\u0103 amnistia este un act de dreptate, nu de clemen\u0163\u0103, pentru c\u0103 este vorba de \u201dprocesele a mii de oameni cu probe false\u201d.<\/p>\n<p>\u201dA\u015f vrea s\u0103 v\u0103 spun motiva\u0163ia pentru amnistie \u015fi gra\u0163iere. Intr\u0103 \u00een contradic\u0163ie cu ce spunea domnul Toader \u015fi cel care spune c\u0103 ar fi un act de clemen\u0163\u0103. Eu consider a fi un act de dreptate.<\/p>\n<p>Vorbim de procese la mii de oameni pe probe false, protocoale. Cum s\u0103 acord\u0103m clemen\u0163\u0103 unui om care a fost condamnat nevinovat? C\u0103 trebuie dat\u0103 prin OUG, c\u0103 trebuie adoptat\u0103 prin Parlament, ceva trebuie f\u0103cut. Nu putem doar s\u0103 constat\u0103m toate abuzurile, sper c\u0103 o s\u0103 mai ias\u0103 la iveal\u0103\u201d, men\u021bioneaz\u0103 Liviu Dragnea.<\/p>\n<p>Liderul PSD mai spune c\u0103, \u201ddup\u0103 o asemenea perioad\u0103 neagr\u0103, trebuie s\u0103 dai o amnistie\u201d.<\/p>\n<p>\u201dNu cred c\u0103 s-a inventat un alt instrument prin care cei nevinova\u0163i s\u0103 scape de aceast\u0103 nenorocire. Nu zic s\u0103 o dea m\u00e2ine, pot s\u0103 nu o dea deloc, dar la un moment dat va trebui. La fel \u015fi o amnistie fiscal\u0103. Nu spun s\u0103 nu mai pl\u0103teasc\u0103 ho\u0163ii, dar sunt companii care nu mai pot participa la licita\u0163ii. Toate aceste lucruri trebuie analizate \u015fi discutate foarte deschis. Eu nu am \u00eenceput aceast\u0103 lupt\u0103 \u00een ideea c\u0103 o s\u0103 d\u0103m amnistie\u201d, a sus\u0163inut Dragnea.\n<\/p><\/div>\n<p> Source URL: https:\/\/observatornews.ro\/politic\/liviu-dragnea-amnistie-gratiere-269255.html<\/p>\n","protected":false},"excerpt":{"rendered":"<p>Liderul PSD, Liviu Dragnea, a declarat, duminic\u0103 seara, la Antena 3, c\u0103 amnistia este un act de dreptate, nu de clemen\u0163\u0103, pentru c\u0103 este vorba de \u201dprocesele a mii de oameni cu probe false\u201d. Liderul PSD, Liviu Dragnea, a declarat, duminic\u0103 seara, la Antena 3, c\u0103 amnistia este un act de dreptate, nu de clemen\u0163\u0103, [&hellip;]<\/p>\n","protected":false},"author":1,"featured_media":325276,"comment_status":"open","ping_status":"","sticky":false,"template":"","format":"standard","meta":{"footnotes":""},"categories":[2],"tags":[30],"class_list":["post-325275","post","type-post","status-publish","format-standard","has-post-thumbnail","hentry","category-politics","tag-observatornews-ro"],"_links":{"self":[{"href":"https:\/\/analyse.optim.biz\/index.php?rest_route=\/wp\/v2\/posts\/325275","targetHints":{"allow":["GET"]}}],"collection":[{"href":"https:\/\/analyse.optim.biz\/index.php?rest_route=\/wp\/v2\/posts"}],"about":[{"href":"https:\/\/analyse.optim.biz\/index.php?rest_route=\/wp\/v2\/types\/post"}],"author":[{"embeddable":true,"href":"https:\/\/analyse.optim.biz\/index.php?rest_route=\/wp\/v2\/users\/1"}],"replies":[{"embeddable":true,"href":"https:\/\/analyse.optim.biz\/index.php?rest_route=%2Fwp%2Fv2%2Fcomments&post=325275"}],"version-history":[{"count":0,"href":"https:\/\/analyse.optim.biz\/index.php?rest_route=\/wp\/v2\/posts\/325275\/revisions"}],"wp:featuredmedia":[{"embeddable":true,"href":"https:\/\/analyse.optim.biz\/index.php?rest_route=\/wp\/v2\/media\/325276"}],"wp:attachment":[{"href":"https:\/\/analyse.optim.biz\/index.php?rest_route=%2Fwp%2Fv2%2Fmedia&parent=325275"}],"wp:term":[{"taxonomy":"category","embeddable":true,"href":"https:\/\/analyse.optim.biz\/index.php?rest_route=%2Fwp%2Fv2%2Fcategories&post=325275"},{"taxonomy":"post_tag","embeddable":true,"href":"https:\/\/analyse.optim.biz\/index.php?rest_route=%2Fwp%2Fv2%2Ftags&post=325275"}],"curies":[{"name":"wp","href":"https:\/\/api.w.org\/{rel}","templated":true}]}}