{"id":325273,"date":"2018-09-23T21:13:00","date_gmt":"2018-09-23T18:13:00","guid":{"rendered":"https:\/\/analyse.optim.biz\/?p=325273"},"modified":"2018-09-23T21:13:00","modified_gmt":"2018-09-23T18:13:00","slug":"liviu-dragnea-acuza-iccj-ca-vrea-sa-l-bage-la-puscarie-vor-sa-desemneze-doua-complete-nelegal","status":"publish","type":"post","link":"https:\/\/analyse.optim.biz\/?p=325273","title":{"rendered":"Liviu Dragnea acuz\u0103 ICCJ c\u0103 vrea &#8220;s\u0103-l bage la pu\u015fc\u0103rie&#8221;: &#8220;Vor s\u0103 desemneze dou\u0103 complete nelegal&#8221;"},"content":{"rendered":"<div class=\"description\" data-key=\"description\">Pre\u0219edintele PSD, Liviu Dragnea, sus\u021bine c\u0103 se urm\u0103re\u015fte s\u0103 fie \u201db\u0103gat la pu\u015fc\u0103rie\u201d de un complet de la ICCJ f\u0103cut cu \u00eenc\u0103lcarea legii.<\/div>\n<div class=\"articleBody\" data-key=\"articleBody\">Pre\u0219edintele PSD, Liviu Dragnea, sus\u021bine c\u0103 se urm\u0103re\u015fte s\u0103 fie \u201db\u0103gat la pu\u015fc\u0103rie\u201d de un complet de la ICCJ f\u0103cut cu \u00eenc\u0103lcarea legii.<\/p>\n<p>\u201dVor s\u0103 m\u0103 bage la pu\u015fc\u0103rie cu un complet f\u0103cut cu \u00eenc\u0103lcarea legii. Legea spune c\u0103 pre\u015fedin\u0163ii completelor sunt repartiza\u0163i aleatoriu. ICCJ a adoptat o decizie prin care legea intr\u0103 \u00een vigoare de la 1 ianuarie 2019. De ce? Ca s\u0103 desemneze dou\u0103 complete nelegal. Vom contesta, sigur, dar tot la ei\u201d, a spus Dragnea.<\/p>\n<p>El a afirmat c\u0103 nu crede\u00a0c\u0103 este vreo instan\u0163\u0103 care s\u0103 reziste la presiunile de condamnare a sa.<\/p>\n<p>\u00cenalta Curte de Casa\u0163ie \u015fi Justi\u0163ie (ICCJ) a stabilit pentru 8 octombrie data de desf\u0103\u015furare a primului termen al apelului \u00een dosarul angaj\u0103rilor fictive de la Direc\u0163ia General\u0103 de Asisten\u0163\u0103 Social\u0103 \u015fi Protec\u0163ia Copilului (DGASPC) Teleorman, \u00een care liderul PSD, Liviu Dragnea, a fost condamnat \u00een prim\u0103 instan\u0163\u0103 la trei ani \u015fi jum\u0103tate de \u00eenchisoare cu executare.<\/p>\n<p>Apelul va fi judecat \u00een 8 octombrie, dosarul fiind repartizat completului de cinci judec\u0103tori P1 &#8211; Penal\u00a0condus de vicepre\u015fedintele instan\u0163ei supreme Iulian Dragomir.\n<\/p><\/div>\n<p> Source URL: https:\/\/observatornews.ro\/politic\/dragnea-vor-sa-ma-bage-la-puscarie-cu-un-complet-facut-ilegal-269257.html<\/p>\n","protected":false},"excerpt":{"rendered":"<p>Pre\u0219edintele PSD, Liviu Dragnea, sus\u021bine c\u0103 se urm\u0103re\u015fte s\u0103 fie \u201db\u0103gat la pu\u015fc\u0103rie\u201d de un complet de la ICCJ f\u0103cut cu \u00eenc\u0103lcarea legii. Pre\u0219edintele PSD, Liviu Dragnea, sus\u021bine c\u0103 se urm\u0103re\u015fte s\u0103 fie \u201db\u0103gat la pu\u015fc\u0103rie\u201d de un complet de la ICCJ f\u0103cut cu \u00eenc\u0103lcarea legii. \u201dVor s\u0103 m\u0103 bage la pu\u015fc\u0103rie cu un complet [&hellip;]<\/p>\n","protected":false},"author":1,"featured_media":325274,"comment_status":"open","ping_status":"","sticky":false,"template":"","format":"standard","meta":{"footnotes":""},"categories":[2],"tags":[30],"class_list":["post-325273","post","type-post","status-publish","format-standard","has-post-thumbnail","hentry","category-politics","tag-observatornews-ro"],"_links":{"self":[{"href":"https:\/\/analyse.optim.biz\/index.php?rest_route=\/wp\/v2\/posts\/325273","targetHints":{"allow":["GET"]}}],"collection":[{"href":"https:\/\/analyse.optim.biz\/index.php?rest_route=\/wp\/v2\/posts"}],"about":[{"href":"https:\/\/analyse.optim.biz\/index.php?rest_route=\/wp\/v2\/types\/post"}],"author":[{"embeddable":true,"href":"https:\/\/analyse.optim.biz\/index.php?rest_route=\/wp\/v2\/users\/1"}],"replies":[{"embeddable":true,"href":"https:\/\/analyse.optim.biz\/index.php?rest_route=%2Fwp%2Fv2%2Fcomments&post=325273"}],"version-history":[{"count":0,"href":"https:\/\/analyse.optim.biz\/index.php?rest_route=\/wp\/v2\/posts\/325273\/revisions"}],"wp:featuredmedia":[{"embeddable":true,"href":"https:\/\/analyse.optim.biz\/index.php?rest_route=\/wp\/v2\/media\/325274"}],"wp:attachment":[{"href":"https:\/\/analyse.optim.biz\/index.php?rest_route=%2Fwp%2Fv2%2Fmedia&parent=325273"}],"wp:term":[{"taxonomy":"category","embeddable":true,"href":"https:\/\/analyse.optim.biz\/index.php?rest_route=%2Fwp%2Fv2%2Fcategories&post=325273"},{"taxonomy":"post_tag","embeddable":true,"href":"https:\/\/analyse.optim.biz\/index.php?rest_route=%2Fwp%2Fv2%2Ftags&post=325273"}],"curies":[{"name":"wp","href":"https:\/\/api.w.org\/{rel}","templated":true}]}}