{"id":322309,"date":"2018-10-18T18:49:00","date_gmt":"2018-10-18T15:49:00","guid":{"rendered":"https:\/\/analyse.optim.biz\/?p=322309"},"modified":"2018-10-18T18:49:00","modified_gmt":"2018-10-18T15:49:00","slug":"avocatul-poporului-cere-informatii-suplimentare-pe-ordonanta-care-modifica-legile-justitiei","status":"publish","type":"post","link":"https:\/\/analyse.optim.biz\/?p=322309","title":{"rendered":"Avocatul Poporului cere informa\u0163ii suplimentare pe Ordonan\u0163a care modific\u0103 Legile Justi\u0163iei"},"content":{"rendered":"<div class=\"description\" data-key=\"description\">Avocatul Poporului a cerut informa\u0163ii suplimentare Guvernului \u015fi Ministerului Justi\u0163iei privind memoriile privind neconstitu\u0163ionalitatea Ordonan\u0163ei 92 pe Legile Justi\u0163iei.<\/div>\n<div class=\"articleBody\" data-key=\"articleBody\">Avocatul Poporului a cerut informa\u0163ii suplimentare Guvernului \u015fi Ministerului Justi\u0163iei privind memoriile privind neconstitu\u0163ionalitatea Ordonan\u0163ei 92 pe Legile Justi\u0163iei, fiind luat\u0103 \u00een calcul \u201dcomplexitatea aspectelor sesizate \u00een peti\u0163ii\u201d.<\/p>\n<p>Partidul Uniunea Salva\u0163i Rom\u00e2nia, Partidul Na\u0163ional Liberal, Parchetul de pe l\u00e2ng\u0103 \u00cenalta Curte de Casa\u0163ie \u015fi Justi\u0163ie, dar \u015fi numero\u015fi cet\u0103\u0163eni \u201dau solicitat Avocatului Poporului sesizarea direct\u0103 a Cur\u0163ii Constitu\u0163ionale cu excep\u0163ia de neconstitu\u0163ionalitate a prevederilor Ordonan\u0163ei de urgen\u0163\u0103 a Guvernului nr. 92\/2018 pentru modificarea \u015fi completarea unor acte normative \u00een domeniul justi\u0163iei\u201d, transmit cei de la Avocatul Poporului.<\/p>\n<p>Institu\u0163ia Avocatul Poporului a decis s\u0103 solicite informa\u0163ii suplimentare Guvernului Rom\u00e2niei \u015fi Ministrului Justi\u0163iei, dat\u0103 fiind \u201dcomplexitatea aspectelor sesizate \u00een peti\u0163ii\u201d.<\/p>\n<p>\u00cen sesiz\u0103rile depuse, se aduc \u201dcritici de neconstitu\u0163ionalitate extrinsec\u0103\u201d \u015fi \u201dcritici de neconstitu\u0163ionalitate intrinsec\u0103\u201d.<\/p>\n<p>Este vorba de \u00eenc\u0103lcarea art. 115 alin. (6), raportat la art. 131 \u015fi art. 132 din Legea fundamental\u0103, din perspectiva afect\u0103rii regimului unei institu\u0163ii fundamentale a statului; art. 115 alin. (4) din Constitu\u0163ie, \u00eentruc\u00e2t elementele din preambul nu sunt de natur\u0103 a justifica urgen\u0163a, \u00een contextul \u00een care modific\u0103rile propuse puteau fi inserate \u00een timpul procedurii legislative parlamentare, dar \u015fi despre \u00eenc\u0103lcarea art. 61 alin. (1) din Constitu\u0163ie, motivat de faptul c\u0103 Guvernul nu poate adopta o ordonan\u0163\u0103 de urgen\u0163\u0103 pentru a contracara o m\u0103sur\u0103 legislativ\u0103 tocmai adoptat\u0103 de Parlament.\n<\/p><\/div>\n<p> Source URL: https:\/\/observatornews.ro\/politic\/avocatul-poporului-ordonanta-legi-justitie-272352.html<\/p>\n","protected":false},"excerpt":{"rendered":"<p>Avocatul Poporului a cerut informa\u0163ii suplimentare Guvernului \u015fi Ministerului Justi\u0163iei privind memoriile privind neconstitu\u0163ionalitatea Ordonan\u0163ei 92 pe Legile Justi\u0163iei. Avocatul Poporului a cerut informa\u0163ii suplimentare Guvernului \u015fi Ministerului Justi\u0163iei privind memoriile privind neconstitu\u0163ionalitatea Ordonan\u0163ei 92 pe Legile Justi\u0163iei, fiind luat\u0103 \u00een calcul \u201dcomplexitatea aspectelor sesizate \u00een peti\u0163ii\u201d. Partidul Uniunea Salva\u0163i Rom\u00e2nia, Partidul Na\u0163ional Liberal, Parchetul [&hellip;]<\/p>\n","protected":false},"author":1,"featured_media":322310,"comment_status":"open","ping_status":"","sticky":false,"template":"","format":"standard","meta":{"footnotes":""},"categories":[2],"tags":[30],"class_list":["post-322309","post","type-post","status-publish","format-standard","has-post-thumbnail","hentry","category-politics","tag-observatornews-ro"],"_links":{"self":[{"href":"https:\/\/analyse.optim.biz\/index.php?rest_route=\/wp\/v2\/posts\/322309","targetHints":{"allow":["GET"]}}],"collection":[{"href":"https:\/\/analyse.optim.biz\/index.php?rest_route=\/wp\/v2\/posts"}],"about":[{"href":"https:\/\/analyse.optim.biz\/index.php?rest_route=\/wp\/v2\/types\/post"}],"author":[{"embeddable":true,"href":"https:\/\/analyse.optim.biz\/index.php?rest_route=\/wp\/v2\/users\/1"}],"replies":[{"embeddable":true,"href":"https:\/\/analyse.optim.biz\/index.php?rest_route=%2Fwp%2Fv2%2Fcomments&post=322309"}],"version-history":[{"count":0,"href":"https:\/\/analyse.optim.biz\/index.php?rest_route=\/wp\/v2\/posts\/322309\/revisions"}],"wp:featuredmedia":[{"embeddable":true,"href":"https:\/\/analyse.optim.biz\/index.php?rest_route=\/wp\/v2\/media\/322310"}],"wp:attachment":[{"href":"https:\/\/analyse.optim.biz\/index.php?rest_route=%2Fwp%2Fv2%2Fmedia&parent=322309"}],"wp:term":[{"taxonomy":"category","embeddable":true,"href":"https:\/\/analyse.optim.biz\/index.php?rest_route=%2Fwp%2Fv2%2Fcategories&post=322309"},{"taxonomy":"post_tag","embeddable":true,"href":"https:\/\/analyse.optim.biz\/index.php?rest_route=%2Fwp%2Fv2%2Ftags&post=322309"}],"curies":[{"name":"wp","href":"https:\/\/api.w.org\/{rel}","templated":true}]}}