{"id":322305,"date":"2018-10-19T08:05:00","date_gmt":"2018-10-19T05:05:00","guid":{"rendered":"https:\/\/analyse.optim.biz\/?p=322305"},"modified":"2018-10-19T08:05:00","modified_gmt":"2018-10-19T05:05:00","slug":"interviuri-la-csm-pentru-functia-de-procuror-sef-la-noua-sectie-de-anchetare-a-magistratilor-adina-florea-audiata","status":"publish","type":"post","link":"https:\/\/analyse.optim.biz\/?p=322305","title":{"rendered":"Interviuri la CSM pentru func\u0163ia de procuror-\u015fef la noua sec\u0163ie de anchetare a magistra\u0163ilor. Adina Florea, audiat\u0103"},"content":{"rendered":"<div class=\"description\" data-key=\"description\">8 procurori s-au \u00eenscris \u00een lupta pentru a face parte din noua sec\u0163ie de anchetare a magistra\u0163ilor. 5 dintre ei, pentru func\u0163ia de procuror-\u015fef.<\/div>\n<div class=\"articleBody\" data-key=\"articleBody\">8 procurori s-au \u00eenscris \u00een lupta pentru a face parte din noua sec\u0163ie de anchetare a magistra\u0163ilor. 5 dintre ei, pentru func\u0163ia de procuror-\u015fef.<\/p>\n<p>(Actualizare)\u00a0Procurorul Codru\u0163a Simona Chindea a ar\u0103tat c\u0103, dac\u0103 procurorii din Sec\u0163ie \u00ee\u015fi vor investiga propriii colegi, trebuie s\u0103 se p\u0103streze obiectivitatea.<\/p>\n<p>&#8220;M-am \u00eenscris dintr-un impuls la \u00eenceput, dar apoi mi-am dat seama c\u0103 pot, c\u0103 am putere de munc\u0103 \u015fi \u00eemi doresc s\u0103-mi desf\u0103\u015for activitatea \u00een aceast\u0103 Sec\u0163ie pentru a \u015fti c\u0103 se respect\u0103 drepturile \u015fi activitatea este una corect\u0103, iar eu sunt un procuror echilibrat. Am \u00eencredere \u00een mine, \u00een puterea mea, \u00een faptul c\u0103 sunt un procuror cu experien\u0163\u0103, c\u0103 am curajul s\u0103 instrumentez orice fel de cauz\u0103. Avem de-a face cu colegi, dar asta nu \u00eenseamn\u0103 c\u0103 ne pierdem obiectivitatea. Trebuie s\u0103 fim impar\u0163iali \u015fi s\u0103 nu ne l\u0103s\u0103m afecta\u0163i sau influen\u0163a\u0163i de presiuni ale mass-mediei&#8221;, a precizat procurorul.<\/p>\n<p>(Actualizare) Procurorul\u00a0Sorin Eugen Ia\u015finovschi este de p\u0103rere c\u0103 \u00eenfiin\u0163area acestei sec\u0163ii\u00a0este singura \u015fans\u0103 pentru ca imaginea justi\u0163iei s\u0103 fie cea real\u0103.<\/p>\n<p>&#8220;Cred c\u0103 am dob\u00e2ndit flerul de a \u015fti dac\u0103 \u00eentr-o cauz\u0103 penal\u0103 exist\u0103 ceva sau este un balon de s\u0103pun. Nu am permis niciodat\u0103 cuiva s\u0103 fac\u0103 presiuni s\u0103 dau o solu\u0163ie, am dat solu\u0163ia pe care am sim\u0163it-o. Am c\u00e2nt\u0103rit foarte bine c\u00e2nd trebuie administrat\u0103 o anumit\u0103 prob\u0103. Nu am avut niciodat\u0103 exces s\u0103 intru cu bocancii \u00een via\u0163a privat\u0103 a cuiva. \u00cen momentul \u00een care activitatea DNA a intrat cu bocancii \u00een via\u0163a magistra\u0163ilor, fiecare se cam ferea. C\u00e2nd vedeai c\u00e2te un magistrat cu c\u0103tu\u015fe, nu mai aveai curaj, fiecare se temea&#8221;, a declarat procurorul.<\/p>\n<p>(Actualizare) Procurorul Adina Florea \u015fi-a manifestat inten\u0163ia s\u0103 fac\u0103 parte din sec\u0163ie \u015fi a sus\u0163inut\u00a0un nou interviu la CSM, \u00een fa\u0163a unei comisii formate din 3 judec\u0103torim dar \u015fi a unuia dintre procurorii care i-a\u00a0dat aviz negativ pentru \u015fefia DNA.<\/p>\n<p>&#8220;Candidatura mea la DNA r\u0103m\u00e2ne, sunt \u00een cursul unei proceduri. Cred \u00een aceast\u0103 candidatur\u0103, am depus-o pentru c\u0103 am crezut c\u0103 pot aduce un plus la DNA astfel \u00eenc\u00e2t structura s\u0103-\u015fi duc\u0103 la \u00eendeplinire obiectivele pe care le are. Candidatura la DNA nu are leg\u0103tur\u0103 cu aceast\u0103 candidatur\u0103, de procuror de execu\u0163ie. \u00cemi doresc s\u0103 instrumentez dosare, a\u015fa cum fac \u015fi acum, prin urmare nu cred c\u0103 pot fi confundate cele dou\u0103 candidaturi.\u00a0Este important s\u0103 fim sinceri cu noi \u00een\u015fine \u015fi cu cei din fa\u0163a noastr\u0103. Indiferent dac\u0103 sunt colegii no\u015ftri sau subiec\u0163ii procesuali. \u00cen toat\u0103 activitatea mea am considerat c\u0103 este necesar s\u0103 am o conduit\u0103 sincer\u0103 \u015fi respectuoas\u0103 indiferent de persoana pe care o aveam \u00een fa\u0163\u0103, pentru c\u0103 fiecare om r\u0103spunde pentru ceea ce face, dar asta nu \u00eenseamn\u0103 c\u0103 trebuie s\u0103 adop\u0163i un comportament prin care s\u0103 \u00eei calci \u00een picioare demnitatea&#8221;, a declarat Adina Florea.<\/p>\n<p>Printre candida\u0163ii care vor func\u0163ii de conducere se num\u0103r\u0103\u00a0\u015fi Elena Iordache, cea care \u00eel ancheteaz\u0103\u00a0pe fostul\u00a0\u015fef al unit\u0103\u0163ii de elit\u0103\u00a0DNA Ploie\u015fti, Lucian Onea, dar\u00a0\u015fi procurorul Viorel Cerbu.<\/p>\n<p>Condi\u0163iile pentru procurori: cel pu\u0163in 18 ani \u00een magistratur\u0103, rang de Curte de Apel, fara sanctiune disciplinar\u0103\u00a0\u00een ultimii 3 ani, bun\u0103\u00a0pregatire profesional\u0103\u00a0\u015fi o conduit\u0103\u00a0morala ireprosabil\u0103.<\/p>\n<p>La interviuri s-a pus accent\u00a0\u015fi pe modul cum se raporteaz\u0103\u00a0procurorii la valori precum independen\u0163a justi\u0163iei.\n<\/p><\/div>\n<p> Source URL: https:\/\/observatornews.ro\/politic\/interviuri-csm-procurorsef-sectie-anchetare-magistrati-272388.html<\/p>\n","protected":false},"excerpt":{"rendered":"<p>8 procurori s-au \u00eenscris \u00een lupta pentru a face parte din noua sec\u0163ie de anchetare a magistra\u0163ilor. 5 dintre ei, pentru func\u0163ia de procuror-\u015fef. 8 procurori s-au \u00eenscris \u00een lupta pentru a face parte din noua sec\u0163ie de anchetare a magistra\u0163ilor. 5 dintre ei, pentru func\u0163ia de procuror-\u015fef. (Actualizare)\u00a0Procurorul Codru\u0163a Simona Chindea a ar\u0103tat c\u0103, [&hellip;]<\/p>\n","protected":false},"author":1,"featured_media":322306,"comment_status":"open","ping_status":"","sticky":false,"template":"","format":"standard","meta":{"footnotes":""},"categories":[2],"tags":[30],"class_list":["post-322305","post","type-post","status-publish","format-standard","has-post-thumbnail","hentry","category-politics","tag-observatornews-ro"],"_links":{"self":[{"href":"https:\/\/analyse.optim.biz\/index.php?rest_route=\/wp\/v2\/posts\/322305","targetHints":{"allow":["GET"]}}],"collection":[{"href":"https:\/\/analyse.optim.biz\/index.php?rest_route=\/wp\/v2\/posts"}],"about":[{"href":"https:\/\/analyse.optim.biz\/index.php?rest_route=\/wp\/v2\/types\/post"}],"author":[{"embeddable":true,"href":"https:\/\/analyse.optim.biz\/index.php?rest_route=\/wp\/v2\/users\/1"}],"replies":[{"embeddable":true,"href":"https:\/\/analyse.optim.biz\/index.php?rest_route=%2Fwp%2Fv2%2Fcomments&post=322305"}],"version-history":[{"count":0,"href":"https:\/\/analyse.optim.biz\/index.php?rest_route=\/wp\/v2\/posts\/322305\/revisions"}],"wp:featuredmedia":[{"embeddable":true,"href":"https:\/\/analyse.optim.biz\/index.php?rest_route=\/wp\/v2\/media\/322306"}],"wp:attachment":[{"href":"https:\/\/analyse.optim.biz\/index.php?rest_route=%2Fwp%2Fv2%2Fmedia&parent=322305"}],"wp:term":[{"taxonomy":"category","embeddable":true,"href":"https:\/\/analyse.optim.biz\/index.php?rest_route=%2Fwp%2Fv2%2Fcategories&post=322305"},{"taxonomy":"post_tag","embeddable":true,"href":"https:\/\/analyse.optim.biz\/index.php?rest_route=%2Fwp%2Fv2%2Ftags&post=322305"}],"curies":[{"name":"wp","href":"https:\/\/api.w.org\/{rel}","templated":true}]}}