{"id":322189,"date":"2018-10-19T13:41:00","date_gmt":"2018-10-19T10:41:00","guid":{"rendered":"https:\/\/analyse.optim.biz\/?p=322189"},"modified":"2018-10-19T13:41:00","modified_gmt":"2018-10-19T10:41:00","slug":"reactia-lui-tudorel-toader-dupa-ce-presedintele-iohannis-i-a-cerut-demisia-este-inadmisibil","status":"publish","type":"post","link":"https:\/\/analyse.optim.biz\/?p=322189","title":{"rendered":"Reac\u0163ia lui Tudorel Toader, dup\u0103 ce pre\u015fedintele Iohannis i-a cerut demisia: &#8216;Este inadmisibil&#8217;"},"content":{"rendered":"<div class=\"description\" data-key=\"description\">Ministrul Justi\u0163ie, Tudorel Toader, a avut o prim\u0103 reac\u021bie dup\u0103 ce pre\u0219edintele Klaus Iohannis i-a cerut demisia \u00een urma raportului de la Comisia de la Vene\u0163ia pe Legile Justi\u0163iei.<\/div>\n<div class=\"articleBody\" data-key=\"articleBody\">Ministrul Justi\u0163ie, Tudorel Toader, a avut o prim\u0103 reac\u021bie dup\u0103 ce pre\u0219edintele Klaus Iohannis i-a cerut demisia \u00een urma raportului de la Comisia de la Vene\u0163ia pe Legile Justi\u0163iei.<\/p>\n<p>\u201eIntr-o lume normala, este inadmisibil ca Presedintele Republicii sa astepte demisia Ministrului Justitiei pentru proiecte de acte normative care nu au fost initiate, elaborate sau promovate de catre Ministerul Justitiei- ma refer la modificarile aduse Codului penal si Codului de procedura penala! Ramane valabil ceea ce afirmam si in cursul zilei de ieri &#8211; este preferabil ca intai sa ne documentam apoi sa vorbim\u201d, a scris\u00a0Tudorel Toader \u00eentr-o postare pe Facebook.<\/p>\n<p>INFORMARESet\u0103rile tale privind cookie-urile nu permit afi\u0219area con\u021binutului din aceast\u0103 zon\u0103. E necesar s\u0103 accep\u021bi cookie-urile social media pentru afisarea acestui tip de con\u021binut. Modific\u0103 set\u0103rile<\/p>\n<p>Dup\u0103 opinia Comisiei de la Vene\u0163ia privind codurile penale \u015fi legile justi\u0163iei, Klaus Iohannis a transmis c\u0103\u00a0ministrul Justi\u0163iei \u015fi-a compromis definitiv credibilitatea, acesta fiind un motiv \u00eentemeiat pentru a-\u015fi prezenta demisia din func\u0163ie.\n<\/p><\/div>\n<p> Source URL: https:\/\/observatornews.ro\/politic\/reactie-tudorel-toader-demisie-iohannis-272436.html<\/p>\n","protected":false},"excerpt":{"rendered":"<p>Ministrul Justi\u0163ie, Tudorel Toader, a avut o prim\u0103 reac\u021bie dup\u0103 ce pre\u0219edintele Klaus Iohannis i-a cerut demisia \u00een urma raportului de la Comisia de la Vene\u0163ia pe Legile Justi\u0163iei. Ministrul Justi\u0163ie, Tudorel Toader, a avut o prim\u0103 reac\u021bie dup\u0103 ce pre\u0219edintele Klaus Iohannis i-a cerut demisia \u00een urma raportului de la Comisia de la Vene\u0163ia [&hellip;]<\/p>\n","protected":false},"author":1,"featured_media":322190,"comment_status":"open","ping_status":"","sticky":false,"template":"","format":"standard","meta":{"footnotes":""},"categories":[2],"tags":[30],"class_list":["post-322189","post","type-post","status-publish","format-standard","has-post-thumbnail","hentry","category-politics","tag-observatornews-ro"],"_links":{"self":[{"href":"https:\/\/analyse.optim.biz\/index.php?rest_route=\/wp\/v2\/posts\/322189","targetHints":{"allow":["GET"]}}],"collection":[{"href":"https:\/\/analyse.optim.biz\/index.php?rest_route=\/wp\/v2\/posts"}],"about":[{"href":"https:\/\/analyse.optim.biz\/index.php?rest_route=\/wp\/v2\/types\/post"}],"author":[{"embeddable":true,"href":"https:\/\/analyse.optim.biz\/index.php?rest_route=\/wp\/v2\/users\/1"}],"replies":[{"embeddable":true,"href":"https:\/\/analyse.optim.biz\/index.php?rest_route=%2Fwp%2Fv2%2Fcomments&post=322189"}],"version-history":[{"count":0,"href":"https:\/\/analyse.optim.biz\/index.php?rest_route=\/wp\/v2\/posts\/322189\/revisions"}],"wp:featuredmedia":[{"embeddable":true,"href":"https:\/\/analyse.optim.biz\/index.php?rest_route=\/wp\/v2\/media\/322190"}],"wp:attachment":[{"href":"https:\/\/analyse.optim.biz\/index.php?rest_route=%2Fwp%2Fv2%2Fmedia&parent=322189"}],"wp:term":[{"taxonomy":"category","embeddable":true,"href":"https:\/\/analyse.optim.biz\/index.php?rest_route=%2Fwp%2Fv2%2Fcategories&post=322189"},{"taxonomy":"post_tag","embeddable":true,"href":"https:\/\/analyse.optim.biz\/index.php?rest_route=%2Fwp%2Fv2%2Ftags&post=322189"}],"curies":[{"name":"wp","href":"https:\/\/api.w.org\/{rel}","templated":true}]}}