{"id":234097,"date":"2014-03-22T18:17:50","date_gmt":"2014-03-22T15:17:50","guid":{"rendered":"https:\/\/analyse.optim.biz\/?p=234097"},"modified":"2014-03-22T18:17:50","modified_gmt":"2014-03-22T15:17:50","slug":"traian-basescu-despre-descentralizare-romania-e-stat-unitar-nu-putem-crea-insule-de-autoritate-la-consiliile-judetene","status":"publish","type":"post","link":"https:\/\/analyse.optim.biz\/?p=234097","title":{"rendered":"Traian B\u0103sescu, despre descentralizare: Rom\u00e2nia e stat unitar, nu putem crea insule de autoritate la Consiliile Jude\u021bene"},"content":{"rendered":"<div class=\"entry data-app-meta data-app-meta-article\" data-embed-base-url-canonical=\"https:\/\/www.digi24.ro\/embed\/stiri\/actualitate\/politica\/traian-basescu-despre-descentralizare-romania-e-stat-unitar-nu-putem-crea-insule-de-autoritate-la-consiliile-judetene-218524\">\n<p data-index=\"1\"><img decoding=\"async\" src=\"https:\/\/analyse.optim.biz\/wp-content\/uploads\/2024\/09\/njblmgy3y2jmogfinwnlmjhintgymwu5ngm-thumb_.jpg\" data-skip-htmlfix=\"1\" title=\"njblmgy3y2jmogfinwnlmjhintgymwu5ngm-thumb_\"><\/p>\n<p data-index=\"2\">\u201eLa acest moment, esen\u0163a nu mai este continuare procesului de descentralizare, ci esen\u0163a este finan\u0163area corect\u0103 a ceea ce s-a descentralizat deja, pentru c\u0103 dac\u0103 s-ar merge mai departe cu descentralizarea, riscul unui colaps administrativ exist\u0103, datorit\u0103 netransfer\u0103rii resursei financiare. Deci,<strong> procesul descentraliz\u0103rii \u00een continuare trebuie s\u0103 mearg\u0103 numai \u00een m\u0103sura \u00een care sursa financiar\u0103 este asigurat\u0103 pentru ce s-a descentralizat p\u00e2n\u0103 acum\u201d<\/strong>, a precizat \u0219eful statului la dezbaterea organizat\u0103 de Funda\u0163ia Mi\u015fcarea Popular\u0103 la care au participat primari.<\/p>\n<p data-index=\"3\">El a spus c\u0103, \u00een opinia sa, pentru prim\u0103rii nivelul de descentralizare este suficient \u00een momentul de fa\u0163\u0103 \u015fi c\u0103 practic nu mai sunt activit\u0103\u0163i vitale care s\u0103 \u0163in\u0103 de comunit\u0103\u0163i \u015fi care s\u0103 nu fie descentralizate.<\/p>\n<p data-index=\"4\">\u201eSpitalele sunt la comunit\u0103\u0163i, \u015fcolile sunt la administra\u0163ia local\u0103, deci educa\u0163ia \u015fi s\u0103n\u0103tatea sunt la comunitate. \u00cen rest, aproape c\u0103 nu mai este important. Transportul \u00eel avea\u0163i, aprovizionarea cu ap\u0103, nu repet ce avea\u0163i \u00eenainte. Ceea ce vrea s\u0103 continue domnul Dragnea este riscant. T<strong>ransferul c\u0103tre Consiliile Jude\u0163ene a direc\u0163iilor sanitare, a direc\u0163iilor de \u00eenv\u0103\u0163\u0103m\u00e2nt, de mediu, a tuturor structurilor care acum sunt structuri descentralizate ale Guvernului, \u015fi o s\u0103 v\u0103 spun de ce. Cum ne putem imagina un guvern care are responsabilit\u0103\u0163ile politicilor de s\u0103n\u0103tate, dac\u0103 el a transferat direc\u0163ia de s\u0103n\u0103tate la Consiliul Jude\u0163ean? Nu face dec\u00e2t s\u0103 creeze o cacofonie, la Consiliul Jude\u0163ean sunt \u015fi spitalele.<\/strong> Cum va mai \u015ftii Guvernul central care e situa\u0163ia \u00een educa\u0163ie dac\u0103 inspectoratele \u015fcolare sunt date la baronii Consiliilor Jude\u0163ene? Cum va mai face Guvernul politici de mediu dac\u0103 direc\u0163iile de mediu sunt date pre\u015fedin\u0163ilor Consiliilor Jude\u0163ene \u00een subordine?\u201d, a explicat Traian B\u0103sescu.<\/p>\n<p data-index=\"5\">Traian B\u0103sescu a mai spus c\u0103 r\u0103spunsul la faptul c\u0103 a fost respins\u0103 Legea descentraliz\u0103rii, conceput\u0103 de Guvernul Ponta \u015fi Dragnea, pleac\u0103 din Constitu\u0163ie.<\/p>\n<p data-index=\"6\"><strong>\u201eRom\u00e2nia este stat unitar. Nu putem crea pe teritoriul Rom\u00e2niei tot at\u00e2tea insule de autoritate c\u00e2te consilii jude\u0163ene. (&#8230;) Statul rom\u00e2n are nevoie de structurile de inspec\u0163ie \u015fi control prin care s\u0103 se asigure c\u0103 politicile pe care le genereaz\u0103 de la nivel central se \u00eent\u00e2mpl\u0103\u201d<\/strong>, a ar\u0103tat B\u0103sescu, ad\u0103ug\u00e2nd c\u0103 transferul c\u0103tre Consiliile Jude\u0163ene a structurilor de inspec\u0163ie \u015fi control ale Guvernului ar fi o \u201emare gre\u015feal\u0103\u201d.<\/p>\n<p data-index=\"7\">\u201eStatul trebuie s\u0103-\u015fi p\u0103streze capacitatea de a inspecta, de a controla, de a lua m\u0103suri de coerci\u0163ie atunci c\u00e2nd lucrurile nu se reg\u0103sesc \u00een standardele legale. (&#8230;) <strong>Eu cred c\u0103 acesta este nivelul de descentralizare pe care trebuie s\u0103-l men\u0163ine, dar structurile de inspec\u0163ie \u015fi control trebuie men\u0163inute la stat, la Guvernul central, pentru c\u0103 altfel nu mai ai instrument cu care s\u0103 faci politicile statului, ale Guvernului\u201d<\/strong>, a mai explicat Traian B\u0103sescu. \u00a0<\/p>\n<\/div>\n<p> Source URL: https:\/\/www.digi24.ro\/stiri\/actualitate\/politica\/traian-basescu-despre-descentralizare-romania-e-stat-unitar-nu-putem-crea-insule-de-autoritate-la-consiliile-judetene-218524<\/p>\n","protected":false},"excerpt":{"rendered":"<p>\u201eLa acest moment, esen\u0163a nu mai este continuare procesului de descentralizare, ci esen\u0163a este finan\u0163area corect\u0103 a ceea ce s-a descentralizat deja, pentru c\u0103 dac\u0103 s-ar merge mai departe cu descentralizarea, riscul unui colaps administrativ exist\u0103, datorit\u0103 netransfer\u0103rii resursei financiare. Deci, procesul descentraliz\u0103rii \u00een continuare trebuie s\u0103 mearg\u0103 numai \u00een m\u0103sura \u00een care sursa financiar\u0103 [&hellip;]<\/p>\n","protected":false},"author":1,"featured_media":234098,"comment_status":"open","ping_status":"","sticky":false,"template":"","format":"standard","meta":{"footnotes":""},"categories":[2],"tags":[11],"class_list":["post-234097","post","type-post","status-publish","format-standard","has-post-thumbnail","hentry","category-politics","tag-digi24"],"_links":{"self":[{"href":"https:\/\/analyse.optim.biz\/index.php?rest_route=\/wp\/v2\/posts\/234097","targetHints":{"allow":["GET"]}}],"collection":[{"href":"https:\/\/analyse.optim.biz\/index.php?rest_route=\/wp\/v2\/posts"}],"about":[{"href":"https:\/\/analyse.optim.biz\/index.php?rest_route=\/wp\/v2\/types\/post"}],"author":[{"embeddable":true,"href":"https:\/\/analyse.optim.biz\/index.php?rest_route=\/wp\/v2\/users\/1"}],"replies":[{"embeddable":true,"href":"https:\/\/analyse.optim.biz\/index.php?rest_route=%2Fwp%2Fv2%2Fcomments&post=234097"}],"version-history":[{"count":0,"href":"https:\/\/analyse.optim.biz\/index.php?rest_route=\/wp\/v2\/posts\/234097\/revisions"}],"wp:featuredmedia":[{"embeddable":true,"href":"https:\/\/analyse.optim.biz\/index.php?rest_route=\/wp\/v2\/media\/234098"}],"wp:attachment":[{"href":"https:\/\/analyse.optim.biz\/index.php?rest_route=%2Fwp%2Fv2%2Fmedia&parent=234097"}],"wp:term":[{"taxonomy":"category","embeddable":true,"href":"https:\/\/analyse.optim.biz\/index.php?rest_route=%2Fwp%2Fv2%2Fcategories&post=234097"},{"taxonomy":"post_tag","embeddable":true,"href":"https:\/\/analyse.optim.biz\/index.php?rest_route=%2Fwp%2Fv2%2Ftags&post=234097"}],"curies":[{"name":"wp","href":"https:\/\/api.w.org\/{rel}","templated":true}]}}