{"id":232009,"date":"2013-01-21T20:57:01","date_gmt":"2013-01-21T17:57:01","guid":{"rendered":"https:\/\/analyse.optim.biz\/?p=232009"},"modified":"2013-01-21T20:57:01","modified_gmt":"2013-01-21T17:57:01","slug":"victor-ponta-propune-ca-avocat-al-poporului-un-fost-procuror-care-i-a-deschis-un-dosar-lui-traian-basescu","status":"publish","type":"post","link":"https:\/\/analyse.optim.biz\/?p=232009","title":{"rendered":"Victor Ponta propune ca Avocat al Poporului un fost procuror care i-a deschis un dosar lui Traian B\u0103sescu"},"content":{"rendered":"<div class=\"entry data-app-meta data-app-meta-article\" data-embed-base-url-canonical=\"https:\/\/www.digi24.ro\/embed\/stiri\/actualitate\/politica\/victor-ponta-propune-ca-avocat-al-poporului-un-fost-procuror-care-i-a-deschis-un-dosar-lui-traian-basescu-33976\">\n<div class=\"mediaImportedWrapper mediaSingle articleCover mceNonEditable\"><img decoding=\"async\" class=\"mediaImported mediaInlineItem\" src=\"https:\/\/analyse.optim.biz\/wp-content\/uploads\/2024\/09\/nzu1odzimjq0zdi1njhlmtdmztq3ndg5ndnhzde4nq-thumb_.jpg\" data-skip-htmlfix=\"1\" title=\"nzu1odzimjq0zdi1njhlmtdmztq3ndg5ndnhzde4nq-thumb_\"><\/div>\n<p data-index=\"1\"> Premierul Victor Ponta l-a nominalizat pentru func\u021bia de Avocat al Poporului pe Cri\u0219u Anastasiu, cadru universitar \u0219i avocat, dar \u0219i fost judec\u0103tor \u0219i apoi procuror, a\u0219a cum a anun\u021bat luni pre\u0219edintele Partidului Democrat Liberal, Vasile Blaga.<\/p>\n<p data-index=\"2\"> Grupurile parlamentare ale PDL vor decide mar\u0163i diminea\u0163\u0103 pe cine vor sus\u0163ine pentru func\u0163ia de Avocat al Poporului, a spus pre\u015fedintele PDL, Vasile Blaga. Propunerea democrat-liberalilor de p\u00e2n\u0103 acum pentru acest post a fost Gheorghe Iancu, fost Avocat al Poporului, <a href=\"https:\/\/www.digi24.ro\/stire\/USL-cere-Parlamentului-revocarea-Avocatului-Poporului_26971\" target=\"_blank\" data-skip-linkfix=\"1\" rel=\"noopener\">revocat pe 3 iulie anul trecut<\/a>.<\/p>\n<p data-index=\"3\"> Solicitarea de revocare a Avocatului Poporului a fost una f\u0103r\u0103 precedent de la \u00eenfiin\u0163area acestei institu\u0163ii \u0219i a fost unul dintre primele momente ale crizei politice din vara anului trecut.<\/p>\n<p data-index=\"4\"> \u00cen locul lui a venit interimar unul dintre adjunc\u021bii s\u0103i, Valer Dorneanu, sus\u021binut de USL.<\/p>\n<p data-index=\"5\"> \u00cen raportul pe justi\u021bie din cadrul Mecanismului de Cooperare \u0219i Verificare, din 18 iulie, Comisia European\u0103 recomanda numirea unui Avocat al Poporului care s\u0103 fie sus\u021binut de toate partidele, iar procesul s\u0103 fie transparent.<\/p>\n<p data-index=\"6\"> \u201e<strong>Comisia cere numirea unui Avocat al Poporului care s\u0103 se bucure de sus\u021binerea tuturor partidelor transpartinic\u0103. CE precizeaz\u0103 c\u0103 numirea unei astfel de persoane ar trebui s\u0103 se fac\u0103 printr-un proces transparent \u0219i obiectiv, care s\u0103 duc\u0103 la alegerea unei personalit\u0103\u021bi cu o autoritate, integritate \u0219i independen\u021b\u0103 de necontestat<\/strong>\u201d, <a href=\"https:\/\/www.digi24.ro\/stire\/Recomandarile-finale-ale-CE-in-raportul-pe-justitie_30768\" target=\"_blank\" data-skip-linkfix=\"1\" rel=\"noopener\">se ar\u0103ta \u00een documentul Comisiei<\/a>.<\/p>\n<h5> Vasile Blaga: \u201eS\u0103 vedem \u00een seara asta mai precis cine este domnul Cri\u015fu Anastasiu\u201d<\/h5>\n<p data-index=\"7\"> Vasile Blaga a precizat, dup\u0103 \u015fedin\u0163a de luni ale grupurilor parlamentare ale PDL, c\u0103 a primit de la primul ministru nominalizarea lui Cri\u015fu Anastasiu pentru func\u0163ia de Avocat al Poporului \u015fi CV-ul acestuia.<\/p>\n<p data-index=\"8\"> \u201eAm primit de la primul ministru nominalizarea unui Avocat al Poporului \u00een persoana lui Cri\u015fu Anastasiu, am primit \u015fi CV-ul domnului respectiv, noi o s\u0103 verific\u0103m, suntem \u00een situa\u0163ia \u00een care acum am primit aceast\u0103 cerere din partea domniei sale \u015fi r\u0103m\u00e2nem \u00een parametrii discu\u0163iei dintre dl. prim-ministru Ponta cu domnul Barosso s\u0103 respecte criteriile profesionale, s\u0103 fie apolitic \u015fi eventual s\u0103 c\u0103dem de acord \u00een toate grupurile parlamentare. <strong>E prematur s\u0103 ne pronun\u0163\u0103m, s\u0103 vedem \u00een seara asta mai precis cine este domnul Cri\u015fu Anastasiu, avem CV-ul \u015fi \u00eei mul\u0163umesc premierului c\u0103 l-am primit<\/strong>\u201d, a ar\u0103tat Vasile Blaga, citat de Mediafax.<\/p>\n<p data-index=\"9\"> El a spus c\u0103 propunerea PDL de p\u00e2n\u0103 acum pentru func\u0163ia de Avocat al Poporului a fost Gheorghe Iancu \u015fi a precizat c\u0103 va verifica dac\u0103 acesta va mai dori s\u0103 candideze.<\/p>\n<p data-index=\"10\"> \u201ePropunerea noastr\u0103 de p\u00e2n\u0103 acum este domnul Iancu, dar p\u00e2n\u0103 m\u00e2ine diminea\u0163\u0103 grupurile parlamentare au timp la dispozi\u0163ie, p\u00e2n\u0103 la 10:00, s\u0103 vin\u0103 cu propuneri \u015fi o s\u0103 c\u0103dem de acord asupra unei propuneri, la 10:00, astfel \u00eenc\u00e2t, dac\u0103 intr\u0103m \u00een plen \u015fi m\u00e2ine se va vota, vede\u0163i c\u0103 este foarte, <strong>nu \u015ftiu de unde aceast\u0103 urgen\u0163\u0103 chiar at\u00e2t de mare de a veni ast\u0103zi cu propunerea \u015fi m\u00e2ine a-l vota pe Avocatul Poporului, dar o s\u0103 discut\u0103m m\u00e2ine diminea\u0163\u0103<\/strong>\u201d, a ad\u0103ugat Vasile Blaga.<\/p>\n<h5> Victor Ponta vrea un acord \u00eentre principalele for\u021be din Parlament<\/h5>\n<p data-index=\"11\"> Premierul Victor Ponta a declarat, luni, dup\u0103 \u015fedin\u0163a USL, c\u0103 le va scrie oficial liderilor PDL \u015fi UDMR, Vasile Blaga \u015fi Kelemen Hunor, pentru a avea o \u00eent\u00e2lnire \u00een cel mai scurt timp privind un acord \u00eentre principalele for\u0163e reprezentate \u00een Parlament legat de numirea Avocatului Poporului.<\/p>\n<p data-index=\"12\"> \u201eAm discutat cu toat\u0103 conducerea USL \u015fi am agreat ca imediat, \u00een cel mai scurt timp, le voi adresa o scrisoare oficial\u0103 domnilor Blaga \u015fi Kelemen pentru a avea azi, m\u00e2ine, <strong>o nou\u0103 discu\u0163ie privind un acord \u00eentre principalele for\u0163e reprezentate \u00een Parlament privind numirea unui Avocat al Poporului, a unei persoane acceptate de principalele grupuri politice<\/strong>\u201d, a spus Victor Ponta, luni, dup\u0103 \u015fedin\u0163a USL, arat\u0103 <a href=\"http:\/\/www.mediafax.ro\/social\/blaga-am-primit-de-la-premier-nominalizarea-unui-avocat-al-poporului-in-persoana-lui-crisu-anastasiu-10511616\" target=\"_blank\" data-skip-linkfix=\"1\" rel=\"noopener\">Mediafax<\/a>.<\/p>\n<p data-index=\"13\"> El a precizat c\u0103, \u00een acest fel, Rom\u00e2nia va avea ca Avocat al Poporului o persoan\u0103 independent\u0103, care s\u0103 reprezinte toate elementele de transparen\u0163\u0103, independen\u0163\u0103, impar\u0163ialitate necesare pentru ocuparea acestei func\u0163ii.<\/p>\n<h5> Ce apare \u00een CV-ul lui Cri\u015fu Anastasiu<\/h5>\n<p data-index=\"14\"> \u00cen prezent cadru didactic la Facultatea de Drept a Universit\u0103\u0219ii Bucure\u0219ti, autor al multor lucr\u0103ri de specialitate, \u0219i avocat, Cri\u0219u Atanasiu a intrat \u00een magistratur\u0103, ca judec\u0103tor, la Judec\u0103toruia C\u0103l\u0103ra\u0219i, \u00een anul 1981, potrivit <a href=\"http:\/\/drept.unibuc.ro\/dyn_doc\/cv\/Anastasiu-Crisu-2013..pdf\" target=\"_blank\" data-skip-linkfix=\"1\" rel=\"noopener\">CV-ului postat pe site-ul institu\u021biei de \u00eenv\u0103\u021b\u0103m\u00e2nt superior.<\/a><\/p>\n<p data-index=\"15\"> La un an mai t\u00e2rziu, \u00een 1982, el a devenit procuror, la Procuratura local\u0103 Bolintin Vale, jude\u021bul Giurgiu, iar din 1985, la Procuratura Municipiului Bucure\u0219ti.<\/p>\n<p data-index=\"16\"> \u00centre 1990 \u2013 1991, a fost inspector guvernamental la Secretariatul General al Guvernului, iar \u00eentre 1991 \u2013 1993, \u0219ef al Compartimentului juridic di cadrul Departamentului de Control al Guvernului Rom\u00e2niei. \u00cen 1993 a c\u00e2\u0219tigat prin concurs postu de secretar general al Cur\u021bii de Conturi a Rom\u00e2niei, post pe care l-a ocupat timp de un an. \u00centre 1995 \u0219i 2002, a fost consilier de conturi \u00een aceea\u0219i institu\u021bie, iar \u00eentre 2002 \u0219i august 2005, el a fost procuror general financiar pe l\u00e2ng\u0103 Curtea de Conturi, numit de Pre\u0219edintele Rom\u00e2niei.<\/p>\n<p data-index=\"17\"> \u00cen aceast\u0103 func\u021bie fiind, \u00een 2002, Cri\u0219u Anastasiu a sesizat Colegiul Jurisdic\u021bional al Municipiului Bucure\u0219ti c\u0103 primarul general al Capitalei, pe atunci Traian B\u0103sescu, \u00een calitate de ordonator de credite, nu ar fi avut aprobarea Consiliului General al Municipiului Bucure\u0219ti (CGMB) pentru ni\u0219te pl\u0103\u021bi f\u0103cute \u00een contul unei firme, pentru lucr\u0103ri la Pasajul Basarab. Ulterior, actualul \u0219ef al statului a fost exonerat de acuza\u021bii, scria presa la acea vreme.<\/p>\n<p data-index=\"18\"> La finalul mandatului, din august 2005, p\u00e2n\u0103 \u00een iunie 2009, Cri\u0219u Anastasiu a fost procuror la Parchetu General \u0219i formator al Institutului Na\u021bional al Magistraturii.<\/p>\n<p data-index=\"19\"> El ceruse, \u00een mai 2009, s\u0103 ias\u0103 din magistratur\u0103, prin demisie, <a href=\"http:\/\/www.csm1909.ro\/csm\/linkuri\/11_06_2009__24241_ro.pdf\" target=\"_blank\" data-skip-linkfix=\"1\" rel=\"noopener\">solicitare avizat\u0103 de Consiliul Superior al Magistraturii<\/a> \u0219i \u00eenaintat\u0103 Admistra\u021biei Preziden\u021biale. \u00cen data de 22 iunie 2009, pre\u0219edintele Traian B\u0103sescu a semnat decretul pentru <a href=\"http:\/\/presidency.ro\/index.php?_RID=det&amp;tb=date&amp;id=11190&amp;_PRID=search\" target=\"_blank\" data-skip-linkfix=\"1\" rel=\"noopener\">eliberarea sa din func\u0163ie, prin pensionare<\/a>, iar de atunci este avocat, potrivit CV-ului.<\/p>\n<h5> De ce a fost revocat Gheorghe Iancu<\/h5>\n<p data-index=\"20\">Gheorghe Iancu a fost revocat din func\u021bia de Avocat al Poporului, \u00een locul s\u0103u fiind desemnat interimar Valer Dorneanu. Parlamentul a discutat revocarea Avocatului Poporului dup\u0103 ce Comisia Juridic\u0103 a aprobat o solicitare formulat\u0103 azi de USL.<\/p>\n<div class=\"mediaImportedWrapper mediaSingle mceNonEditable\"><img decoding=\"async\" class=\"mediaImported mediaInlineItem\" src=\"https:\/\/analyse.optim.biz\/wp-content\/uploads\/2024\/09\/ad05n2uyndvmodbhnge1owfizmq1ztgxm2iyogixytuwoq-thumb_.jpg\" alt=\"Gheorghe Iancu, precedentul Avocat al Poporului | MEDIAFAX FOTO\" data-skip-htmlfix=\"1\" title=\"ad05n2uyndvmodbhnge1owfizmq1ztgxm2iyogixytuwoq-thumb_\"><\/div>\n<p data-index=\"21\"> Gheorghe Iancu a fost revocat cu 236 de voturi pentru \u0219i 46 \u00eempotriv\u0103, iar la acea dat\u0103 PDL a p\u0103r\u0103sit lucr\u0103rile celor dou\u0103 camere reunite unde trebuie s\u0103 se discute cererea de revocare a lui Gheorghe Iancu.<\/p>\n<p data-index=\"22\"> Vicepre\u015fedintele Camerei Deputa\u0163ilor Ioan Oltean a sus\u0163inut \u00een \u015fedin\u0163a Camerelor reunite c\u0103 ceea ce se \u00eent\u00e2mpl\u0103 este un atac f\u0103r\u0103 precedent la adresa institu\u0163iilor statului.<\/p>\n<p data-index=\"23\"> Uz\u00e2nd de prorogativele sale legale, \u00een 22 iunie, Avocatul Poporului a contestat la Curtea Constitu\u0163ional\u0103 ordonan\u0163a de urgen\u0163\u0103 prin care Institutul Cultural Rom\u00e2n trece din subordinea pre\u015fedintelui \u0163\u0103rii, \u00een subordinea Parlamentului.<\/p>\n<p data-index=\"24\"> Profesorul Gheorghe Iancu aprecia c\u0103 \u201eordonan\u021ba de urgen\u021b\u0103 a Gvernului nr. 27\/2012 privind unele m\u0103suri \u00een domeniul cultural este neconform\u0103 prevederilor art. 115 alin. (4) \u0219i (6) din Constitu\u021bie \u0219i pe care de consecin\u021b\u0103 este neconstitu\u021bional\u0103\u201d \u0219i a detaliat motivele sale.<\/p>\n<p data-index=\"25\"> \u00cen argumentarea sa, Avocatul Poporului sublinia: \u201eNu are nicio importan\u021b\u0103 dac\u0103 Institutul Cultural Rom\u00e2n este sub controlul Pre\u0219edin\u021biei sau al Parlamentului. <strong>Problema este c\u0103 o asemenea m\u0103sur\u0103, fa\u021b\u0103 de circumstan\u021bele spe\u021bei, se putea solu\u021biona \u00een mod democratic prin dezbatere parlementar\u0103, potrivit procedurii legislative obi\u0219nuite, cu sau f\u0103r\u0103 urgen\u021b\u0103<\/strong>\u201d.<\/p>\n<p data-index=\"26\"> Profesorul Gheorghe Iancu a depus <a href=\"http:\/\/www.avp.ro\/exceptii\/exceptia-9-2012.pdf\" target=\"_blank\" data-skip-linkfix=\"1\" rel=\"noopener\">documentul detaliat<\/a> spre aten\u021bia magistra\u021bilor Cur\u021bii Constitu\u021bionale a Rom\u00e2niei, pentru a constata c\u0103 ordonan\u021ba amintit\u0103 este neconform\u0103 prevederilor legii fundamentale.<\/p>\n<h5> Sus\u021binut la \u201eprotestul papioanelor\u201d<\/h5>\n<p data-index=\"27\"> Avocatul Poporul a dat astfel curs la acea dat\u0103 unei solicit\u0103ri de la acea vreme a Alian\u0163ei pentru o Rom\u00e2nie Curat\u0103, care a reclamat c\u0103 ordonan\u0163a a fost aprobat\u0103 f\u0103r\u0103 consultarea oamenilor de cultur\u0103.<\/p>\n<p data-index=\"28\"> Guvernul a decis atunci s\u0103 transfere ICR de la Pre\u015fedin\u0163ie \u00een subordinea Senatului, pe motiv c\u0103 <a href=\"https:\/\/www.digi24.ro\/stire\/Ponta-ICR-era-mult-prea-politizata-Basescu-Am-aflat-dupa-sedinta-de-Guvern_22633\" target=\"_blank\" data-skip-linkfix=\"1\" rel=\"noopener\">institu\u0163ia a fost intens politizat\u0103<\/a>.<\/p>\n<p data-index=\"29\"> Actul normativ a generat un val de nemul\u0163umiri din partea oamenilor de cultur\u0103 rom\u00e2ni, cu care s-au solidarizat \u015fi personalit\u0103\u0163i interna\u0163ionale. \u00cen 19 iunie, <a href=\"https:\/\/www.digi24.ro\/stire\/Protestul-Papioanelor-in-sprijinul-Institutului-Cultural-Roman_23596\" target=\"_blank\" data-skip-linkfix=\"1\" rel=\"noopener\">aproape 500 de oameni, majoritatea purt\u00e2nd papioane<\/a>, au protestat timp de o or\u0103 l\u00e2ng\u0103 sediul Institutului Cultural Rom\u00e2n.<\/p>\n<p data-index=\"30\"><a href=\"https:\/\/www.digi24.ro\/stire\/Protest-al-societatii-civile-fata-de-schimbarea-de-la-ICR_23059\" target=\"_blank\" data-skip-linkfix=\"1\" rel=\"noopener\">Mai multe ONG-uri au \u00eenaintat o peti\u0163ie<\/a> premierului Victor Ponta, \u00een care i-au cerut p\u0103strarea actualului statut al Institutului \u015fi men\u0163inerea lui Horia Roman Patapievici la \u015fefia acestuia. \u00cen replic\u0103, <a href=\"https:\/\/www.digi24.ro\/stire\/Victor-Ponta-la-Viena-Nu-vreau-sa-l-schimb-pe-Patapievici_23445\" target=\"_blank\" data-skip-linkfix=\"1\" rel=\"noopener\">premierul a promis atunci c\u0103 nu va schimba conducerea ICR<\/a>. \u00centre timp, la conducerea institu\u021biei a fost numit Andrei Marga.<\/p>\n<h5> Care este procedura de numire a Avocatului Poporului<\/h5>\n<p data-index=\"31\"> Potriviti <a href=\"http:\/\/avp.ro\/linkuri\/constitutia.pdf\" target=\"_blank\" data-skip-linkfix=\"1\" rel=\"noopener\">legii fundamentale<\/a>, la art. 58, Avocatul Poporului este numit pe o durat\u0103 de cinci ani, pentru ap\u0103rarea drepturilor \u015fi a libert\u0103\u0163ilor persoanelor fizice \u0219i nu poate \u00eendeplini nici o alt\u0103 func\u0163ie public\u0103 sau privat\u0103, cu excep\u0163ia func\u0163iilor didactice din \u00eenv\u0103\u0163\u0103m\u00e2ntul superior.<\/p>\n<p data-index=\"32\"> Avocatul Poporului este numit pe o durat\u0103 de cinci ani de Camera Deputa\u0163ilor \u015fi de Senat, \u00een \u015fedin\u0163a comun\u0103, iar mandatul Avocatului Poporului poate fi re\u00eennoit o singur\u0103 dat\u0103.<\/p>\n<p data-index=\"33\"> \u201ePoate fi numit Avocat al Poporului orice cet\u0103\u0163ean rom\u00e2n care \u00eendepline\u015fte condi\u0163iile de numire prev\u0103zute pentru judec\u0103tori la Curtea Constitu\u0163ional\u0103\u201d, se arat\u0103 \u00een prevederile legii.<\/p>\n<p data-index=\"34\"> Propunerile de candida\u0163i se fac de c\u0103tre birourile permanente ale Camerei Deputa\u0163ilor \u015fi Senatului, la recomandarea grupurilor parlamentare din cele dou\u0103 Camere ale Parlamentului.<\/p>\n<p data-index=\"35\"> Candida\u0163ii vor fi audia\u0163i de comisiile juridice din Camera Deputa\u0163ilor \u015fi Senat. \u00cen vederea audierii, fiecare candidat va depune actele din care rezult\u0103 \u00eendeplinirea condi\u0163iilor prev\u0103zute de Constitu\u0163ie \u015fi de prezenta lege pentru a fi numit Avocat al Poporului. Candida\u0163ii vor fi prezen\u0163i la dezbateri.<\/p>\n<p data-index=\"36\"> Este numit ca Avocat al Poporului candidatul care a \u00eentrunit cel mai mare num\u0103r de voturi ale deputa\u0163ilor \u015fi senatorilor prezen\u0163i.<\/p>\n<p data-index=\"37\"> Tot Constitu\u021bia prevede procedura de numire a judec\u0103torilor Cur\u021bii Constitu\u021bionale. Astfel, legea fundamental\u0103 prevede c\u0103 \u201ejudec\u0103torii Cur\u0163ii Constitu\u0163ionale <strong>trebuie s\u0103 aib\u0103 preg\u0103tire juridic\u0103 superioar\u0103, \u00eenalt\u0103 competen\u0163\u0103 profesional\u0103 \u015fi o vechime de cel pu\u0163in 18 ani \u00een activitatea juridic\u0103 sau \u00een \u00eenv\u0103\u0163\u0103m\u00e2ntul juridic superior<\/strong>\u201d.<\/p>\n<p data-index=\"38\"> \u00cen mod similar, func\u0163ia de judec\u0103tor este incompatibil\u0103 cu oricare alt\u0103 func\u0163ie public\u0103 sau privat\u0103, cu excep\u0163ia func\u0163iilor didactice din \u00eenv\u0103\u0163\u0103m\u00e2ntul juridic superior.<\/p>\n<p data-index=\"39\"> \u201eNumirea judec\u0103torilor, \u00een condi\u0163iile prezentei legi, se poate face numai cu acordul prealabil, exprimat \u00een scris, al candidatului. \u00cen cazul \u00een care candidatul ocup\u0103 o func\u0163ie incompatibil\u0103 cu aceea de judec\u0103tor al Cur\u0163ii Constitu\u0163ionale sau face parte dintr-un partid politic, acordul trebuie s\u0103 cuprind\u0103 angajamentul candidatului de a demisiona, la data numirii, din acea func\u0163ie sau din partidul politic al c\u0103rui membru este\u201d, prevede legea. <strong>(M\u0103d\u0103lina Prundea)<\/strong><\/p>\n<\/div>\n<p> Source URL: https:\/\/www.digi24.ro\/stiri\/actualitate\/politica\/victor-ponta-propune-ca-avocat-al-poporului-un-fost-procuror-care-i-a-deschis-un-dosar-lui-traian-basescu-33976<\/p>\n","protected":false},"excerpt":{"rendered":"<p>Premierul Victor Ponta l-a nominalizat pentru func\u021bia de Avocat al Poporului pe Cri\u0219u Anastasiu, cadru universitar \u0219i avocat, dar \u0219i fost judec\u0103tor \u0219i apoi procuror, a\u0219a cum a anun\u021bat luni pre\u0219edintele Partidului Democrat Liberal, Vasile Blaga. Grupurile parlamentare ale PDL vor decide mar\u0163i diminea\u0163\u0103 pe cine vor sus\u0163ine pentru func\u0163ia de Avocat al Poporului, a [&hellip;]<\/p>\n","protected":false},"author":1,"featured_media":232010,"comment_status":"open","ping_status":"","sticky":false,"template":"","format":"standard","meta":{"footnotes":""},"categories":[2],"tags":[11],"class_list":["post-232009","post","type-post","status-publish","format-standard","has-post-thumbnail","hentry","category-politics","tag-digi24"],"_links":{"self":[{"href":"https:\/\/analyse.optim.biz\/index.php?rest_route=\/wp\/v2\/posts\/232009","targetHints":{"allow":["GET"]}}],"collection":[{"href":"https:\/\/analyse.optim.biz\/index.php?rest_route=\/wp\/v2\/posts"}],"about":[{"href":"https:\/\/analyse.optim.biz\/index.php?rest_route=\/wp\/v2\/types\/post"}],"author":[{"embeddable":true,"href":"https:\/\/analyse.optim.biz\/index.php?rest_route=\/wp\/v2\/users\/1"}],"replies":[{"embeddable":true,"href":"https:\/\/analyse.optim.biz\/index.php?rest_route=%2Fwp%2Fv2%2Fcomments&post=232009"}],"version-history":[{"count":0,"href":"https:\/\/analyse.optim.biz\/index.php?rest_route=\/wp\/v2\/posts\/232009\/revisions"}],"wp:featuredmedia":[{"embeddable":true,"href":"https:\/\/analyse.optim.biz\/index.php?rest_route=\/wp\/v2\/media\/232010"}],"wp:attachment":[{"href":"https:\/\/analyse.optim.biz\/index.php?rest_route=%2Fwp%2Fv2%2Fmedia&parent=232009"}],"wp:term":[{"taxonomy":"category","embeddable":true,"href":"https:\/\/analyse.optim.biz\/index.php?rest_route=%2Fwp%2Fv2%2Fcategories&post=232009"},{"taxonomy":"post_tag","embeddable":true,"href":"https:\/\/analyse.optim.biz\/index.php?rest_route=%2Fwp%2Fv2%2Ftags&post=232009"}],"curies":[{"name":"wp","href":"https:\/\/api.w.org\/{rel}","templated":true}]}}