{"id":231886,"date":"2013-01-24T03:17:34","date_gmt":"2013-01-24T00:17:34","guid":{"rendered":"https:\/\/analyse.optim.biz\/?p=231886"},"modified":"2013-01-24T03:17:34","modified_gmt":"2013-01-24T00:17:34","slug":"ludovic-orban-considera-acordul-semnat-de-premier-si-presedinte-ca-o-detasare-a-psd-de-pnl","status":"publish","type":"post","link":"https:\/\/analyse.optim.biz\/?p=231886","title":{"rendered":"Ludovic Orban consider\u0103 acordul semnat de premier \u015fi pre\u015fedinte \u201eca o deta\u015fare a PSD de PNL\u201d"},"content":{"rendered":"<div class=\"entry data-app-meta data-app-meta-article\" data-embed-base-url-canonical=\"https:\/\/www.digi24.ro\/embed\/stiri\/actualitate\/politica\/ludovic-orban-considera-acordul-semnat-de-premier-si-presedinte-ca-o-detasare-a-psd-de-pnl-35026\">\n<p data-index=\"1\"> Este declara\u0163ia pe care a f\u0103cut-o la Jurnalul de Sear\u0103, la Digi24. El crede c\u0103 ministerele liberalilor au fost fragmentate, iar mini\u015ftrii \u015fi-au pierdut din atribu\u0163ii.<\/p>\n<p data-index=\"2\"> \u00ce<strong>n plus, Orban sus\u0163ine c\u0103 tratamentul de care a beneficiat PNL-ul s-a schimbat mult dup\u0103 alegerile parlamentare din 9 decembrie. Nu este pentru prima dat\u0103 c\u00e2nd Ludovic Orban sugereaz\u0103 c\u0103 ar exista probleme \u00eentre partidele din USL. <\/strong><\/p>\n<p data-index=\"3\"> Zilele trecute, \u00eentr-un interviu, acesta a declarat c\u0103 se a\u015fteapt\u0103 ca PSD s\u0103-\u015fi maximizeze puterea \u00een perioada urm\u0103toare. De asemenea, el vede \u00een acordul semnat de premier \u015fi pre\u015fedinte o a\u015fa-numit\u0103 deta\u015fare a PSD de PNL.<\/p>\n<\/div>\n<p> Source URL: https:\/\/www.digi24.ro\/stiri\/actualitate\/politica\/ludovic-orban-considera-acordul-semnat-de-premier-si-presedinte-ca-o-detasare-a-psd-de-pnl-35026<\/p>\n","protected":false},"excerpt":{"rendered":"<p>Este declara\u0163ia pe care a f\u0103cut-o la Jurnalul de Sear\u0103, la Digi24. El crede c\u0103 ministerele liberalilor au fost fragmentate, iar mini\u015ftrii \u015fi-au pierdut din atribu\u0163ii. \u00cen plus, Orban sus\u0163ine c\u0103 tratamentul de care a beneficiat PNL-ul s-a schimbat mult dup\u0103 alegerile parlamentare din 9 decembrie. Nu este pentru prima dat\u0103 c\u00e2nd Ludovic Orban sugereaz\u0103 [&hellip;]<\/p>\n","protected":false},"author":1,"featured_media":231887,"comment_status":"open","ping_status":"","sticky":false,"template":"","format":"standard","meta":{"footnotes":""},"categories":[2],"tags":[11],"class_list":["post-231886","post","type-post","status-publish","format-standard","has-post-thumbnail","hentry","category-politics","tag-digi24"],"_links":{"self":[{"href":"https:\/\/analyse.optim.biz\/index.php?rest_route=\/wp\/v2\/posts\/231886","targetHints":{"allow":["GET"]}}],"collection":[{"href":"https:\/\/analyse.optim.biz\/index.php?rest_route=\/wp\/v2\/posts"}],"about":[{"href":"https:\/\/analyse.optim.biz\/index.php?rest_route=\/wp\/v2\/types\/post"}],"author":[{"embeddable":true,"href":"https:\/\/analyse.optim.biz\/index.php?rest_route=\/wp\/v2\/users\/1"}],"replies":[{"embeddable":true,"href":"https:\/\/analyse.optim.biz\/index.php?rest_route=%2Fwp%2Fv2%2Fcomments&post=231886"}],"version-history":[{"count":0,"href":"https:\/\/analyse.optim.biz\/index.php?rest_route=\/wp\/v2\/posts\/231886\/revisions"}],"wp:featuredmedia":[{"embeddable":true,"href":"https:\/\/analyse.optim.biz\/index.php?rest_route=\/wp\/v2\/media\/231887"}],"wp:attachment":[{"href":"https:\/\/analyse.optim.biz\/index.php?rest_route=%2Fwp%2Fv2%2Fmedia&parent=231886"}],"wp:term":[{"taxonomy":"category","embeddable":true,"href":"https:\/\/analyse.optim.biz\/index.php?rest_route=%2Fwp%2Fv2%2Fcategories&post=231886"},{"taxonomy":"post_tag","embeddable":true,"href":"https:\/\/analyse.optim.biz\/index.php?rest_route=%2Fwp%2Fv2%2Ftags&post=231886"}],"curies":[{"name":"wp","href":"https:\/\/api.w.org\/{rel}","templated":true}]}}