{"id":231069,"date":"2013-02-14T16:05:41","date_gmt":"2013-02-14T13:05:41","guid":{"rendered":"https:\/\/analyse.optim.biz\/?p=231069"},"modified":"2013-02-14T16:05:41","modified_gmt":"2013-02-14T13:05:41","slug":"basescu-intrebat-cine-ar-fi-potrivit-la-sefia-pdl-dintre-udrea-si-blaga-emil-boc","status":"publish","type":"post","link":"https:\/\/analyse.optim.biz\/?p=231069","title":{"rendered":"B\u0103sescu, \u00eentrebat cine ar fi potrivit la \u015fefia PDL dintre Udrea \u015fi Blaga: Emil Boc"},"content":{"rendered":"<div class=\"entry data-app-meta data-app-meta-article\" data-embed-base-url-canonical=\"https:\/\/www.digi24.ro\/embed\/stiri\/actualitate\/politica\/basescu-intrebat-cine-ar-fi-potrivit-la-sefia-pdl-dintre-udrea-si-blaga-emil-boc-44190\">\n<div class=\"mediaImportedWrapper mediaSingle articleCover mceNonEditable\"><img decoding=\"async\" class=\"mediaImported mediaInlineItem\" src=\"https:\/\/analyse.optim.biz\/wp-content\/uploads\/2024\/09\/mjrjzdzimgizymqyodnknju1mtm1nmnjyg-thumb_.jpg\" data-skip-htmlfix=\"1\" title=\"mjrjzdzimgizymqyodnknju1mtm1nmnjyg-thumb_\"><\/div>\n<p data-index=\"1\">\u201eEmil Boc\u201d, a r\u0103spuns r\u00e2z\u00e2ndTraian B\u0103sescu. El a precizat c\u0103Elena Udreaa fost un bun ministru, dar a fi un bun pre\u015fedinte de partid \u201eeste o alt\u0103 socoteal\u0103\u201d.<\/p>\n<p data-index=\"2\"> \u00centrebat dac\u0103 va participa la Conven\u0163ia Na\u0163ional\u0103 a PDL, Traian B\u0103sescu a spus c\u0103 de regul\u0103 a fost prezent \u00eentotdeauna c\u00e2nd a fost invitat, informeaz\u0103 MEDIAFAX.<\/p>\n<p data-index=\"3\"> \u201eOm tr\u0103i \u015fi om vedea, dac\u0103 m\u0103 mai invit\u0103 cineva\u201d, a spus \u015feful statului.<\/p>\n<p data-index=\"4\"> Actualul pre\u015fedinte al PDL,Vasile Blaga,\u015fi-a anun\u0163at, luni, candidaturapentru reconfirmarea la \u015fefia partidului. La r\u00e2ndul s\u0103u, deputatul Elena Udrea a anun\u0163at, mar\u0163i, c\u0103va candida la pre\u015fedin\u0163ia partidului.<\/p>\n<h5> Traian B\u0103sescu: PDL trebuie revitalizat<\/h5>\n<p data-index=\"5\"> \u0218eful statului condider\u0103 c\u0103 Partidul Democrat Liberal are nevoie s\u0103 fie revitalizat.<\/p>\n<p data-index=\"6\"> \u201eEste nevoie de un PDL revitalizat, care s\u0103 fie alternativa, pentru c\u0103 a\u015fa cum merge acum m\u0103 tem c\u0103 se \u00eendreapt\u0103 spre zona marginal\u0103 a politicului. Partidul are nevoie de un lider care s\u0103 \u00eel tracteze\u201d, a declarat pre\u0219edintele Traian B\u0103sescu.<\/p>\n<p data-index=\"7\"> \u015eeful statului a mai spus c\u0103 elita PDL nu dep\u0103\u015fe\u015fte media \u015fi medicritatea politicului: \u201e\u00ce\u0163i trebuie for\u0163a unui partid, dar \u015fi un politican, doi-trei care s\u0103 fie peste mediocritatea politicului.<\/p>\n<p data-index=\"8\"> Declara\u021bia \u0219efului statului vine la dou\u0103 zile dup\u0103 ce <a href=\"https:\/\/www.digi24.ro\/stire\/Elena-Udrea-candideaza-la-sefia-PDL_79612\" target=\"_blank\" data-skip-linkfix=\"1\" rel=\"noopener\">Elena Udrea<\/a> \u0219i Vasile Blaga \u0219i-au anun\u021bat candidaturile pentru func\u021bia de pre\u0219edinte al PDL.<\/p>\n<p data-index=\"9\"> Conven\u0163ia Na\u0163ional\u0103 a PDL pentru alegerea noii conduceri urmeaz\u0103 s\u0103 aib\u0103 loc \u00een 23 martie.<\/p>\n<\/div>\n<p> Source URL: https:\/\/www.digi24.ro\/stiri\/actualitate\/politica\/basescu-intrebat-cine-ar-fi-potrivit-la-sefia-pdl-dintre-udrea-si-blaga-emil-boc-44190<\/p>\n","protected":false},"excerpt":{"rendered":"<p>\u201eEmil Boc\u201d, a r\u0103spuns r\u00e2z\u00e2ndTraian B\u0103sescu. El a precizat c\u0103Elena Udreaa fost un bun ministru, dar a fi un bun pre\u015fedinte de partid \u201eeste o alt\u0103 socoteal\u0103\u201d. \u00centrebat dac\u0103 va participa la Conven\u0163ia Na\u0163ional\u0103 a PDL, Traian B\u0103sescu a spus c\u0103 de regul\u0103 a fost prezent \u00eentotdeauna c\u00e2nd a fost invitat, informeaz\u0103 MEDIAFAX. \u201eOm tr\u0103i [&hellip;]<\/p>\n","protected":false},"author":1,"featured_media":231070,"comment_status":"open","ping_status":"","sticky":false,"template":"","format":"standard","meta":{"footnotes":""},"categories":[2],"tags":[11],"class_list":["post-231069","post","type-post","status-publish","format-standard","has-post-thumbnail","hentry","category-politics","tag-digi24"],"_links":{"self":[{"href":"https:\/\/analyse.optim.biz\/index.php?rest_route=\/wp\/v2\/posts\/231069","targetHints":{"allow":["GET"]}}],"collection":[{"href":"https:\/\/analyse.optim.biz\/index.php?rest_route=\/wp\/v2\/posts"}],"about":[{"href":"https:\/\/analyse.optim.biz\/index.php?rest_route=\/wp\/v2\/types\/post"}],"author":[{"embeddable":true,"href":"https:\/\/analyse.optim.biz\/index.php?rest_route=\/wp\/v2\/users\/1"}],"replies":[{"embeddable":true,"href":"https:\/\/analyse.optim.biz\/index.php?rest_route=%2Fwp%2Fv2%2Fcomments&post=231069"}],"version-history":[{"count":0,"href":"https:\/\/analyse.optim.biz\/index.php?rest_route=\/wp\/v2\/posts\/231069\/revisions"}],"wp:featuredmedia":[{"embeddable":true,"href":"https:\/\/analyse.optim.biz\/index.php?rest_route=\/wp\/v2\/media\/231070"}],"wp:attachment":[{"href":"https:\/\/analyse.optim.biz\/index.php?rest_route=%2Fwp%2Fv2%2Fmedia&parent=231069"}],"wp:term":[{"taxonomy":"category","embeddable":true,"href":"https:\/\/analyse.optim.biz\/index.php?rest_route=%2Fwp%2Fv2%2Fcategories&post=231069"},{"taxonomy":"post_tag","embeddable":true,"href":"https:\/\/analyse.optim.biz\/index.php?rest_route=%2Fwp%2Fv2%2Ftags&post=231069"}],"curies":[{"name":"wp","href":"https:\/\/api.w.org\/{rel}","templated":true}]}}