{"id":230563,"date":"2013-03-02T16:56:04","date_gmt":"2013-03-02T13:56:04","guid":{"rendered":"https:\/\/analyse.optim.biz\/?p=230563"},"modified":"2013-03-02T16:56:04","modified_gmt":"2013-03-02T13:56:04","slug":"vasile-blaga-romania-nu-trebuie-sa-renunte-la-schengen-ci-la-corlatean","status":"publish","type":"post","link":"https:\/\/analyse.optim.biz\/?p=230563","title":{"rendered":"Vasile Blaga: Rom\u00e2nia nu trebuie s\u0103 renun\u0163e la Schengen, ci la Corl\u0103\u0163ean"},"content":{"rendered":"<div class=\"entry data-app-meta data-app-meta-article\" data-embed-base-url-canonical=\"https:\/\/www.digi24.ro\/embed\/stiri\/actualitate\/politica\/vasile-blaga-romania-nu-trebuie-sa-renunte-la-schengen-ci-la-corlatean-50887\">\n<div class=\"mediaImportedWrapper mediaSingle articleCover mceNonEditable\"><img decoding=\"async\" class=\"mediaImported mediaInlineItem\" src=\"https:\/\/analyse.optim.biz\/wp-content\/uploads\/2024\/09\/anbnjnc9odawjmhhc2g9ogfhodrmnta4ntqzzgmwyznindiymjjmyjg5odrhogq-thumb_.jpg\" data-skip-htmlfix=\"1\" title=\"anbnjnc9odawjmhhc2g9ogfhodrmnta4ntqzzgmwyznindiymjjmyjg5odrhogq-thumb_\"><\/div>\n<p data-index=\"1\"> \u00cen opinia liderului PDL, ministrul de Externe a focut declara\u021bii iresponsabile.<\/p>\n<p data-index=\"2\"> \u201eEste o declara\u0163ie iresponsabil\u0103 a domnului Corl\u0103\u0163ean. Nu \u00een termenii \u0103\u015ftia se pune problema. Rom\u00e2nia nu trebuie s\u0103 renun\u0163e la Schengen, ci trebuie s\u0103 renun\u0163e la Corl\u0103\u0163ean\u201d, a afirmat Vasile Blaga.<\/p>\n<p data-index=\"3\"> El a spus c\u0103 Rom\u00e2nia a cheltuit deja o mul\u0163ime de bani pentru a \u00eendeplini condi\u0163iile ader\u0103rii la spa\u0163iul Schengen, \u00eens\u0103 USL a dat ocazia statelor europene, prin atacarea statului de drept vara trecut\u0103, s\u0103 aib\u0103 motive s\u0103 lege MCV de intrarea \u00een Schengen, potrivit MEDIAFAX.<\/p>\n<p data-index=\"4\"> \u201eAm cheltuit din bani europeni \u015fi din bani publici peste 1,3 miliarde euro pentru a ne securiza frontierele. Am avut cea mai mare facilitate Schengen din istoria Uniunii Europene, respectiv 670 milioane de euro, pe care i-am absorbit to\u0163i. S-au ad\u0103ugat 500 de milioane de euro din bugetul de stat pentru contractul EADS, plus 300 de milioane de euro reprezent\u00e2nd fonduri de preaderare, pe PHARE.Din p\u0103cate, este legat\u0103 \u00een mod incorect aderarea la Schengen de MCV. Dar aici vinovat e USL, pentru c\u0103 le-a dat acestor state \u00een var\u0103, c\u00e2nd au atacat statul de drept, ocazia s\u0103 aib\u0103 motive s\u0103 lege MCV de intrarea \u00een Schengen\u201d, a spus Vasile Blaga.<\/p>\n<p data-index=\"5\"> Ministrul de Externe,Titus Corl\u0103\u0163ean, <a href=\"https:\/\/www.digi24.ro\/stire\/Corlatean-In-cazul-unei-noi-amanari-a-aderarii-la-Schengen-Romania-ar-putea-sa-nu-mai-fie-interesata_84425\" target=\"_blank\" data-skip-linkfix=\"1\" rel=\"noopener\">a declarat<\/a> c\u0103 o eventual\u0103 nou\u0103 decizie de am\u00e2nare a ader\u0103rii Rom\u00e2niei la Schengen la Consiliul JAI de s\u0103pt\u0103m\u00e2na viitoare va afecta \u201ecredibilitatea procesului\u201d, iar \u0163ara noastr\u0103 ar putea s\u0103 nu mai fie interesat\u0103 \u015fi doar s\u0103 a\u015ftepte o invita\u0163ie de la UE.<\/p>\n<p data-index=\"6\"> Citi\u021bi \u0219i<a href=\"http:\/\/pre%c8%99edin%c8%9bia%20%c3%ael%20invit%c4%83%20pe%20titus%20corl%c4%83%c8%9bean%20s%c4%83%20renun%c8%9be%20la%20afirma%c8%9biile%20referitoare%20la%20schengen\" data-skip-linkfix=\"1\">Pre\u0219edin\u021bia \u00eel invit\u0103 pe Titus Corl\u0103\u021bean s\u0103 renun\u021be la afirma\u021biile referitoare la Schengen<\/a><\/p>\n<\/div>\n<p> Source URL: https:\/\/www.digi24.ro\/stiri\/actualitate\/politica\/vasile-blaga-romania-nu-trebuie-sa-renunte-la-schengen-ci-la-corlatean-50887<\/p>\n","protected":false},"excerpt":{"rendered":"<p>\u00cen opinia liderului PDL, ministrul de Externe a focut declara\u021bii iresponsabile. \u201eEste o declara\u0163ie iresponsabil\u0103 a domnului Corl\u0103\u0163ean. Nu \u00een termenii \u0103\u015ftia se pune problema. Rom\u00e2nia nu trebuie s\u0103 renun\u0163e la Schengen, ci trebuie s\u0103 renun\u0163e la Corl\u0103\u0163ean\u201d, a afirmat Vasile Blaga. El a spus c\u0103 Rom\u00e2nia a cheltuit deja o mul\u0163ime de bani pentru [&hellip;]<\/p>\n","protected":false},"author":1,"featured_media":230564,"comment_status":"open","ping_status":"","sticky":false,"template":"","format":"standard","meta":{"footnotes":""},"categories":[2],"tags":[11],"class_list":["post-230563","post","type-post","status-publish","format-standard","has-post-thumbnail","hentry","category-politics","tag-digi24"],"_links":{"self":[{"href":"https:\/\/analyse.optim.biz\/index.php?rest_route=\/wp\/v2\/posts\/230563","targetHints":{"allow":["GET"]}}],"collection":[{"href":"https:\/\/analyse.optim.biz\/index.php?rest_route=\/wp\/v2\/posts"}],"about":[{"href":"https:\/\/analyse.optim.biz\/index.php?rest_route=\/wp\/v2\/types\/post"}],"author":[{"embeddable":true,"href":"https:\/\/analyse.optim.biz\/index.php?rest_route=\/wp\/v2\/users\/1"}],"replies":[{"embeddable":true,"href":"https:\/\/analyse.optim.biz\/index.php?rest_route=%2Fwp%2Fv2%2Fcomments&post=230563"}],"version-history":[{"count":0,"href":"https:\/\/analyse.optim.biz\/index.php?rest_route=\/wp\/v2\/posts\/230563\/revisions"}],"wp:featuredmedia":[{"embeddable":true,"href":"https:\/\/analyse.optim.biz\/index.php?rest_route=\/wp\/v2\/media\/230564"}],"wp:attachment":[{"href":"https:\/\/analyse.optim.biz\/index.php?rest_route=%2Fwp%2Fv2%2Fmedia&parent=230563"}],"wp:term":[{"taxonomy":"category","embeddable":true,"href":"https:\/\/analyse.optim.biz\/index.php?rest_route=%2Fwp%2Fv2%2Fcategories&post=230563"},{"taxonomy":"post_tag","embeddable":true,"href":"https:\/\/analyse.optim.biz\/index.php?rest_route=%2Fwp%2Fv2%2Ftags&post=230563"}],"curies":[{"name":"wp","href":"https:\/\/api.w.org\/{rel}","templated":true}]}}