{"id":230094,"date":"2013-03-12T18:13:52","date_gmt":"2013-03-12T15:13:52","guid":{"rendered":"https:\/\/analyse.optim.biz\/?p=230094"},"modified":"2013-03-12T18:13:52","modified_gmt":"2013-03-12T15:13:52","slug":"dolj-elena-udrea-a-fost-nemultumita-de-participarea-redusa-la-prezentarea-motiunii","status":"publish","type":"post","link":"https:\/\/analyse.optim.biz\/?p=230094","title":{"rendered":"Dolj. Elena Udrea a fost nemul\u021bumit\u0103 de participarea redus\u0103 la prezentarea mo\u021biunii"},"content":{"rendered":"<div class=\"entry data-app-meta data-app-meta-article\" data-embed-base-url-canonical=\"https:\/\/www.digi24.ro\/embed\/stiri\/actualitate\/politica\/dolj-elena-udrea-a-fost-nemultumita-de-participarea-redusa-la-prezentarea-motiunii-55151\">\n<div class=\"mediaImportedWrapper mediaSingle articleCover mceNonEditable\"><img decoding=\"async\" class=\"mediaImported mediaInlineItem\" src=\"https:\/\/analyse.optim.biz\/wp-content\/uploads\/2024\/09\/ndk0owi2yjcxmzq3odziyzmwmtyxoduyowy-thumb_.jpg\" data-skip-htmlfix=\"1\" title=\"ndk0owi2yjcxmzq3odziyzmwmtyxoduyowy-thumb_\"><\/div>\n<p data-index=\"1\"> Udrea a fost deranjat\u0103 de faptul c\u0103 la prezentarea mo\u0163iunii, care a avut loc mar\u0163i, au venit doar c\u00e2\u0163iva delega\u0163i, ea ar\u0103t\u00e2ndu-\u015fi nemul\u0163umirea \u00eenc\u0103 de la intrarea \u00een sal\u0103, c\u00e2nd a v\u0103zut c\u0103 unii membri de partid nu erau hot\u0103r\u00e2\u0163i dac\u0103 s\u0103 participe sau nu la \u00eent\u00e2lnire, relateaz\u0103 Mediafax.<\/p>\n<p data-index=\"2\"> \u201eL\u0103sa\u0163i-i s\u0103 intre, c\u0103 doar nu am venit aici s\u0103 vorbesc la treipersoane. La PDL Dolj nu s-a auzit de comportament democratic?&#8221;, le-a pus Udrea organizatorilor.<\/p>\n<p data-index=\"3\"> Mai mult, Udrea, care candideaz\u0103 la pre\u015fedin\u0163ia partidului, s-a ar\u0103tat deranjat\u0103 \u015fi pentru c\u0103 liderii PDL Dolj i-ar fi exclus din partid pe membrii organiza\u0163iei locale din \u0162uglui pe motiv c\u0103 ar fi afi\u015fat un banner cu ea.<\/p>\n<p data-index=\"4\"> \u201eCeea ce v\u0103d c\u0103 se \u00eent\u00e2mpl\u0103 la Dolj m\u0103 \u00eengrijoreaz\u0103, cu at\u00e2t mai mult acum cu c\u00e2t fiec\u0103ruia dintre noi trebuie s\u0103 \u00eei pese de ceea ce se \u00eent\u00e2mpl\u0103 \u00een partid. Nu m\u0103 a\u015fteptam la o \u00eent\u00e2lnire care s\u0103 semene cu celelalte din \u0163ar\u0103, pentru c\u0103 semnalele pe care le-am primit de la conducerea organiza\u0163iei de Dolj au fost foarte clare. Ceea ce se \u00eent\u00e2mpl\u0103 \u00een aceast\u0103 organiza\u0163ie \u00eenschimbeste profund nedemocratic \u015fi, dac\u0103 a\u015fa vede conducerea partidului viitorul PDL, atunci este tragic\u201d, a spus ea.<\/p>\n<p data-index=\"5\"> \u201e\u015etiu c\u0103 de la Dolj s-au dat semnale clare c\u0103 cine nu este cu conducerea este \u00eempotriva partidului. Tipul acesta de optic\u0103, de viziune va face din PDL un partid de buzunar, cu siguran\u0163\u0103. (\u2026) La Dolj au fost da\u0163i afar\u0103 cei care o sus\u0163in pe ElElena UdreaSigur, cu scuza c\u0103 au luat scor mic \u00een alegeri. P\u0103i de ce nu i-a\u0163i sanc\u0163ionat dup\u0103 alegeri? De ce au fost sanc\u0163iona\u0163i dup\u0103 ce au afi\u015fat la \u0162uglui un banner cu Elena Udrea?&#8221; a declarat Elena Udrea.<\/p>\n<p data-index=\"6\"> La prezentarea mo\u0163iunii, primarul PDL al comunei Mischii,Gheorghe Popa, secretar al PDL Dolj, i-a spus, Elenei Udrea c\u0103 este unul dintre fanii s\u0103i, dar c\u0103 \u00eel voteaz\u0103 peVasile Blaga, repro\u015f\u00e2ndu-i c\u0103 atunci c\u00e2nd a fost la guvernare a f\u0103cut \u201eni\u015fte gre\u015feli elementare&#8221;.<\/p>\n<p data-index=\"7\"> \u201eSunt fan Elena Udrea. La mine \u00een birou am poze cu dumneavoastr\u0103 \u015fi cu pre\u015fedintele B\u0103sescu \u015fi nu am cu Blaga. Dar la momentul actual sunt pentru Blaga. De ce? Pentru c\u0103 dumneavoastr\u0103 c\u00e2t a\u0163i fost la guvernare a\u0163i f\u0103cut ni\u015fte gre\u015feli elementare. \u00cen PDL Dolj este democra\u0163ie, suntem 29 de primari \u015fi nimeni nu ne spune ce s\u0103 vot\u0103m. Unii primari de-ai no\u015ftri au pierdut alegerile din iunie pentru c\u0103 Guvernul a picat \u00eenainte de alegerile locale. De ce ave\u0163i impresia c\u0103 Dolj nu este cu dumneavoastr\u0103? Pentru c\u0103 pleca\u0163i urechea numai c\u0103tre una sau dou\u0103persoane. \u015ei nu este corect, pentru c\u0103 de cealalt\u0103 parte sunt zeci de persoane care spun altceva. \u015ei ar trebui s\u0103 veni\u0163i la fa\u0163a locului \u015fi s\u0103 vede\u0163i care este realitatea&#8221;, i-a spus Popa Elenei Udrea.<\/p>\n<p data-index=\"8\"> Ani Gheorghe, fost consilier local \u00een CL Craiova, i-a repro\u015fat Elenei Udrea c\u0103 fostul primar al CraioveiAntonie Solomona fost adus \u00een PDL de c\u0103tre so\u0163ul s\u0103u, Dorin Coco\u015f.<\/p>\n<\/div>\n<p> Source URL: https:\/\/www.digi24.ro\/stiri\/actualitate\/politica\/dolj-elena-udrea-a-fost-nemultumita-de-participarea-redusa-la-prezentarea-motiunii-55151<\/p>\n","protected":false},"excerpt":{"rendered":"<p>Udrea a fost deranjat\u0103 de faptul c\u0103 la prezentarea mo\u0163iunii, care a avut loc mar\u0163i, au venit doar c\u00e2\u0163iva delega\u0163i, ea ar\u0103t\u00e2ndu-\u015fi nemul\u0163umirea \u00eenc\u0103 de la intrarea \u00een sal\u0103, c\u00e2nd a v\u0103zut c\u0103 unii membri de partid nu erau hot\u0103r\u00e2\u0163i dac\u0103 s\u0103 participe sau nu la \u00eent\u00e2lnire, relateaz\u0103 Mediafax. \u201eL\u0103sa\u0163i-i s\u0103 intre, c\u0103 doar nu [&hellip;]<\/p>\n","protected":false},"author":1,"featured_media":230095,"comment_status":"open","ping_status":"","sticky":false,"template":"","format":"standard","meta":{"footnotes":""},"categories":[2],"tags":[11],"class_list":["post-230094","post","type-post","status-publish","format-standard","has-post-thumbnail","hentry","category-politics","tag-digi24"],"_links":{"self":[{"href":"https:\/\/analyse.optim.biz\/index.php?rest_route=\/wp\/v2\/posts\/230094","targetHints":{"allow":["GET"]}}],"collection":[{"href":"https:\/\/analyse.optim.biz\/index.php?rest_route=\/wp\/v2\/posts"}],"about":[{"href":"https:\/\/analyse.optim.biz\/index.php?rest_route=\/wp\/v2\/types\/post"}],"author":[{"embeddable":true,"href":"https:\/\/analyse.optim.biz\/index.php?rest_route=\/wp\/v2\/users\/1"}],"replies":[{"embeddable":true,"href":"https:\/\/analyse.optim.biz\/index.php?rest_route=%2Fwp%2Fv2%2Fcomments&post=230094"}],"version-history":[{"count":0,"href":"https:\/\/analyse.optim.biz\/index.php?rest_route=\/wp\/v2\/posts\/230094\/revisions"}],"wp:featuredmedia":[{"embeddable":true,"href":"https:\/\/analyse.optim.biz\/index.php?rest_route=\/wp\/v2\/media\/230095"}],"wp:attachment":[{"href":"https:\/\/analyse.optim.biz\/index.php?rest_route=%2Fwp%2Fv2%2Fmedia&parent=230094"}],"wp:term":[{"taxonomy":"category","embeddable":true,"href":"https:\/\/analyse.optim.biz\/index.php?rest_route=%2Fwp%2Fv2%2Fcategories&post=230094"},{"taxonomy":"post_tag","embeddable":true,"href":"https:\/\/analyse.optim.biz\/index.php?rest_route=%2Fwp%2Fv2%2Ftags&post=230094"}],"curies":[{"name":"wp","href":"https:\/\/api.w.org\/{rel}","templated":true}]}}