{"id":230057,"date":"2013-03-13T10:29:17","date_gmt":"2013-03-13T07:29:17","guid":{"rendered":"https:\/\/analyse.optim.biz\/?p=230057"},"modified":"2013-03-13T10:29:17","modified_gmt":"2013-03-13T07:29:17","slug":"audiat-deputatul-andras-levente-mate-invinuit-dupa-ce-si-a-angajat-sotia-la-biroul-parlamentar","status":"publish","type":"post","link":"https:\/\/analyse.optim.biz\/?p=230057","title":{"rendered":"AUDIAT. Deputatul Andras-Levente Mate, \u00eenvinuit dup\u0103 ce \u015fi-a angajat so\u0163ia la biroul parlamentar"},"content":{"rendered":"<div class=\"entry data-app-meta data-app-meta-article\" data-embed-base-url-canonical=\"https:\/\/www.digi24.ro\/embed\/stiri\/actualitate\/politica\/audiat-deputatul-andras-levente-mate-invinuit-dupa-ce-si-a-angajat-sotia-la-biroul-parlamentar-55410\">\n<p data-index=\"1\"> \u00cen septembrie 2011, <a href=\"http:\/\/www.integritate.eu\/1654\/section.aspx\/2086\" data-skip-linkfix=\"1\">Agen\u0163ia Na\u0163ional\u0103 de Integritate a constatat<\/a> c\u0103 parlamentarul a propus \u015fi a avizat angajarea \u00een baza unui contract individual de munc\u0103 a so\u0163iei sale, Erzsebet Mate, la biroul parlamentar din Cluj.<\/p>\n<p data-index=\"2\"> Contractul a fost \u00eencheiat pentru perioada 16 martie 2010 \u2013 1 ianuarie 2011.<\/p>\n<p data-index=\"3\"> \u00cen aceste condi\u0163ii, inspectorii de integritate au dispus atunci sesizarea Parchetului \u00cenaltei Cur\u0163i de Casa\u0163ie \u015fi Justi\u0163ie, pentru a-l cerceta pe Andras-Levente Mate pentru infrac\u0163iunea de conflict de interese.<\/p>\n<h5> C\u00e2t a c\u00e2\u0219tigat so\u021bia deputatului<\/h5>\n<p data-index=\"4\"><span>Procurorii Parhetului de pe l\u00e2ng\u0103 \u00cenalta Curte de Casa\u0163ie \u015fi Justi\u0163ie au dispus \u00eenceperea urm\u0103ririi penale fa\u0163\u0103 de Mate Andras Levente, pentru conflict de interese, dup\u0103 ce so\u021bia sa a fost angajat\u0103, la propunerea deputatului maghiar, de c\u0103tre Camera Deputa\u021bilor prin contract individual de munc\u0103 pentru perioada 16.03.2010 \u2013 sf\u00e2r\u0219itul mandatului de deputat. Contract de munc\u0103 care a fost avizat chiar de c\u0103tre acesta.<\/span><\/p>\n<p data-index=\"5\"><span>\u201e\u00cen baza contractului de munc\u0103 astfel \u00eencheiat, so\u021bia deputatului Mate Andras-Levente a \u00eencasat, \u00een perioada martie 2010-ianuarie 2011, suma total\u0103 de 5.508 lei\u201d, arat\u0103 <a href=\"http:\/\/www.mpublic.ro\/presa\/2013\/c_13_03_2013.htm\" target=\"_blank\" data-skip-linkfix=\"1\" rel=\"noopener\">comunicatul Ministerului Public<\/a>.<\/span><\/p>\n<h5> \u201eAm angajat-o timp de \u015fase luni, cu c\u00e2te 500 de lei lunar\u201d<\/h5>\n<p data-index=\"6\"> Deputatul a declarat c\u0103 a venit s\u0103 depun\u0103 ni\u015fte acte.<\/p>\n<p data-index=\"7\"> Referitor la angajarea so\u0163iei sale, el a spus c\u0103 aceasta lucra \u00een jurnalistic\u0103 \u015fi contractul a fost \u00eencheiat pentru timp de \u015fase luni, cu 500 de lei lunar.<\/p>\n<p data-index=\"8\"> \u201eAm zis s\u0103 lucreze mai bine la mine. Nu v\u0103d nicio problem\u0103. <strong>O puteam angaja f\u0103r\u0103 nicio problem\u0103<\/strong>\u201d, a sus\u0163inut parlamentarul.<\/p>\n<p data-index=\"9\"> El a subliniat c\u0103 sus\u0163ine men\u0163inerea ANI, dar a subliniat c\u0103 agen\u0163ia ar trebui s\u0103 func\u0163ioneze ca departament \u00een cadrul Corpului magistra\u0163ilor sau a parchetului, nu ca o institu\u0163ie cu func\u0163ionari publici.<\/p>\n<p data-index=\"10\"> Actele eliberate de ANI sunt administrative, iar un act administrativ nu poate restr\u00e2nge un act constitu\u0163ional, a motivat parlamentarul.<\/p>\n<p data-index=\"11\"> El a apreciat c\u0103, \u00een raport cu salariile profesorilor \u015fi ale medicilor, veniturile inspectorilor ANI sunt foarte mari.<\/p>\n<\/div>\n<p> Source URL: https:\/\/www.digi24.ro\/stiri\/actualitate\/politica\/audiat-deputatul-andras-levente-mate-invinuit-dupa-ce-si-a-angajat-sotia-la-biroul-parlamentar-55410<\/p>\n","protected":false},"excerpt":{"rendered":"<p>\u00cen septembrie 2011, Agen\u0163ia Na\u0163ional\u0103 de Integritate a constatat c\u0103 parlamentarul a propus \u015fi a avizat angajarea \u00een baza unui contract individual de munc\u0103 a so\u0163iei sale, Erzsebet Mate, la biroul parlamentar din Cluj. Contractul a fost \u00eencheiat pentru perioada 16 martie 2010 \u2013 1 ianuarie 2011. \u00cen aceste condi\u0163ii, inspectorii de integritate au dispus [&hellip;]<\/p>\n","protected":false},"author":1,"featured_media":230058,"comment_status":"open","ping_status":"","sticky":false,"template":"","format":"standard","meta":{"footnotes":""},"categories":[2],"tags":[11],"class_list":["post-230057","post","type-post","status-publish","format-standard","has-post-thumbnail","hentry","category-politics","tag-digi24"],"_links":{"self":[{"href":"https:\/\/analyse.optim.biz\/index.php?rest_route=\/wp\/v2\/posts\/230057","targetHints":{"allow":["GET"]}}],"collection":[{"href":"https:\/\/analyse.optim.biz\/index.php?rest_route=\/wp\/v2\/posts"}],"about":[{"href":"https:\/\/analyse.optim.biz\/index.php?rest_route=\/wp\/v2\/types\/post"}],"author":[{"embeddable":true,"href":"https:\/\/analyse.optim.biz\/index.php?rest_route=\/wp\/v2\/users\/1"}],"replies":[{"embeddable":true,"href":"https:\/\/analyse.optim.biz\/index.php?rest_route=%2Fwp%2Fv2%2Fcomments&post=230057"}],"version-history":[{"count":0,"href":"https:\/\/analyse.optim.biz\/index.php?rest_route=\/wp\/v2\/posts\/230057\/revisions"}],"wp:featuredmedia":[{"embeddable":true,"href":"https:\/\/analyse.optim.biz\/index.php?rest_route=\/wp\/v2\/media\/230058"}],"wp:attachment":[{"href":"https:\/\/analyse.optim.biz\/index.php?rest_route=%2Fwp%2Fv2%2Fmedia&parent=230057"}],"wp:term":[{"taxonomy":"category","embeddable":true,"href":"https:\/\/analyse.optim.biz\/index.php?rest_route=%2Fwp%2Fv2%2Fcategories&post=230057"},{"taxonomy":"post_tag","embeddable":true,"href":"https:\/\/analyse.optim.biz\/index.php?rest_route=%2Fwp%2Fv2%2Ftags&post=230057"}],"curies":[{"name":"wp","href":"https:\/\/api.w.org\/{rel}","templated":true}]}}