{"id":229815,"date":"2013-03-18T03:25:13","date_gmt":"2013-03-18T00:25:13","guid":{"rendered":"https:\/\/analyse.optim.biz\/?p=229815"},"modified":"2013-03-18T03:25:13","modified_gmt":"2013-03-18T00:25:13","slug":"elena-udrea-nu-sunt-de-acord-cu-autonomia-teritoriala-ci-doar-cu-cea-administrativa","status":"publish","type":"post","link":"https:\/\/analyse.optim.biz\/?p=229815","title":{"rendered":"Elena Udrea: Nu sunt de acord cu autonomia teritorial\u0103, ci doar cu cea administrativ\u0103"},"content":{"rendered":"<div class=\"entry data-app-meta data-app-meta-article\" data-embed-base-url-canonical=\"https:\/\/www.digi24.ro\/embed\/stiri\/actualitate\/politica\/elena-udrea-nu-sunt-de-acord-cu-autonomia-teritoriala-ci-doar-cu-cea-administrativa-57326\">\n<div class=\"mediaImportedWrapper mediaSingle articleCover mceNonEditable\"><img decoding=\"async\" class=\"mediaImported mediaInlineItem\" src=\"https:\/\/analyse.optim.biz\/wp-content\/uploads\/2024\/09\/c2g9nde5ytdjytzlmgu1zjzjmdaznde0zdhinti3mgvlmjq-thumb_.jpg\" data-skip-htmlfix=\"1\" title=\"c2g9nde5ytdjytzlmgu1zjzjmdaznde0zdhinti3mgvlmjq-thumb_\"><\/div>\n<p data-index=\"1\"> Aflat\u0103 la B\u0103ile Tu\u015fnad, unde \u015fi-a prezentat mo\u0163iunea \u00een vederea alegerilor pentru \u015fefia PDL, care vor avea loc la sf\u00e2r\u015fitul s\u0103pt\u0103m\u00e2nii viitoare, Elena Udrea a fost \u00eentrebat\u0103 ce crede despre <a href=\"https:\/\/www.digi24.ro\/stire\/K-Hunor-Celor-care-nu-inteleg-nazuintele-maghiarilor-le-spun-raspicat-sa-priceapa-autonomia_88140\" data-skip-linkfix=\"1\">declara\u0163iile pre\u015fedintelui UDMR, Kelemen Hunor<\/a>, care a spus recent c\u0103 n\u0103zuin\u0163a comunit\u0103\u0163ii maghiare este autonomia teritorial\u0103.<\/p>\n<p data-index=\"2\"> &#8220;Categoric sunt, \u00een acest moment, pentru neatingerea articolului 1 din Constitu\u0163ie. <strong>Nu sunt de acord cu autonomia teritorial\u0103, dar sunt de acord cu autonomia administrativ\u0103<\/strong>, a\u015fa cum ne dorim cu to\u0163ii\u201d, a spus Elena Udrea.<\/p>\n<h5> Politicienii trebuie s\u0103 fie mai responsabili<\/h5>\n<p data-index=\"3\"> Aceasta consider\u0103 c\u0103 politicienii trebuie s\u0103 manifeste responsabilitate, multe probleme fiind generate de interesele politicianiste care se manifest\u0103, de obicei, \u00een preajma alegerilor, fie \u00een Rom\u00e2nia, fie \u00een Ungaria.<\/p>\n<p data-index=\"4\"> Referitor la o alt\u0103 cerere a lui Kelemen Hunor, care dore\u015fte o recunoa\u015ftere oficial\u0103, prin Constitu\u0163ie, a limbii maghiare \u00een Transilvania, Udrea a afirmat c\u0103 <strong>utilizarea limbii maghiare \u00een institu\u0163iile publice \u015fi de \u00eenv\u0103\u0163\u0103m\u00e2nt este suficient\u0103<\/strong>.<\/p>\n<p data-index=\"5\"> \u00cen opinia Elenei Udrea, <strong>&#8220;zona a fost \u0163inut\u0103 \u00een s\u0103r\u0103cie tocmai pentru a putea fi manipulat\u0103 de politicieni&#8221;<\/strong> cu argumente etnice, pentru a putea puncta electoral.<\/p>\n<p data-index=\"6\"> Referitor la arborarea drapelului secuiesc, deputatul PDL a spus c\u0103 aceast\u0103 problem\u0103 ar trebui reglementat\u0103 de Guvernul Rom\u00e2niei.<\/p>\n<p data-index=\"7\"> \u00centrebat\u0103 de ce Guvernul Boc, din care a f\u0103cut parte \u00een calitate de ministru al Turismului, nu a luat m\u0103suri \u00eenc\u0103 din 2010, Elena Udrea a spus c\u0103 nu a \u015ftiut c\u0103 acest steag a fost ridicat pe administra\u0163iile publice.<\/p>\n<\/div>\n<p> Source URL: https:\/\/www.digi24.ro\/stiri\/actualitate\/politica\/elena-udrea-nu-sunt-de-acord-cu-autonomia-teritoriala-ci-doar-cu-cea-administrativa-57326<\/p>\n","protected":false},"excerpt":{"rendered":"<p>Aflat\u0103 la B\u0103ile Tu\u015fnad, unde \u015fi-a prezentat mo\u0163iunea \u00een vederea alegerilor pentru \u015fefia PDL, care vor avea loc la sf\u00e2r\u015fitul s\u0103pt\u0103m\u00e2nii viitoare, Elena Udrea a fost \u00eentrebat\u0103 ce crede despre declara\u0163iile pre\u015fedintelui UDMR, Kelemen Hunor, care a spus recent c\u0103 n\u0103zuin\u0163a comunit\u0103\u0163ii maghiare este autonomia teritorial\u0103. &#8220;Categoric sunt, \u00een acest moment, pentru neatingerea articolului 1 [&hellip;]<\/p>\n","protected":false},"author":1,"featured_media":229816,"comment_status":"open","ping_status":"","sticky":false,"template":"","format":"standard","meta":{"footnotes":""},"categories":[2],"tags":[11],"class_list":["post-229815","post","type-post","status-publish","format-standard","has-post-thumbnail","hentry","category-politics","tag-digi24"],"_links":{"self":[{"href":"https:\/\/analyse.optim.biz\/index.php?rest_route=\/wp\/v2\/posts\/229815","targetHints":{"allow":["GET"]}}],"collection":[{"href":"https:\/\/analyse.optim.biz\/index.php?rest_route=\/wp\/v2\/posts"}],"about":[{"href":"https:\/\/analyse.optim.biz\/index.php?rest_route=\/wp\/v2\/types\/post"}],"author":[{"embeddable":true,"href":"https:\/\/analyse.optim.biz\/index.php?rest_route=\/wp\/v2\/users\/1"}],"replies":[{"embeddable":true,"href":"https:\/\/analyse.optim.biz\/index.php?rest_route=%2Fwp%2Fv2%2Fcomments&post=229815"}],"version-history":[{"count":0,"href":"https:\/\/analyse.optim.biz\/index.php?rest_route=\/wp\/v2\/posts\/229815\/revisions"}],"wp:featuredmedia":[{"embeddable":true,"href":"https:\/\/analyse.optim.biz\/index.php?rest_route=\/wp\/v2\/media\/229816"}],"wp:attachment":[{"href":"https:\/\/analyse.optim.biz\/index.php?rest_route=%2Fwp%2Fv2%2Fmedia&parent=229815"}],"wp:term":[{"taxonomy":"category","embeddable":true,"href":"https:\/\/analyse.optim.biz\/index.php?rest_route=%2Fwp%2Fv2%2Fcategories&post=229815"},{"taxonomy":"post_tag","embeddable":true,"href":"https:\/\/analyse.optim.biz\/index.php?rest_route=%2Fwp%2Fv2%2Ftags&post=229815"}],"curies":[{"name":"wp","href":"https:\/\/api.w.org\/{rel}","templated":true}]}}