{"id":229812,"date":"2013-03-18T14:01:11","date_gmt":"2013-03-18T11:01:11","guid":{"rendered":"https:\/\/analyse.optim.biz\/?p=229812"},"modified":"2013-03-18T14:01:11","modified_gmt":"2013-03-18T11:01:11","slug":"senatorul-psd-sorin-constantin-lazar-si-deputatul-udmr-karoly-kerekes-urmariti-penal-pentru-conflict-de-interese","status":"publish","type":"post","link":"https:\/\/analyse.optim.biz\/?p=229812","title":{"rendered":"Senatorul PSD Sorin Constantin Laz\u0103r \u0219i deputatul UDMR Karoly Kerekes, urm\u0103ri\u021bi penal pentru conflict de interese"},"content":{"rendered":"<div class=\"entry data-app-meta data-app-meta-article\" data-embed-base-url-canonical=\"https:\/\/www.digi24.ro\/embed\/stiri\/actualitate\/politica\/senatorul-psd-sorin-constantin-lazar-si-deputatul-udmr-karoly-kerekes-urmariti-penal-pentru-conflict-de-interese-57508\">\n<div class=\"mediaImportedWrapper mediaSingle articleCover mceNonEditable\"><img decoding=\"async\" class=\"mediaImported mediaInlineItem\" src=\"https:\/\/analyse.optim.biz\/wp-content\/uploads\/2024\/09\/nju4njq1odfjm2qxzmmyyjczzwrmmju0mjm-thumb_.jpg\" data-skip-htmlfix=\"1\" title=\"nju4njq1odfjm2qxzmmyyjczzwrmmju0mjm-thumb_\"><\/div>\n<p data-index=\"1\"> Procurorii Sec\u0163iei de urm\u0103rire penal\u0103 \u015fi criminalistic\u0103 din cadrul Parchetului de pe l\u00e2ng\u0103 \u00cenalta Curte de Casa\u0163ie \u015fi Justi\u0163ie au dispus \u00eenceperea urm\u0103ririi penale fa\u0163\u0103 de doi parlamentari pentru infrac\u0163iunea de conflict de interese. Potrivit <strong><a href=\"http:\/\/www.mpublic.ro\/presa\/2013\/c_18_03_2013.htm\" target=\"_blank\" data-skip-linkfix=\"1\" rel=\"noopener\">comunicatului<\/a><\/strong>de luni al P\u00ceCCJ, este vorba despre:<\/p>\n<p data-index=\"2\"> &#8211; <strong>LAZ\u0102R SORIN CONSTANTIN<\/strong> (senator PSD de Ia\u0219i \u00een Parlamentul Rom\u00e2niei). \u00cenvinuitul, \u00een calitate de senator, a propus angajarea \u015fi <strong>a avizat contractul individual de munc\u0103 \u00een baza c\u0103ruia fiul s\u0103u a fost angajat \u00een perioada 01.09.2010 \u2013 01.10.2011 la biroul parlamentar de circumscrip\u0163ie<\/strong>.<\/p>\n<p data-index=\"3\"> &#8211; <strong>KEREKES K\u00c1ROLY<\/strong> (deputat UDMR \u00een Parlamentul Rom\u00e2niei, cinci acte materiale). \u00cen perioada 03.10.2006 \u2013 18.05.2009, \u00een calitate de deputat, a propus \u00een mod repetat \u015fi <strong>a avizat angajarea \u00een cadrul biroului s\u0103u parlamentar a fiului s\u0103u \u015fi a perfectat trei contracte civile de prest\u0103ri servicii cu so\u0163ia sa pentru activit\u0103\u0163i remunerate de Camera Deputa\u0163ilor<\/strong>.<\/p>\n<p data-index=\"4\"> \u00cen comunicatul Ministerului Public se face precizarea c\u0103 \u00eenceperea urm\u0103ririi penale este o etap\u0103 a procesului penal reglementat\u0103 de Codul de procedur\u0103 penal\u0103, av\u00e2nd ca scop crearea cadrului procesual de administrare a probatoriului, activitate care nu poate, \u00een nici o situa\u0163ie, s\u0103 \u00eenfr\u00e2ng\u0103 principiul prezum\u0163iei de nevinov\u0103\u0163ie.<\/p>\n<\/div>\n<p> Source URL: https:\/\/www.digi24.ro\/stiri\/actualitate\/politica\/senatorul-psd-sorin-constantin-lazar-si-deputatul-udmr-karoly-kerekes-urmariti-penal-pentru-conflict-de-interese-57508<\/p>\n","protected":false},"excerpt":{"rendered":"<p>Procurorii Sec\u0163iei de urm\u0103rire penal\u0103 \u015fi criminalistic\u0103 din cadrul Parchetului de pe l\u00e2ng\u0103 \u00cenalta Curte de Casa\u0163ie \u015fi Justi\u0163ie au dispus \u00eenceperea urm\u0103ririi penale fa\u0163\u0103 de doi parlamentari pentru infrac\u0163iunea de conflict de interese. Potrivit comunicatuluide luni al P\u00ceCCJ, este vorba despre: &#8211; LAZ\u0102R SORIN CONSTANTIN (senator PSD de Ia\u0219i \u00een Parlamentul Rom\u00e2niei). \u00cenvinuitul, \u00een [&hellip;]<\/p>\n","protected":false},"author":1,"featured_media":229813,"comment_status":"open","ping_status":"","sticky":false,"template":"","format":"standard","meta":{"footnotes":""},"categories":[2],"tags":[11],"class_list":["post-229812","post","type-post","status-publish","format-standard","has-post-thumbnail","hentry","category-politics","tag-digi24"],"_links":{"self":[{"href":"https:\/\/analyse.optim.biz\/index.php?rest_route=\/wp\/v2\/posts\/229812","targetHints":{"allow":["GET"]}}],"collection":[{"href":"https:\/\/analyse.optim.biz\/index.php?rest_route=\/wp\/v2\/posts"}],"about":[{"href":"https:\/\/analyse.optim.biz\/index.php?rest_route=\/wp\/v2\/types\/post"}],"author":[{"embeddable":true,"href":"https:\/\/analyse.optim.biz\/index.php?rest_route=\/wp\/v2\/users\/1"}],"replies":[{"embeddable":true,"href":"https:\/\/analyse.optim.biz\/index.php?rest_route=%2Fwp%2Fv2%2Fcomments&post=229812"}],"version-history":[{"count":0,"href":"https:\/\/analyse.optim.biz\/index.php?rest_route=\/wp\/v2\/posts\/229812\/revisions"}],"wp:featuredmedia":[{"embeddable":true,"href":"https:\/\/analyse.optim.biz\/index.php?rest_route=\/wp\/v2\/media\/229813"}],"wp:attachment":[{"href":"https:\/\/analyse.optim.biz\/index.php?rest_route=%2Fwp%2Fv2%2Fmedia&parent=229812"}],"wp:term":[{"taxonomy":"category","embeddable":true,"href":"https:\/\/analyse.optim.biz\/index.php?rest_route=%2Fwp%2Fv2%2Fcategories&post=229812"},{"taxonomy":"post_tag","embeddable":true,"href":"https:\/\/analyse.optim.biz\/index.php?rest_route=%2Fwp%2Fv2%2Ftags&post=229812"}],"curies":[{"name":"wp","href":"https:\/\/api.w.org\/{rel}","templated":true}]}}