{"id":229537,"date":"2013-03-23T12:10:33","date_gmt":"2013-03-23T09:10:33","guid":{"rendered":"https:\/\/analyse.optim.biz\/?p=229537"},"modified":"2013-03-23T12:10:33","modified_gmt":"2013-03-23T09:10:33","slug":"traian-basescu-catre-pdl-am-pus-tara-deasupra-interesului-de-partid-stiu-asta-nu-v-a-facut-fericiti-ca-oameni-politici","status":"publish","type":"post","link":"https:\/\/analyse.optim.biz\/?p=229537","title":{"rendered":"Traian B\u0103sescu c\u0103tre PDL: Am pus \u0163ara deasupra interesului de partid. \u015etiu, asta nu v-a f\u0103cut ferici\u0163i ca oameni politici"},"content":{"rendered":"<div class=\"entry data-app-meta data-app-meta-article\" data-embed-base-url-canonical=\"https:\/\/www.digi24.ro\/embed\/stiri\/actualitate\/politica\/traian-basescu-catre-pdl-am-pus-tara-deasupra-interesului-de-partid-stiu-asta-nu-v-a-facut-fericiti-ca-oameni-politici-59617\">\n<p data-index=\"1\">Traian B\u0103sescu are un singur repro\u015f c\u0103tre PDL: scorul de la alegerile parlamentare \u015fi lipsa de combativitate. \u00cen schimb, le-a mul\u0163umit democrat-liberalilor pentru \u00eenceperea procesului de modernizare a Rom\u00e2niei \u015fi \u00een special guvernului Boc, pentru curajul de a lua m\u0103suri dure \u00een perioad\u0103 de criz\u0103. Un alt mesaj al discursului ce a durat nu mai pu\u0163in de 37 de minute este un sfat esen\u0163ial c\u0103tre fo\u015ftii lui colegi: s\u0103 mearg\u0103 pe m\u00e2na tinerilor.<\/p>\n<p data-index=\"2\"> Conven\u0163ia Partidului Democrat Liberal reune\u015fte 5000 de delega\u0163i care au de ales \u00eentre cei trei candida\u0163i la \u015fefia forma\u0163iunii: Vasile Blaga, Elena Udrea \u015fi Monica Macovei, \u00een ordinea \u015fanselor.<\/p>\n<p data-index=\"3\"><strong><a href=\"https:\/\/www.digi24.ro\/stire\/Alegeri-in-PDL-Udrea-Blaga-si-Macovei-disputa-sefia-partidului_89926\" target=\"_blank\" data-skip-linkfix=\"1\" rel=\"noopener\">Cele mai importante momente ale Conven\u0163iei Na\u0163ionale a PDL de la Romexpo, \u00een actualizare de-a lungul \u00eentregului eveniment<\/a><\/strong><\/p>\n<p data-index=\"4\"><strong><a href=\"https:\/\/www.digi24.ro\/stire\/Traian-Basescu-Dati-o-sansa-tinerilor-Acesta-a-fost-secretul-succesului-cu-PDL_89998\" target=\"_blank\" data-skip-linkfix=\"1\" rel=\"noopener\">Traian B\u0103sescu: \u201eDa\u0163i o \u015fans\u0103 tinerilor. Acesta a fost secretul succesului cu PDL\u201d<\/a><\/strong><\/p>\n<p data-index=\"5\"><strong><a href=\"https:\/\/www.digi24.ro\/stire\/Traian-Basescu-Cand-Legea-Educatiei-modificata-de-PSD-va-veni-la-promulgare-o-voi-trimite-inapoi_89986\" target=\"_blank\" data-skip-linkfix=\"1\" rel=\"noopener\">Traian B\u0103sescu: \u201eC\u00e2nd Legea Educa\u0163iei modificat\u0103 de PSD va veni la promulgare, o voi trimite \u00eenapoi\u201d<\/a><\/strong><\/p>\n<p data-index=\"6\"><strong><span><a href=\"https:\/\/www.digi24.ro\/stire\/CONGRES-PDL-Radu-F-Alexandru-Optiunea-lui-Traian-Basescu-e-cunoscuta-Elena-Udrea_89946\" target=\"_blank\" data-skip-linkfix=\"1\" rel=\"noopener\">CONVEN\u0162IA NA\u0162IONAL\u0102 PDL. Radu F. Alexandru: Op\u0163iunea lui Traian B\u0103sescu e cunoscut\u0103 &#8211; Elena Udrea<\/a><\/span><\/strong><\/p>\n<h5><span>Iat\u0103 discursul integral al pre\u015fedintelui:<\/span><\/h5>\n<h5><span>\u201e<b>Am venit s\u0103 vedem dac\u0103 \u00een continuare avem puncte comune care s\u0103 ne fac\u0103 parteneri pentru viitor\u201d<\/b><\/span><\/h5>\n<p data-index=\"7\"> &#8211; Am mai primit invita\u0163ii, dar aici am venit cu dragoste. Am venit nu numai cu ma\u015fina, dar \u015fi cu sufletul. Ceea ce nu m\u0103 va opri s\u0103 v\u0103 vorbesc \u00een calitate de pre\u015fedinte, \u015fi nu de membru al PDL, pentru c\u0103 nu mai sunt membru PDL.<\/p>\n<p data-index=\"8\"> &#8211; <strong>Nu am venit s\u0103 sus\u0163in un candidat sau altul. Op\u0163iunile mele sunt cunoscute, a\u015fa c\u0103 am venit s\u0103 vedem dac\u0103 \u00een continuare avem puncte comune care s\u0103 ne fac\u0103 parteneri pentru viitor sau nu.<\/strong><\/p>\n<p data-index=\"9\"> &#8211; Voi fi extrem de cinstit cu voi \u015fi ceea ce v\u0103 voi spune, chiar dac\u0103 nu este foarte bine, este ceea ce cred eu \u00een mod cinstit. Sunte\u0163i \u00eentr-un moment de cump\u0103n\u0103 al partidului pentru c\u0103, \u00een calitate de pre\u015fedinte, v\u0103d nevoia unui partid consolidat de drepata \u00een e\u015fichierul politic. \u00cen momentul de fa\u0163\u0103 nu exist\u0103 o structur\u0103 politic\u0103 pe partea dreapt\u0103 a e\u015fichierului politic care s\u0103 duc\u0103 Rom\u00e2nia spre progres.<\/p>\n<h5><span>Tinerii:<\/span><span>\u201e<\/span><span>Da\u0163i-le o \u015fans\u0103\u201d<\/span><\/h5>\n<p data-index=\"10\"> &#8211; Ca s\u0103 putem s\u0103 fim parteneri \u00een viitor, vreau s\u0103 \u015fti\u0163i obiectivele mele:<\/p>\n<p data-index=\"11\"> &#8211; Primul este continuarea \u015fi accelerarea procesului de integrare \u00een UE. Asta \u00eenseamn\u0103 trei lucruri esen\u0163iale &#8211; acces \u00een spa\u0163iul Schengen, accesul \u00een eurozon\u0103, \u015fi o economie competitiv\u0103 care s\u0103 nu fie strivit\u0103 de preten\u0163iile zonei euro atunci c\u00e2nd vom intra.<\/p>\n<p data-index=\"12\"> &#8211; Al doilea este legat de <strong>tineret<\/strong>. <strong>\u00cen momentul de fa\u0163\u0103, Rom\u00e2nia are o mare problem\u0103 cu t\u00e2n\u0103ra genera\u0163ie care nu poate identifica un orizont de timp \u015fi de fapte \u00een care Rom\u00e2nia va fi orizontul \u015fi nu mersul \u00een str\u0103in\u0103tate. Consolidarea Legii educa\u0163iei \u015fi crearea de locuri de munc\u0103 sunt solu\u0163iile. PDL, pentru a-mi fi partener, trebuie s\u0103 se bat\u0103 pentru a asigura resurse financiare pentru crearea de locuri de munc\u0103 pentru tineri. Promovarea genera\u0163iei tinere \u00een administra\u0163ie poate fi un semn c\u0103 PDL are acest obiectiv. Da\u0163i-le o \u015fans\u0103.<\/strong><\/p>\n<p data-index=\"13\"> &#8211; Un alt obiectiv pe care \u00eel am ca \u015fef al statului rom\u00e2n este acela de a crea condi\u0163ii \u00een \u0163ar\u0103 pentru ca Rom\u00e2nia s\u0103 fie ap\u0103rat\u0103 \u00een interiorul UE.<\/p>\n<p data-index=\"14\"> &#8211; Nu po\u0163i s\u0103 spui: vreau \u00een Schengen c\u00e2nd tu ai mini\u015ftri cu dosare penale \u00een instan\u0163\u0103. Este un principiu pe care voi la guvernare l-a\u0163i respectat. Rom\u00e2nia nu poate face pa\u015fi \u00eenapoi!<\/p>\n<p data-index=\"15\"> &#8211; Absorb\u0163ia fondurilor de la UE pentru crearea de locuri de munc\u0103 \u015fi dezvoltarea \u0163\u0103rii este un alt obiectiv al meu.<\/p>\n<p data-index=\"16\"> &#8211; Anul 2011 a fost cel mai bun an din punct de vedere al absorb\u0163iei fondurilor europene, din 2007 p\u00e2n\u0103 acum. Guvernul Emil Boc a plecat de la guvernare cu un nivel de absorb\u0163ie de 11%, acum este de 12,7%.<\/p>\n<h5><span>Parlament unicameral cu 300 de parlamentari. Protocolul cu Victor Ponta ar trebui \u201es\u0103 devin\u0103 realitate\u201d<\/span><\/h5>\n<p data-index=\"17\"> &#8211; Men\u0163in toate toate obiectivele r\u0103mase ne\u00eendeplinite \u00een timpul guvern\u0103rii Boc &#8211; reorganizarea administrativ\u0103, revizuirea Constitu\u0163iei \u00een baza referendumului din 2009 (parlament unicameral cu 300 de parlamentari), o nou\u0103 lege electoral\u0103 \u015fi <strong>reglementarea s\u0103n\u0103t\u0103\u0163ii, \u00een care trebuie s\u0103 permitem accesul resurselor financiare private<\/strong> pentru a rotunji resursele, pentru a asigura o asisten\u0163\u0103 medical\u0103 corespunz\u0103toare rom\u00e2nilor.<\/p>\n<p data-index=\"18\"> &#8211; Aceste obiective interne, fie c\u0103 vorbim de Legea S\u0103n\u0103t\u0103\u0163ii, Legea Electoral\u0103, revizuirea Constitu\u0163iei, reorganizarea administrativ\u0103 &#8211; sunt obiective pe care, prin negociere, le-am \u00eenscris \u015fi prin <strong>acordul de coabitare cu prim-ministrul Rom\u00e2niei, Victor Ponta<\/strong>.<\/p>\n<p data-index=\"19\"> &#8211; Sunt obiectivele la care \u0163in \u015fi pentru care <strong>a\u015f avea nevoie de sprijinul vostru politic pentru ca acest protocol politic s\u0103 devin\u0103 realitate<\/strong>. Pentru c\u0103 exist\u0103 \u00een USL o politic\u0103 de opozi\u0163ie fa\u0163\u0103 de o corect\u0103 reorganizare politic\u0103 a \u0163\u0103rii, o lege electoral\u0103 sau a s\u0103n\u0103t\u0103\u0163ii care s\u0103 dea \u015fanse unei \u00eembun\u0103t\u0103\u0163iri a popula\u0163iei Rom\u00e2niei \u015fi a unei asisten\u0163e medicale corespunz\u0103toare.<\/p>\n<h5><span>\u201e<b>C\u00e2nd Legea Educa\u0163iei modificat\u0103 de PSD va veni la promulgare, o voi trimite \u00eenapoi\u201d<\/b><\/span><\/h5>\n<p data-index=\"20\"> &#8211; Aici ar trebui s\u0103 pun cap\u0103t discursului meu. N-am s-o fac, dintr-un motiv simplu: mandatul meu nu este numai despre viitor, ci \u015fi despre trecut. Mandatul dvs s-a suprapus cu cea mai mare parte a mandatului meu. Am v\u0103zut interpret\u0103ri eronate, inclusiv \u00een interiorul partidului, \u015fi vreau s\u0103 \u015ftit\u0163i aprecierea mea cu privire la guvernarea dumneavoastr\u0103, guvernare pe care o consider parte a moderniz\u0103rii Rom\u00e2niei.<\/p>\n<p data-index=\"21\"> &#8211; \u00cen 2009 am avut o campanie puternic sus\u0163inut\u0103 de voi to\u0163i \u015fi de multe alte zeci de mii de activi\u015fti ai PDL, \u00een care obiectivul pe care \u00eel propuneam era modernizarea statului. A\u0163i f\u0103cut foarte multe. <strong>Noua Lege a Educa\u0163iei este destinat\u0103 s\u0103 dea \u015fanse la nivelul tinerei genera\u0163ii \u015fi s\u0103 desfiin\u0163eze impostura.<\/strong><\/p>\n<p data-index=\"22\"> &#8211; Despre Clasa 0: Vreau s\u0103 \u015fti\u0163i c\u0103 acea comisie preziden\u0163ial\u0103 care a lucrat pentru a diagnostica problemele din educa\u0163ie a identificat diferen\u0163a uria\u015f\u0103 dintre un copil care trece prin clasa 0 sau cel care trece din gr\u0103dini\u0163\u0103 direct \u00een clasa I.<\/p>\n<p data-index=\"23\"> &#8211; Ce \u00eencearc\u0103 s\u0103 modifice PSD-ul&#8230; sigur c\u0103 ne vom opune. <strong>Sau atunci c\u00e2nd legea va veni la promulgare, o voi trimite \u00eenapoi, pentru c\u0103 titlurile universitare trebuie ob\u0163inute la nivelul de exigen\u0163\u0103 al legii promovate de Miclea \u015fi Funeriu. A\u0163i f\u0103cut o Lege a Educa\u0163iei excep\u0163ional\u0103, apreciat\u0103 \u00een UE.<\/strong><\/p>\n<h5><span><b>A\u0163i avut contribu\u0163ii extraordinare pe care parc\u0103 v\u0103 este greu s\u0103 le valorifica\u0163i. A\u0163i avut o contribu\u0163ie extraordinar\u0103 la \u00eenceperea procesului de modernizare a statului \u015fi pentru acest lucru, eu, pre\u015fedintele Rom\u00e2niei, v\u0103 mul\u0163umesc. (&#8230;) Am f\u0103cut ce face un om politic responsabil: am pus \u0163ara deasupra interesului de partid \u015fi am decis ca \u00een paralel cu m\u0103surile de reechilibrare macroeconomic\u0103 a \u0163\u0103rii s\u0103 \u00eempingem \u00eenainte \u015fi procesul de modernizare a \u0163\u0103rii. \u015etiu c\u0103 asta nu v-a f\u0103cut ferici\u0163i ca oameni politici<\/b><\/span><\/h5>\n<p data-index=\"24\"> &#8211; A\u0163i f\u0103cut patru noi coduri pentru justi\u0163ie. Ve\u0163i putea trece \u00een istoria partidului faptul c\u0103 a\u0163i reformat justi\u0163ia. Singura problem\u0103 care a mai r\u0103mas este implementarea celor dou\u0103 coduri legate de activitatea penal\u0103 a justi\u0163iei.<\/p>\n<p data-index=\"25\"> &#8211; A\u0163i liberalizat pia\u0163a muncii, \u00een deplin acord cu agenda 2020 a UE. A\u0163i modernizat sistemul de pensii, \u00een deplin acord cu tendin\u0163ele \u015fi cerin\u0163ele europene. A\u0163i f\u0103cut o nou\u0103 lege a dialogului social.<\/p>\n<p data-index=\"26\"> &#8211; <strong>A\u0163i avut contribu\u0163ii extraordinare pe care parc\u0103 v\u0103 este greu s\u0103 le valorifica\u0163i. A\u0163i avut o contribu\u0163ie extraordinar\u0103 la \u00eenceperea procesului de modernizare a statului \u015fi pentru acest lucru, eu, pre\u015fedintele Rom\u00e2niei, v\u0103 mul\u0163umesc.<\/strong><\/p>\n<p data-index=\"27\"> &#8211; A\u0163i f\u0103cut acest lucru \u00een condi\u0163ii extrem de grele. \u00cemi aduc aminte de discu\u0163iile lungi pe care le-am avut cu Emil Boc &#8211; dac\u0103 putem s\u0103 ne asum\u0103m acest rol \u00een condi\u0163ii de criz\u0103. Am f\u0103cut ce face un om politic responsabil: <strong>am pus \u0163ara deasupra interesului de partid \u015fi am decis ca \u00een paralele cu m\u0103surile de reechilibrare macroeconomic\u0103 a \u0163\u0103rii s\u0103 \u00eempingem \u00eenainte \u015fi procesul de modernizare a \u0163\u0103rii. \u015etiu c\u0103 asta nu v-a f\u0103cut ferici\u0163i ca oameni politici din punct de vedere al mass-mediei sau a oamenilor.<\/strong><\/p>\n<p data-index=\"28\"> &#8211; <strong>Vreau s\u0103 \u015fti\u0163i c\u0103 \u00eei apreciez cel mai mult pe cei care au stat \u00een fa\u0163a unora s\u0103 le explice. C\u00e2\u015ftigarea alegerilor de Emil Boc la Cluj este proba c\u0103 cine a g\u0103sit resurse s\u0103 explice a putut s\u0103 o fac\u0103!<\/strong><\/p>\n<h5><span>\u201eAm spus: voi reveni \u00een politic\u0103, dar n-am spus: da, voi reveni la PDL\u201d<\/span><\/h5>\n<p data-index=\"29\"> &#8211; Oric\u00e2t v-ar fi de dificil, un program executat \u00een perioad\u0103 de criz\u0103 poate fi \u00een\u0163eles de rom\u00e2ni. Asta m\u0103 face s\u0103 v\u0103 spun c\u0103 aici a fost \u015fi motivul pentru care am spus: voi reveni \u00een politic\u0103, dar n-am spus: da, voi reveni la PDL.<\/p>\n<p data-index=\"30\"> &#8211; <strong>Am auzit frecvent dus mesajul necinstit al Antenelor \u00een cadrul partidului &#8211; acela c\u0103 am pierdut din cauza mesajelor de austeritate. Am pierdut pentru c\u0103 am salvat \u0163ara \u00eentr-un moment de mare dificultate.<\/strong><\/p>\n<p data-index=\"31\"> &#8211; Vreau s\u0103 v\u0103 demonstrez c\u0103 a\u015fa a fost \u015fi v\u0103 demonstrez cu ce vede\u0163i \u00een jurul nostru: multe \u0163\u0103ri au fost lovite de criz\u0103 \u00een 2009-2010. Suntem printre foarte pu\u0163inele \u0163\u0103ri care s-au echilibrat rapid din punct de vedere macroeconomic.<\/p>\n<p data-index=\"32\"> &#8211; V\u0103 informez aici \u015fi \u015fti\u0163i foarte bine c\u0103 orice spune un pre\u015fedinte se duce ca flama \u00een toate cancelariile; martor \u00eemi este Emil Boc. <strong>FMI a venit cu solu\u0163ia ie\u015firii din criz\u0103 prin cre\u015fterea cotei unice la 20%, TVA la 22% \u015fi a CAS cu \u00eenc\u0103 dou\u0103 procente. Am stat mult, ne-am consultat (pre\u015fedin\u0163ie, guvern, BNR), am ajuns la concluzia c\u0103 era o solu\u0163ie riscant\u0103. Asta ar fi dus la mutarea poverii pe economie, implicit \u00eencetinirea cre\u015fterii economice a \u0163\u0103rii. Am luat m\u0103sura cea mai grea \u015fi mai dureroas\u0103: am spus c\u0103 nu atingem mediul de afaceri \u015fi \u00eencerc\u0103m s\u0103 aducem solu\u0163ii care s\u0103 ne scoat\u0103 rapid din criz\u0103.<\/strong><\/p>\n<p data-index=\"33\"> &#8211; \u00cen 2011 Rom\u00e2nia a revenit la cre\u015ftere economic\u0103, 2,2%, cre\u015ftere care nu a mai putut fi men\u0163inut\u0103 de actualul guvern \u00een 2012. Am con\u015ftiin\u0163a c\u0103 am f\u0103cut ce a trebuit, c\u0103 am ac\u0163ionat \u00een interesul na\u0163ional la timpul potrivit. Ast\u0103zi, \u015fi eu, \u015fi Emil Boc \u015fi voi to\u0163i, pute\u0163i sta cu fruntea sus c\u0103, \u00eentr-un moment de dificultate, a\u0163i f\u0103cut ce a trebuit.<\/p>\n<h5><span>\u201ePutea\u0163i s\u0103 ob\u0163ine\u0163i procente mai multe la legislative. Dan Diaconescu \u015fi-a crescut partidul cu o camer\u0103 de luat vederi \u015fi cu el \u00eensu\u015fi\u201d<\/span><\/h5>\n<p data-index=\"34\"> &#8211; Am un singur repro\u015f: <strong>putea\u0163i s\u0103 ob\u0163ine\u0163i procente mai multe la legislative, \u015fi asta m\u0103car dac\u0103 a\u0163i fi f\u0103cut ce a f\u0103cut Dan Diaconescu. Omul \u0103sta a reu\u015fit s\u0103 \u00ee\u015fi creasc\u0103 partidul pun\u00e2nd o camer\u0103 de luat vederi \u015fi pe el \u00eensu\u015fi la T\u00e2rgu Jiu, unde a dat impresia c\u0103 se bate, iar voi n-a\u0163i dat impresia c\u0103 v\u0103 bate\u0163i, \u015fi a\u0163i l\u0103sat s\u0103 pluteasc\u0103 ne\u00eencrederea aranjamentului asupra deciziilor voastre politice.<\/strong><\/p>\n<p data-index=\"35\"> &#8211; <strong>Am privit campania electoral\u0103 de la televizor, dar \u00eel sunam zilnic pe Traian Ungureanu \u015fi \u00eel \u00eentrebam ce mai face\u0163i. PDL r\u0103m\u00e2ne \u00een sufletul meu orice s-ar \u00eent\u00e2mpla.<\/strong><\/p>\n<h5><span>Scurt\u0103 istorie a PDL \u201e\u00cen 2001, i-am spus lui Petre Roman: E\u015fti cel mai bun, dar candidez la pre\u015fedin\u0163ia partidului. Dup\u0103 zece ani cu Petre Roman \u015fi zece ani cu Traian B\u0103sescu, trebuie s\u0103 \u00eenceap\u0103 urm\u0103torul ciclu. Genera\u0163ia t\u00e2n\u0103r\u0103 a fost secretul succesului cu PDL\u201d<\/span><\/h5>\n<p data-index=\"36\"> &#8211; V\u0103 aduce\u0163i aminte 2001? Sunt mul\u0163i tineri \u00een sal\u0103 care, probabil, n-au aflat niciodat\u0103 aventurile Partidului Democrat. A\u015fa c\u0103 m\u0103car pentru genera\u0163ia t\u00e2n\u0103r\u0103 o s\u0103 le mai spun o dat\u0103. Eram dup\u0103 alegerile din 2000 cu o intrare \u00een Parlament la limit\u0103 \u015fi cu \u00eencercarea la v\u00e2rful partidului de a se pune batista pe \u0163ambal \u015fi cu mesajul s\u0103 r\u0103m\u00e2nem uni\u0163i, s\u0103 g\u0103sim solu\u0163ii&#8230; Erau discu\u0163iile din Modrogan. Nu \u015ftiu care erau cele din teritoriu, dar le-am sim\u0163it, pentru c\u0103 veneau ca un val. <strong>\u015ei atunci i-am spus lui Petre Roman: Petre, e\u015fti cel mai bun, dar candidez la pre\u015fedin\u0163ia partidului&#8230;<\/strong><\/p>\n<p data-index=\"37\"> &#8211; <strong>Politica \u015fi interesul general \u00een politic\u0103 nu poate fi substituit de amici\u0163ie \u015fi recuno\u015ftin\u0163\u0103.<\/strong> Omul politic este rege, adopta solu\u0163ii. Atunci aveam nevoie de schimbare. \u015ei asta i-a asigurat partidului aproape zece ani de stat la putere. Dar nu v\u0103 g\u00e2ndi\u0163i c\u0103 singur a\u015f fi putut!<\/p>\n<p data-index=\"38\"> &#8211; Au venit legislativele \u015fi atunci am spus unor oameni extrem de grei, oameni serio\u015fi, buni politicieni, dar care nu mai aveau greutate, c\u0103 nu mai pot fi cap de list\u0103. \u015ei am mai f\u0103cut un lucru &#8211; sunt convins c\u0103 ei se afl\u0103 aici. <strong>Atunci, la localele din 2004, am spus c\u0103 oamenii din genera\u0163ia t\u00e2n\u0103r\u0103 vor candida:<\/strong> Scripcaru la Bra\u015fov, Gheorghe Falc\u0103 la Arad, primarul de slatina \u015fi mul\u0163i al\u0163ii. Iar eu, \u00een \u00een\u0163elegere cu partidul, am spus: <strong>fra\u0163ilor, iau steagul din nou \u015fi am s\u0103-l \u00eenfig din nou al\u0103turi de genera\u0163ia t\u00e2n\u0103r\u0103, la prim\u0103rie. Acesta a fost secretul succesului cu PDL-ul.<\/strong><\/p>\n<h5><span><strong>Au fost zece ani cu Petre Roman, zece ani cu Traian B\u0103sescu, acum trebuie s\u0103 \u00eenceap\u0103 urm\u0103torul ciclu. Nu mai ave\u0163i timp. Orice am\u00e2nare v\u0103 va costa. O spun ca un om care iube\u015fte partidul \u0103sta<\/strong><\/span><\/h5>\n<p data-index=\"39\"> &#8211; <strong>Au fost zece ani cu Petre Roman, zece ani cu Traian B\u0103sescu, acum trebuie s\u0103 \u00eenceap\u0103 urm\u0103torul ciclu. Nu mai ave\u0163i timp. Orice am\u00e2nare v\u0103 va costa. O spun ca un om care iube\u015fte partidul \u0103sta.<\/strong> Ave\u0163i alegeri \u00een dou\u0103 r\u00e2nduri \u00een 2014 \u015fi legislative \u00een 2016. Dup\u0103 2014, obiectivul meu va fi construirea unei drepte puternice care s\u0103 readuc\u0103 procesul de modernizare a Rom\u00e2niei \u00eentr-o doctrin\u0103 care creeaz\u0103 \u015fanse, nu d\u0103 pomeni electorale, care las\u0103 omul s\u0103 evolueze f\u0103r\u0103 s\u0103 \u00eei spun\u0103 cineva unde e locul lui, unde fiecare om s\u0103 aib\u0103 deschis orice orizont.<\/p>\n<h5><span>Din nou explica\u0163ii despre alian\u0163a cu PSD din 2009<\/span><\/h5>\n<p data-index=\"40\"> &#8211; V\u0103 mai explic un lucru. A fost alian\u0163a din 2009 cu PSD-ul, care a ap\u0103rut pentru c\u0103 liberalii au refuzat categoric orice variant\u0103 de alian\u0163\u0103 dac\u0103 nu le d\u0103deam func\u0163ia de prim-ministru. Era imposibil, pentru c\u0103 T\u0103riceanu eliminase PDL din guvern. A\u015fa c\u0103 <strong>am fost nevoi\u0163i s\u0103 mergem cu PSD \u00een guvernare, un partid cu oameni h\u00e2r\u015f\u00e2i\u0163i, cunosc\u0103tori ai administra\u0163iei locale \u015fi centrale<\/strong>. Am dus acolo cei mai experimenta\u0163i oameni politici pe care \u00eei avea PDL-ul. <strong>Eram con\u015ftient c\u0103 aveam nevoie de o garnitur\u0103 t\u00e2n\u0103r\u0103, dar \u00een acela\u015fi timp aveam nevoie de echilibru \u00een guvernare.<\/strong><\/p>\n<p data-index=\"41\"> &#8211; Am \u00eencercat mai t\u00e2rziu promovarea unui nou val de politicieni \u00een guvern. Au ap\u0103rut oameni competen\u0163i. Nici unul dintre ei n-a plecat cu tinicheaua de coad\u0103, cu dosare penale din guvernare.<\/p>\n<h5><span>\u201eM-a durut cumplit c\u0103 unii \u015fi-au f\u0103cut campanie pe seama mesajelor de austeritate luate pe timp de criz\u0103, a\u015fa cum s-a v\u0103zut la Antena 3\u201d<\/span><\/h5>\n<p data-index=\"42\"> &#8211; <strong>Am spus c\u0103 voi reveni \u00een politic\u0103 \u015fi voi reveni, av\u00e2nd ca obiectiv: 2016, dreapta la putere. S\u0103 nu v\u0103 g\u00e2ndi\u0163i c\u0103 \u00eemi trece prin cap s\u0103 m\u0103 a\u015fez \u00een fruntea vreunui partid. \u00cemi voi folosi experien\u0163a ca s\u0103 ajut aceast\u0103 construc\u0163ie. Am v\u0103zut c\u0103 la acest anun\u0163 au fost diverse oferte din partea candida\u0163ilor la pre\u015fedin\u0163ia PDL. Vreau s\u0103 fie foarte clar pentru to\u0163i c\u0103 masa la care m\u0103 a\u015fez dup\u0103 ce \u00eemi termin mandatul o stabilesc eu \u015fi nimeni altcineva.<\/strong><\/p>\n<p data-index=\"43\"> &#8211; \u00cenchei sper\u00e2nd c\u0103 prin discursul meu v-am f\u0103cut s\u0103 \u00een\u0163elege\u0163i de ce <strong>m-a durut cumplit c\u0103 unii \u015fi-au f\u0103cut campanie pe seama mesajelor de austeritate luate pe timp de criz\u0103, a\u015fa cum s-a v\u0103zut la Antena 3<\/strong>.<\/p>\n<p data-index=\"44\"> &#8211; V\u0103 urez s\u0103 g\u0103si\u0163i solu\u0163ia corect\u0103! La revedere!<\/p>\n<\/div>\n<p> Source URL: https:\/\/www.digi24.ro\/stiri\/actualitate\/politica\/traian-basescu-catre-pdl-am-pus-tara-deasupra-interesului-de-partid-stiu-asta-nu-v-a-facut-fericiti-ca-oameni-politici-59617<\/p>\n","protected":false},"excerpt":{"rendered":"<p>Traian B\u0103sescu are un singur repro\u015f c\u0103tre PDL: scorul de la alegerile parlamentare \u015fi lipsa de combativitate. \u00cen schimb, le-a mul\u0163umit democrat-liberalilor pentru \u00eenceperea procesului de modernizare a Rom\u00e2niei \u015fi \u00een special guvernului Boc, pentru curajul de a lua m\u0103suri dure \u00een perioad\u0103 de criz\u0103. Un alt mesaj al discursului ce a durat nu mai [&hellip;]<\/p>\n","protected":false},"author":1,"featured_media":229538,"comment_status":"open","ping_status":"","sticky":false,"template":"","format":"standard","meta":{"footnotes":""},"categories":[2],"tags":[11],"class_list":["post-229537","post","type-post","status-publish","format-standard","has-post-thumbnail","hentry","category-politics","tag-digi24"],"_links":{"self":[{"href":"https:\/\/analyse.optim.biz\/index.php?rest_route=\/wp\/v2\/posts\/229537","targetHints":{"allow":["GET"]}}],"collection":[{"href":"https:\/\/analyse.optim.biz\/index.php?rest_route=\/wp\/v2\/posts"}],"about":[{"href":"https:\/\/analyse.optim.biz\/index.php?rest_route=\/wp\/v2\/types\/post"}],"author":[{"embeddable":true,"href":"https:\/\/analyse.optim.biz\/index.php?rest_route=\/wp\/v2\/users\/1"}],"replies":[{"embeddable":true,"href":"https:\/\/analyse.optim.biz\/index.php?rest_route=%2Fwp%2Fv2%2Fcomments&post=229537"}],"version-history":[{"count":0,"href":"https:\/\/analyse.optim.biz\/index.php?rest_route=\/wp\/v2\/posts\/229537\/revisions"}],"wp:featuredmedia":[{"embeddable":true,"href":"https:\/\/analyse.optim.biz\/index.php?rest_route=\/wp\/v2\/media\/229538"}],"wp:attachment":[{"href":"https:\/\/analyse.optim.biz\/index.php?rest_route=%2Fwp%2Fv2%2Fmedia&parent=229537"}],"wp:term":[{"taxonomy":"category","embeddable":true,"href":"https:\/\/analyse.optim.biz\/index.php?rest_route=%2Fwp%2Fv2%2Fcategories&post=229537"},{"taxonomy":"post_tag","embeddable":true,"href":"https:\/\/analyse.optim.biz\/index.php?rest_route=%2Fwp%2Fv2%2Ftags&post=229537"}],"curies":[{"name":"wp","href":"https:\/\/api.w.org\/{rel}","templated":true}]}}