{"id":229401,"date":"2013-03-25T09:55:06","date_gmt":"2013-03-25T06:55:06","guid":{"rendered":"https:\/\/analyse.optim.biz\/?p=229401"},"modified":"2013-03-25T09:55:06","modified_gmt":"2013-03-25T06:55:06","slug":"cristian-diaconescu-nu-exclude-revenirea-intr-o-formatiune-politica","status":"publish","type":"post","link":"https:\/\/analyse.optim.biz\/?p=229401","title":{"rendered":"Cristian Diaconescu nu exclude revenirea \u00eentr-o forma\u0163iune politic\u0103"},"content":{"rendered":"<div class=\"entry data-app-meta data-app-meta-article\" data-embed-base-url-canonical=\"https:\/\/www.digi24.ro\/embed\/stiri\/actualitate\/politica\/cristian-diaconescu-nu-exclude-revenirea-intr-o-formatiune-politica-60219\">\n<p data-index=\"1\">\u00centrebat \u00een <a href=\"https:\/\/www.digi24.ro\/emisiuni\/video#90128\" data-skip-linkfix=\"1\"><strong>emisiunea \u201eKilometrul 0\u201d<\/strong><\/a> dac\u0103 ar fi dispus s\u0103 candideze la pre\u0219edin\u021bie din partea PDL, consilierul preziden\u021bial a precizat c\u0103 PDL trebuie s\u0103 decid\u0103 \u00een primul r\u00e2nd dac\u0103 vrea s\u0103 aib\u0103 un candidat la pre\u0219edin\u021bie \u0219i trebuie s\u0103 arate c\u0103 sprijin\u0103 un candidat. \u201eAtunci mai vedem\u201d, a spus <strong>Cristian Diaconescu.<\/strong><\/p>\n<p data-index=\"2\"> El a men\u021bionat c\u0103 nu a avut niciun preferat \u00een r\u00e2ndul celor trei candida\u021bi la pre\u0219edin\u021bia PDL, dar a remarcat \u201ecu simpatie\u201d munca Elenei Udrea depus\u0103 \u00een s\u0103pt\u0103m\u00e2nile premerg\u0103toare conven\u021biei, prin care a reu\u0219it s\u0103-\u0219i asigure un un scor bun \u00een fa\u021ba unui politician extrem de puternic. \u201e\u0102sta e un semnal bun, dar at\u00e2t, nu m\u0103 pun \u00een situa\u021bia de a face un partizant din munca lor\u201d, a punctat Cristian Diaconescu.<\/p>\n<p data-index=\"3\"> \u00cen ceea ce-i prive\u0219te pe \u201ereformi\u0219tii\u201d <strong>Cristian Preda<\/strong> \u0219i <strong>Monica Macovei<\/strong>, Diaconescu a precizat c\u0103 a lucrat cu ei, \u0219tie ce capacitate au individual \u0219i are fa\u021b\u0103 de ei un respect deosebit, dar \u201ede aici p\u00e2n\u0103 la a face politic\u0103 \u00eempreun\u0103 e drum lung\u201d, a mai declarat fostul ministru de Externe.<\/p>\n<p data-index=\"4\"> \u00centrebat dac\u0103 este loc de o alt\u0103 forma\u021biune politic\u0103 \u00een Rom\u00e2nia, Cristian Diaconescu a r\u0103spuns c\u0103 depinde \u201ece vrea poporul\u201d.<\/p>\n<p data-index=\"5\"> Urm\u0103ri\u021bi declara\u021biile consilierului preziden\u021bial Cristian Diaconescu \u00een materialele video ata\u0219ate.<\/p>\n<\/div>\n<p> Source URL: https:\/\/www.digi24.ro\/stiri\/actualitate\/politica\/cristian-diaconescu-nu-exclude-revenirea-intr-o-formatiune-politica-60219<\/p>\n","protected":false},"excerpt":{"rendered":"<p>\u00centrebat \u00een emisiunea \u201eKilometrul 0\u201d dac\u0103 ar fi dispus s\u0103 candideze la pre\u0219edin\u021bie din partea PDL, consilierul preziden\u021bial a precizat c\u0103 PDL trebuie s\u0103 decid\u0103 \u00een primul r\u00e2nd dac\u0103 vrea s\u0103 aib\u0103 un candidat la pre\u0219edin\u021bie \u0219i trebuie s\u0103 arate c\u0103 sprijin\u0103 un candidat. \u201eAtunci mai vedem\u201d, a spus Cristian Diaconescu. El a men\u021bionat c\u0103 [&hellip;]<\/p>\n","protected":false},"author":1,"featured_media":229402,"comment_status":"open","ping_status":"","sticky":false,"template":"","format":"standard","meta":{"footnotes":""},"categories":[2],"tags":[11],"class_list":["post-229401","post","type-post","status-publish","format-standard","has-post-thumbnail","hentry","category-politics","tag-digi24"],"_links":{"self":[{"href":"https:\/\/analyse.optim.biz\/index.php?rest_route=\/wp\/v2\/posts\/229401","targetHints":{"allow":["GET"]}}],"collection":[{"href":"https:\/\/analyse.optim.biz\/index.php?rest_route=\/wp\/v2\/posts"}],"about":[{"href":"https:\/\/analyse.optim.biz\/index.php?rest_route=\/wp\/v2\/types\/post"}],"author":[{"embeddable":true,"href":"https:\/\/analyse.optim.biz\/index.php?rest_route=\/wp\/v2\/users\/1"}],"replies":[{"embeddable":true,"href":"https:\/\/analyse.optim.biz\/index.php?rest_route=%2Fwp%2Fv2%2Fcomments&post=229401"}],"version-history":[{"count":0,"href":"https:\/\/analyse.optim.biz\/index.php?rest_route=\/wp\/v2\/posts\/229401\/revisions"}],"wp:featuredmedia":[{"embeddable":true,"href":"https:\/\/analyse.optim.biz\/index.php?rest_route=\/wp\/v2\/media\/229402"}],"wp:attachment":[{"href":"https:\/\/analyse.optim.biz\/index.php?rest_route=%2Fwp%2Fv2%2Fmedia&parent=229401"}],"wp:term":[{"taxonomy":"category","embeddable":true,"href":"https:\/\/analyse.optim.biz\/index.php?rest_route=%2Fwp%2Fv2%2Fcategories&post=229401"},{"taxonomy":"post_tag","embeddable":true,"href":"https:\/\/analyse.optim.biz\/index.php?rest_route=%2Fwp%2Fv2%2Ftags&post=229401"}],"curies":[{"name":"wp","href":"https:\/\/api.w.org\/{rel}","templated":true}]}}