{"id":229389,"date":"2013-03-25T10:07:57","date_gmt":"2013-03-25T07:07:57","guid":{"rendered":"https:\/\/analyse.optim.biz\/?p=229389"},"modified":"2013-03-25T10:07:57","modified_gmt":"2013-03-25T07:07:57","slug":"crin-antonescu-pe-agenda-mea-nu-exista-subiectul-suspendarii-gestul-presedintelui-ingrozitor-de-comic","status":"publish","type":"post","link":"https:\/\/analyse.optim.biz\/?p=229389","title":{"rendered":"Crin Antonescu: Pe agenda mea nu exist\u0103 subiectul suspend\u0103rii. Gestul pre\u015fedintelui, \u201e\u00eengrozitor de comic\u201d"},"content":{"rendered":"<div class=\"entry data-app-meta data-app-meta-article\" data-embed-base-url-canonical=\"https:\/\/www.digi24.ro\/embed\/stiri\/actualitate\/politica\/crin-antonescu-pe-agenda-mea-nu-exista-subiectul-suspendarii-gestul-presedintelui-ingrozitor-de-comic-60232\">\n<div class=\"mediaImportedWrapper mediaSingle articleCover mceNonEditable\"><img decoding=\"async\" class=\"mediaImported mediaInlineItem\" src=\"https:\/\/analyse.optim.biz\/wp-content\/uploads\/2024\/09\/dz04mdamagfzad0xmdm5zgvlyjbmywrmmtfin2qwotrknjk0nmvlyjcwzg-thumb_.jpg\" data-skip-htmlfix=\"1\" title=\"dz04mdamagfzad0xmdm5zgvlyjbmywrmmtfin2qwotrknjk0nmvlyjcwzg-thumb_\"><\/div>\n<p data-index=\"1\">El a precizat c\u0103 \u00een acest moment nu este preocupat de suspendare \u0219i nici de o p\u00e2nd\u0103 juridic\u0103 a pre\u0219edintelui, dar a reamintit c\u0103 PNL nu a avut ezit\u0103ri \u00een trecut \u00een a ini\u021bia o procedur\u0103 de suspendare a lui Traian B\u0103sescu.<\/p>\n<p data-index=\"2\"> Crin Antonescu spune c\u0103 nu are nicio \u00eendoial\u0103 c\u0103 Traian B\u0103sescu va continua s\u0103 \u00eencalce \u00een continuare \u00een mod grosolan spiritul Constitu\u0163iei, totu\u015fi, principala preocupare a PNL va fi noua Constitu\u0163ie.<\/p>\n<p data-index=\"3\"> Ulterior, la conferin\u021ba de pres\u0103 comun\u0103 a liderilor USL, Crin Antonescu a spus c\u0103 nu poate constitui un motiv de demitere un demers \u201e\u0219i trist, \u0219i \u00eengrozitor de comic\u201d.<\/p>\n<p data-index=\"4\"> La r\u00e2ndul s\u0103u, Victor Ponta a ar\u0103tat c\u0103 nu Guvernul suspend\u0103 pre\u0219edintele, dar a m\u0103rturisit c\u0103 s-a amuzat la fel de mult c\u00e2nd a v\u0103zut postarea de pe Facebook a pre\u0219edintelui \u201e\u00een vestu\u021ba dlui Cristoiu\u201d.<\/p>\n<p data-index=\"5\"><a href=\"https:\/\/www.digi24.ro\/stire\/Traian-Basescu-catre-PDL-Am-pus-tara-deasupra-interesului-de-partid-Stiu-asta-nu-v-a-facut-fericiti_89951\" data-skip-linkfix=\"1\">Prezen\u0163a pre\u015fedintelui la congresul PDL<\/a> este motivul pentru care unii lideri ai puterii aduc iar \u00een discu\u0163ie suspendarea sa din func\u0163ie.<\/p>\n<p data-index=\"6\"> Cartea suspend\u0103rii pre\u015fedintelui Traian B\u0103sescu este din nou jucat\u0103 de unii lideri ai puterii. Ini\u0163iativa nu este sus\u0163inut\u0103 \u00eens\u0103 de cei doi copre\u015fedin\u0163i ai Uniunii Social Liberale. De\u015fi nu mai este de mult \u00een gra\u0163iile pre\u015fedintelui, Vasile Blaga \u00eei r\u0103m\u00e2ne devotat, iar fostul ministru de Externe Cristian Diaconescu, \u00een prezent consilier preziden\u021bial, avertizeaz\u0103 c\u0103 un astfel de demers ar avea consecin\u0163e grave pentru imaginea Rom\u00e2niei.<\/p>\n<h5> Victor Ponta: Pre\u0219edintele poate spune orice, oric\u00e2nd<\/h5>\n<p data-index=\"7\"> Premierul Victor Ponta a declarat, luni, c\u0103 PSD nu va ini\u0163ia ac\u0163iunea de suspendare din func\u0163ie a lui Traian B\u0103sescu, ar\u0103t\u00e2nd c\u0103 acesta a \u00eenc\u0103lcat Constitu\u0163ia de foarte multe ori, dar c\u0103, potrivit deciziei Cur\u0163ii Constitu\u0163ionale, pre\u015fedintele poate spune orice, oric\u00e2nd.<\/p>\n<p data-index=\"8\"> \u00centrebat dac\u0103 PSD va ini\u0163ia ac\u0163iunea de suspendare, Ponta a r\u0103spuns: \u201eNu\u201d. La insisten\u021bele jurnali\u015ftilor, Victor Ponta a ad\u0103ugat: \u201eA fost oare clar r\u0103spunsul meu?\u201d.<\/p>\n<p data-index=\"9\"> \u00centrebat dac\u0103 pre\u015fedintele Traian B\u0103sescu a \u00eenc\u0103lcat Constitu\u0163ia prin prezen\u0163a \u015fi discursul s\u0103u la Conven\u0163ia PDL, Ponta a precizat: \u201eEu ceea ce \u015ftiu e c\u0103 \u00een Constitu\u0163ie \u015fi pentru urm\u0103torii pre\u015fedin\u0163i, pentru domnul Antonescu, pentru ceilal\u0163i care vor fi pre\u015fedin\u0163i, trebuie s\u0103 g\u0103sim o solu\u0163ie ca lucrurile s\u0103 fie foarte clare \u015fi pre\u015fedintele \u0163\u0103rii s\u0103 r\u0103m\u00e2n\u0103 pre\u015fedintele Rom\u00e2niei, al tuturor rom\u00e2nilor, s\u0103 nu mai fie \u015fef de partid&#8221;, a spus Ponta.<\/p>\n<p data-index=\"10\"> \u00cen ceea ce prive\u015fte mesajul lui B\u0103sescu de pe Facebook, \u00een care acesta \u00ee\u015fi ia adio de la PD \u015fi PDL, Ponta a precizat c\u0103 nu este deranjat. \u201eNu, pe dumneavostr\u0103 v\u0103 deranjeaz\u0103 c\u00e2nd postez eu pe Facebook? Dumnezeule, Facebook e un spa\u0163iu al libert\u0103\u0163ii\u201d, a spus Ponta.<\/p>\n<h5> Cartea suspend\u0103rii, din nou \u00een actualitate<\/h5>\n<p data-index=\"11\"> Ministrul Afacerilor Interne,<a href=\"https:\/\/www.digi24.ro\/stire\/Radu-Stroe-Comportamentul-de-aseara-al-domnului-Basescu-este-inacceptabil-Trebuie-sa-ne-gandim-din_90120\" data-skip-linkfix=\"1\">liberalul <strong>Radu Stroe,<\/strong> a spus c\u0103 actuala putere ar putea ini\u0163ia o nou\u0103 suspendare din func\u0163ie a lui Traian B\u0103sesc<\/a>u. Liberalul crede c\u0103 pre\u015fedintele a \u00eenc\u0103lcat Constitu\u0163ia cu atitudinea pe care a avut-o fa\u0163\u0103 de alegerile din PDL.<\/p>\n<p data-index=\"12\"> Dar \u015feful de partid al ministrului Radu Stroe, pre\u015fedintele PNL Crin Antonescu, nu consider\u0103 potrivit un asemenea demers, chiar dac\u0103 ar fi \u00eentemeiat. Premierul Victor Ponta nu \u00eencurajeaz\u0103 nici el suspendarea. Cel pu\u0163in deocamdat\u0103. \u201eNu, consider c\u0103 \u00een acest moment, cu responsabilitatea pe care o are USL, cred c\u0103 este mai bine s\u0103 evit\u0103m crize politice, evident c\u0103 sunt de acord c\u0103 cel pu\u021bin de pe Facebook este pu\u021bin neobi\u0219nuit pentru un pre\u0219edinte \u00een func\u021bie\u201d, a <a href=\"https:\/\/www.digi24.ro\/stire\/Victor-Ponta-PNL-probabil-ca-va-absorbi-ce-a-ramas-din-PDL-Vasile-Blaga-nu-a-castigat-toata-lumea-a_90238\" data-skip-linkfix=\"1\">declarat <strong>Victor Ponta<\/strong>, duminic\u0103 seara, pentru emisiunea \u201eKilometrul 0\u201d de la Digi24.<\/a><\/p>\n<p data-index=\"13\"> Nici social-democratul<strong> Toni Grebl\u0103<\/strong>, \u0219eful comisiei juridice din Senat, nu vede oportun\u0103 o nou\u0103 procedur\u0103 de suspendare. \u201ePre\u015fedintele a \u00eenc\u0103lcat din nou prevederile constitu\u0163ionale, \u00eens\u0103 a declan\u015fa procedura de suspendare a pre\u015fedintelui Traian B\u0103sescu acum, \u00een aceast\u0103 conjunctur\u0103, \u00een varianta \u00een care mai ai pu\u0163in p\u00e2n\u0103 la alegerile preziden\u0163iale, necesit\u0103 o analiz\u0103 politic\u0103 mai aprofundat\u0103, \u00eenainte de a ie\u015fi \u00een spa\u0163iul public cu astfel de declara\u0163ii\u201d, a declarat Toni Grebl\u0103 pentru Digi24.<\/p>\n<p data-index=\"14\"> Chiar dac\u0103 acum este \u00een dizgra\u0163ia pre\u015fedintelui B\u0103sescu, <strong>Vasile Blaga<\/strong> \u00eei r\u0103m\u00e2ne fidel sus\u0163in\u0103tor. \u201eCopil\u0103rii, a\u0219 vrea s\u0103 v\u0103 spun &#8211; doar enun\u021barea unei astfel de ipoteze face foarte mult r\u0103u Rom\u00e2niei. Pe de alt\u0103 parte, exist\u0103 un pact \u00eentre pre\u0219edinte \u0219i premier, \u0219titi foarte bine, a fost ieri (s\u00e2mb\u0103t\u0103 &#8211; n.r.) invocat de pre\u015fedinte, noi niciodat\u0103 nu o s\u0103 sprijinim un astfel de demers al lor\u201d, a declarat liderul PDL.<\/p>\n<p data-index=\"15\"> Consilierul prezidential, <strong>Cristian Diaconescu<\/strong>, a declarat la Digi24 c\u0103 p\u0103rerile exprimate de politicieni fa\u0163\u0103 de ideea suspend\u0103rii pre\u015fedintelui sunt, de fapt, pozi\u0163iile partidului din care fac parte, pentru c\u0103 altfel, respectivii politicieni ar fi da\u021bi afar\u0103 din partid.<\/p>\n<p data-index=\"16\"> \u201eAcest scenariu este \u00een mintea multora, fiecare politician, indiferent de func\u021bia pe care o are temporar \u00een stat exprim\u0103 o pozi\u021bie care este agreat\u0103 \u00een interiorul partidului s\u0103u, dac\u0103 nu, ar fi dat afar\u0103\u201d, a punctat Cristian Diaconescu.<\/p>\n<p data-index=\"17\"> Traian B\u0103sescu a mai fost suspendat din func\u0163ie \u00een 2007 \u015fi \u00een 2012, dar nu a putut fi \u015fi demis, prin referendum.<\/p>\n<\/div>\n<p> Source URL: https:\/\/www.digi24.ro\/stiri\/actualitate\/politica\/crin-antonescu-pe-agenda-mea-nu-exista-subiectul-suspendarii-gestul-presedintelui-ingrozitor-de-comic-60232<\/p>\n","protected":false},"excerpt":{"rendered":"<p>El a precizat c\u0103 \u00een acest moment nu este preocupat de suspendare \u0219i nici de o p\u00e2nd\u0103 juridic\u0103 a pre\u0219edintelui, dar a reamintit c\u0103 PNL nu a avut ezit\u0103ri \u00een trecut \u00een a ini\u021bia o procedur\u0103 de suspendare a lui Traian B\u0103sescu. Crin Antonescu spune c\u0103 nu are nicio \u00eendoial\u0103 c\u0103 Traian B\u0103sescu va continua [&hellip;]<\/p>\n","protected":false},"author":1,"featured_media":229390,"comment_status":"open","ping_status":"","sticky":false,"template":"","format":"standard","meta":{"footnotes":""},"categories":[2],"tags":[11],"class_list":["post-229389","post","type-post","status-publish","format-standard","has-post-thumbnail","hentry","category-politics","tag-digi24"],"_links":{"self":[{"href":"https:\/\/analyse.optim.biz\/index.php?rest_route=\/wp\/v2\/posts\/229389","targetHints":{"allow":["GET"]}}],"collection":[{"href":"https:\/\/analyse.optim.biz\/index.php?rest_route=\/wp\/v2\/posts"}],"about":[{"href":"https:\/\/analyse.optim.biz\/index.php?rest_route=\/wp\/v2\/types\/post"}],"author":[{"embeddable":true,"href":"https:\/\/analyse.optim.biz\/index.php?rest_route=\/wp\/v2\/users\/1"}],"replies":[{"embeddable":true,"href":"https:\/\/analyse.optim.biz\/index.php?rest_route=%2Fwp%2Fv2%2Fcomments&post=229389"}],"version-history":[{"count":0,"href":"https:\/\/analyse.optim.biz\/index.php?rest_route=\/wp\/v2\/posts\/229389\/revisions"}],"wp:featuredmedia":[{"embeddable":true,"href":"https:\/\/analyse.optim.biz\/index.php?rest_route=\/wp\/v2\/media\/229390"}],"wp:attachment":[{"href":"https:\/\/analyse.optim.biz\/index.php?rest_route=%2Fwp%2Fv2%2Fmedia&parent=229389"}],"wp:term":[{"taxonomy":"category","embeddable":true,"href":"https:\/\/analyse.optim.biz\/index.php?rest_route=%2Fwp%2Fv2%2Fcategories&post=229389"},{"taxonomy":"post_tag","embeddable":true,"href":"https:\/\/analyse.optim.biz\/index.php?rest_route=%2Fwp%2Fv2%2Ftags&post=229389"}],"curies":[{"name":"wp","href":"https:\/\/api.w.org\/{rel}","templated":true}]}}