{"id":229386,"date":"2013-03-25T11:25:26","date_gmt":"2013-03-25T08:25:26","guid":{"rendered":"https:\/\/analyse.optim.biz\/?p=229386"},"modified":"2013-03-25T11:25:26","modified_gmt":"2013-03-25T08:25:26","slug":"adrian-nastase-despre-conventia-pdl-esecul-basescianismului-dinastic","status":"publish","type":"post","link":"https:\/\/analyse.optim.biz\/?p=229386","title":{"rendered":"Adrian N\u0103stase despre Conven\u021bia PDL: \u201eE\u015fecul b\u0103sescianismului dinastic\u201d"},"content":{"rendered":"<div class=\"entry data-app-meta data-app-meta-article\" data-embed-base-url-canonical=\"https:\/\/www.digi24.ro\/embed\/stiri\/actualitate\/politica\/adrian-nastase-despre-conventia-pdl-esecul-basescianismului-dinastic-60282\">\n<div class=\"mediaImportedWrapper mediaSingle articleCover mceNonEditable\"><img decoding=\"async\" class=\"mediaImported mediaInlineItem\" src=\"https:\/\/analyse.optim.biz\/wp-content\/uploads\/2024\/09\/yzrhztvkmdhkmjaymmu3ngy1nzi3ytgwnji1nja-thumb_.jpg\" data-skip-htmlfix=\"1\" title=\"yzrhztvkmdhkmjaymmu3ngy1nzi3ytgwnji1nja-thumb_\"><\/div>\n<p data-index=\"1\"> La o s\u0103pt\u0103m\u00e2n\u0103 de la ie\u015firea din penitenciar, fostul premier Adrian N\u0103stase anun\u0163\u0103 pe blog c\u0103 se preg\u0103te\u015fte pentru b\u0103t\u0103liile politice care se anun\u0163\u0103. \u00cen opinia fostului premier, interven\u0163ia lui Traian B\u0103sescu la Conven\u0163ia PDL ar justifica o a treia suspendare a \u0219efului statului.<\/p>\n<h5> Adrian N\u0103stase, \u00eempotriva suspend\u0103rii<\/h5>\n<p data-index=\"2\"> Cu toate acestea, Adrian N\u0103stase \u00eemp\u0103rt\u0103\u015fe\u015fte punctul de vedere al lui Victor Ponta, care crede c\u0103 nu este momentul pentru \u00eenc\u0103 o \u00eencercare.<\/p>\n<p data-index=\"3\"><strong>\u201eDesigur, pentru USL, repetatele ie\u015firi anticonstitu\u0163ionale ale lui Traian B\u0103sescu (vor mai urma \u015fi altele, mai stridente!),<\/strong> se constituie \u00eentr-o important\u0103 provocare politic\u0103. \u00cen mod normal, dup\u0103 astfel de ac\u0163iuni anticonstitu\u0163ionale, Traian B\u0103sescu ar trebui suspendat \u015fi trimis \u00een fa\u0163a poporului. <strong>\u00centrebarea important\u0103 este dac\u0103 este mai bine pentru societatea rom\u00e2neasc\u0103 s\u0103 fie sau nu suspendat Traian B\u0103sescu?<\/strong> Desigur, o a treia ac\u0163iune de suspendare ar avea o important\u0103 func\u0163ie pedagogic\u0103 pentru orice tentative viitoare de \u00eenc\u0103lcare a Constitu\u0163iei.<\/p>\n<p data-index=\"4\"> M\u0103 tem \u00eens\u0103 c\u0103 societatea rom\u00e2neasc\u0103 a\u015fteapt\u0103 cu totul altceva de la Guvern \u015fi Parlament. Societatea rom\u00e2neasc\u0103 a obosit dup\u0103 at\u00e2tea conflicte politice. Trebuie s\u0103 ne g\u00e2ndim c\u0103 o a treia suspendare ar da un semnal puternic privind \u201eexcep\u0163ionalismul\u201d politicii din Rom\u00e2nia. Or,<strong> \u0163ara are acum nevoie de stabilitate, de ac\u0163iuni politice \u015fi economice curajoase, nu de un nou scandal politic, de patru-cinci luni blocate.<\/strong> Pentru USL cea mai facil\u0103 decizie ar fi o nou\u0103 suspendare a lui Traian B\u0103sescu, ar putea s\u0103 tran\u015feze acum aceast\u0103 chestiune, \u00eens\u0103 obiectivele societ\u0103\u0163ii rom\u00e2ne\u015fti sunt relansarea economiei, crearea de locuri de munc\u0103, reducerea polariz\u0103rii sociale, reforma constitu\u0163ional\u0103\u201d, scrie Adrian N\u0103stase pe <a href=\"http:\/\/nastase.wordpress.com\/2013\/03\/25\/evaluare-subiectiva-a-conventiei-nationale-a-pdl-23-martie-esecul-basescianismului-dinastic\/\" target=\"_blank\" data-skip-linkfix=\"1\" rel=\"noopener\"><strong>blogul personal.<\/strong><\/a><\/p>\n<p data-index=\"5\"> Fostul lider al PSD \u00eesi avertizeaz\u0103 colegii s\u0103 nu cad\u0103 \u00een capcana Conven\u0163iei PDL \u015fi s\u0103 nu \u00eenceap\u0103 negocieri cu aripa condus\u0103 de Vasile Blaga.<\/p>\n<p data-index=\"6\"> Adrian N\u0103stase consider\u0103 c\u0103 rezultatul alegerilor din PDL demonstreaz\u0103 dorin\u0163a acestui partid de a se elibera de sub tutela lui Traian B\u0103sescu.<\/p>\n<p data-index=\"7\"> At\u00e2t electoratul PNL, c\u00e2t \u015fi cel al PSD a\u015ftept\u0103 de la USL nu o nou\u0103 ac\u0163iune de combinatoric\u0103 politic\u0103, ci apari\u0163ia rezultatelor promise. Din acest punct de vedere, principala b\u0103t\u0103lie politic\u0103 a acestui an o reprezint\u0103 modificarea Constitu\u0163iei.<\/p>\n<\/div>\n<p> Source URL: https:\/\/www.digi24.ro\/stiri\/actualitate\/politica\/adrian-nastase-despre-conventia-pdl-esecul-basescianismului-dinastic-60282<\/p>\n","protected":false},"excerpt":{"rendered":"<p>La o s\u0103pt\u0103m\u00e2n\u0103 de la ie\u015firea din penitenciar, fostul premier Adrian N\u0103stase anun\u0163\u0103 pe blog c\u0103 se preg\u0103te\u015fte pentru b\u0103t\u0103liile politice care se anun\u0163\u0103. \u00cen opinia fostului premier, interven\u0163ia lui Traian B\u0103sescu la Conven\u0163ia PDL ar justifica o a treia suspendare a \u0219efului statului. Adrian N\u0103stase, \u00eempotriva suspend\u0103rii Cu toate acestea, Adrian N\u0103stase \u00eemp\u0103rt\u0103\u015fe\u015fte punctul [&hellip;]<\/p>\n","protected":false},"author":1,"featured_media":229387,"comment_status":"open","ping_status":"","sticky":false,"template":"","format":"standard","meta":{"footnotes":""},"categories":[2],"tags":[11],"class_list":["post-229386","post","type-post","status-publish","format-standard","has-post-thumbnail","hentry","category-politics","tag-digi24"],"_links":{"self":[{"href":"https:\/\/analyse.optim.biz\/index.php?rest_route=\/wp\/v2\/posts\/229386","targetHints":{"allow":["GET"]}}],"collection":[{"href":"https:\/\/analyse.optim.biz\/index.php?rest_route=\/wp\/v2\/posts"}],"about":[{"href":"https:\/\/analyse.optim.biz\/index.php?rest_route=\/wp\/v2\/types\/post"}],"author":[{"embeddable":true,"href":"https:\/\/analyse.optim.biz\/index.php?rest_route=\/wp\/v2\/users\/1"}],"replies":[{"embeddable":true,"href":"https:\/\/analyse.optim.biz\/index.php?rest_route=%2Fwp%2Fv2%2Fcomments&post=229386"}],"version-history":[{"count":0,"href":"https:\/\/analyse.optim.biz\/index.php?rest_route=\/wp\/v2\/posts\/229386\/revisions"}],"wp:featuredmedia":[{"embeddable":true,"href":"https:\/\/analyse.optim.biz\/index.php?rest_route=\/wp\/v2\/media\/229387"}],"wp:attachment":[{"href":"https:\/\/analyse.optim.biz\/index.php?rest_route=%2Fwp%2Fv2%2Fmedia&parent=229386"}],"wp:term":[{"taxonomy":"category","embeddable":true,"href":"https:\/\/analyse.optim.biz\/index.php?rest_route=%2Fwp%2Fv2%2Fcategories&post=229386"},{"taxonomy":"post_tag","embeddable":true,"href":"https:\/\/analyse.optim.biz\/index.php?rest_route=%2Fwp%2Fv2%2Ftags&post=229386"}],"curies":[{"name":"wp","href":"https:\/\/api.w.org\/{rel}","templated":true}]}}