{"id":229375,"date":"2013-03-25T12:27:54","date_gmt":"2013-03-25T09:27:54","guid":{"rendered":"https:\/\/analyse.optim.biz\/?p=229375"},"modified":"2013-03-25T12:27:54","modified_gmt":"2013-03-25T09:27:54","slug":"usl-nu-da-sanse-proiectului-de-unificare-a-dreptei-de-catre-traian-basescu","status":"publish","type":"post","link":"https:\/\/analyse.optim.biz\/?p=229375","title":{"rendered":"USL nu d\u0103 \u015fanse proiectului de unificare a dreptei de c\u0103tre Traian B\u0103sescu"},"content":{"rendered":"<div class=\"entry data-app-meta data-app-meta-article\" data-embed-base-url-canonical=\"https:\/\/www.digi24.ro\/embed\/stiri\/actualitate\/politica\/usl-nu-da-sanse-proiectului-de-unificare-a-dreptei-de-catre-traian-basescu-60291\">\n<p data-index=\"1\"> Premierul Victor Ponta spune c\u0103 <strong>implicarea lui Traian B\u0103sescu \u00een formarea unui nou partid de dreapta ar \u00eensemna moartea sigur\u0103 a acelui partid<\/strong>, a\u015fa c\u0103 \u00eel \u00eencurajeaz\u0103 pe \u015feful statului s\u0103 fac\u0103 acest lucru.<\/p>\n<p data-index=\"2\"> Liderul PNL, Crin Antonescu, sus\u0163ine c\u0103 nu exist\u0103 nici o solu\u0163ie de dreapta \u00een care s\u0103 se poat\u0103 implica Traian B\u0103sescu, Mai mult, \u201e<strong>numai cine confund\u0103 populismul cu dreapta poate s\u0103 cread\u0103 c\u0103 Traian B\u0103sescu este compatibil cu aceast\u0103 idee de dreapta<\/strong>\u201d, afirm\u0103 Crin Antonescu.<\/p>\n<p data-index=\"3\"> El mai spune c\u0103 ideea lui Traian B\u0103sescu de a reorganiza dreapta este <strong>condamnat\u0103 la e\u015fec<\/strong> din cauza diferen\u0163ei structurale dintre valorile dreptei \u015fi profilul pre\u015fedintelui.<\/p>\n<\/div>\n<p> Source URL: https:\/\/www.digi24.ro\/stiri\/actualitate\/politica\/usl-nu-da-sanse-proiectului-de-unificare-a-dreptei-de-catre-traian-basescu-60291<\/p>\n","protected":false},"excerpt":{"rendered":"<p>Premierul Victor Ponta spune c\u0103 implicarea lui Traian B\u0103sescu \u00een formarea unui nou partid de dreapta ar \u00eensemna moartea sigur\u0103 a acelui partid, a\u015fa c\u0103 \u00eel \u00eencurajeaz\u0103 pe \u015feful statului s\u0103 fac\u0103 acest lucru. Liderul PNL, Crin Antonescu, sus\u0163ine c\u0103 nu exist\u0103 nici o solu\u0163ie de dreapta \u00een care s\u0103 se poat\u0103 implica Traian B\u0103sescu, [&hellip;]<\/p>\n","protected":false},"author":1,"featured_media":229376,"comment_status":"open","ping_status":"","sticky":false,"template":"","format":"standard","meta":{"footnotes":""},"categories":[2],"tags":[11],"class_list":["post-229375","post","type-post","status-publish","format-standard","has-post-thumbnail","hentry","category-politics","tag-digi24"],"_links":{"self":[{"href":"https:\/\/analyse.optim.biz\/index.php?rest_route=\/wp\/v2\/posts\/229375","targetHints":{"allow":["GET"]}}],"collection":[{"href":"https:\/\/analyse.optim.biz\/index.php?rest_route=\/wp\/v2\/posts"}],"about":[{"href":"https:\/\/analyse.optim.biz\/index.php?rest_route=\/wp\/v2\/types\/post"}],"author":[{"embeddable":true,"href":"https:\/\/analyse.optim.biz\/index.php?rest_route=\/wp\/v2\/users\/1"}],"replies":[{"embeddable":true,"href":"https:\/\/analyse.optim.biz\/index.php?rest_route=%2Fwp%2Fv2%2Fcomments&post=229375"}],"version-history":[{"count":0,"href":"https:\/\/analyse.optim.biz\/index.php?rest_route=\/wp\/v2\/posts\/229375\/revisions"}],"wp:featuredmedia":[{"embeddable":true,"href":"https:\/\/analyse.optim.biz\/index.php?rest_route=\/wp\/v2\/media\/229376"}],"wp:attachment":[{"href":"https:\/\/analyse.optim.biz\/index.php?rest_route=%2Fwp%2Fv2%2Fmedia&parent=229375"}],"wp:term":[{"taxonomy":"category","embeddable":true,"href":"https:\/\/analyse.optim.biz\/index.php?rest_route=%2Fwp%2Fv2%2Fcategories&post=229375"},{"taxonomy":"post_tag","embeddable":true,"href":"https:\/\/analyse.optim.biz\/index.php?rest_route=%2Fwp%2Fv2%2Ftags&post=229375"}],"curies":[{"name":"wp","href":"https:\/\/api.w.org\/{rel}","templated":true}]}}