{"id":229147,"date":"2013-04-01T20:03:09","date_gmt":"2013-04-01T17:03:09","guid":{"rendered":"https:\/\/analyse.optim.biz\/?p=229147"},"modified":"2013-04-01T20:03:09","modified_gmt":"2013-04-01T17:03:09","slug":"c-antonescu-daca-v-ponta-o-desemneaza-pe-l-kovesi-in-fruntea-dna-eu-ma-opun","status":"publish","type":"post","link":"https:\/\/analyse.optim.biz\/?p=229147","title":{"rendered":"C. Antonescu: Dac\u0103 V. Ponta o desemneaz\u0103 pe L. Kovesi \u00een fruntea DNA, eu m\u0103 opun"},"content":{"rendered":"<div class=\"entry data-app-meta data-app-meta-article\" data-embed-base-url-canonical=\"https:\/\/www.digi24.ro\/embed\/stiri\/actualitate\/politica\/c-antonescu-daca-v-ponta-o-desemneaza-pe-l-kovesi-in-fruntea-dna-eu-ma-opun-63005\">\n<p data-index=\"1\"><strong><br \/><\/strong><\/p>\n<p data-index=\"2\"><strong>Crin Antonescu<\/strong>, pre\u0219edintele PNL, a precizat duminic\u0103 sear\u0103, \u00eentr-o emisiune televizat\u0103, c\u0103 premierul\u00a0<strong>Victor Ponta<\/strong>\u00a0a dorit s\u0103 asume interimatul \u00een fruntea Ministerului Justi\u0163iei, pentru solu\u0163ionarea problemei numirii procurorului general \u015fi a procurorului \u015fef al DNA.<\/p>\n<p data-index=\"3\"><strong>\u201e\u00cen eventualitatea ca domnul Ponta s\u0103 o desemneze pe doamna Kovesi \u00een fruntea DNA, eu m\u0103 opun\u201d<\/strong>, a mai declarat pre\u015fedintele PNL.<\/p>\n<p data-index=\"4\">Copre\u0219edintele USL a precizat c\u0103 aceast\u0103 opinie i-a \u00eemp\u0103rt\u0103\u015fit-o \u015fi premierului Victor Ponta.<\/p>\n<p data-index=\"5\"><strong>\u201eNu sunt de acord, m\u0103 opun, consider c\u0103 e o mare gre\u015feal\u0103 \u015fi din punct de vedere al sistemului juridic, dar \u015fi politic o eventual\u0103 numire a doamnei Kovesi\u201d<\/strong>, a subliniat Crin Antonescu, citat de Mediafax.<\/p>\n<p data-index=\"6\">Liderul PNL a mai sus\u0163inut c\u0103 nu dore\u015fte ca \u00een acest fel s\u0103 influen\u0163eze numirea procurorilor \u015fefi \u015fi nici nu a f\u0103cut vreo propunere de numire a cuiva.<\/p>\n<h5>Ruperea \u00een USL, \u201epoate e \u0219i asta o variant\u0103\u201d<\/h5>\n<p data-index=\"7\">Pre\u015fedintele PNL, Crin Antonescu, a declarat, duminic\u0103 sear\u0103, c\u0103, \u00een cazul \u00een care premierul Victor Ponta o va desemna pe Codru\u0163a Kovesi la \u015fefia DNA, se pune \u00eentrebarea ce se \u00eent\u00e2mpl\u0103 \u00een continuare, adic\u0103 dac\u0103 se rupe USL, el spun\u00e2nd c\u0103 \u201epoate e \u015fi asta o variant\u0103\u201d, de\u015fi are \u00eendoieli, potrivit Mediafax.<\/p>\n<p data-index=\"8\">\u201e<strong>\u00cen momentul \u00een care doamna Mona Pivniceru a f\u0103cut personal op\u0163iunea ferm\u0103 pentru Curtea Constitu\u0163ional\u0103, \u00een acel moment, premierul a solicitat acest interimat (la Ministerul Justi\u0163iei &#8211; n.r.) \u015fi mie \u00eemi pare c\u0103, at\u00e2t c\u00e2t suntem \u00een continuare \u00een alian\u0163\u0103, nu putem refuza premierului acest drept<\/strong>\u201d, a declarat Crin Antonescu, \u00eentr-o emisiune televizat\u0103.<\/p>\n<p data-index=\"9\">El a subliniat c\u0103, dac\u0103 premierul Victor Ponta, ca ministru interimar al Justi\u0163iei, o propune pe Codru\u0163a Kovesi pentru \u015fefia DNA, \u201ecategoric acest lucru nu va fi sus\u0163inut de PNL, va fi \u00een dezacord cu PNL\u201d.<\/p>\n<p data-index=\"10\">\u201e<strong>Mai departe, ce s\u0103 facem, s\u0103 rupem USL? Poate e \u015fi asta o variant\u0103<\/strong>\u201d, a continuat liderul PNL, ad\u0103ug\u00e2nd \u00eens\u0103 c\u0103 are \u00eendoieli \u00een aceast\u0103 privin\u0163\u0103.<\/p>\n<p data-index=\"11\">\u201eTeama mea cea mai mare nu e nici m\u0103car aceea c\u0103 premierul Ponta o poate numi pe Kovesi, teama mea e c\u0103 putem continua s\u0103 o ducem a\u015fa\u201d, a mai spus Crin Antonescu, sus\u0163in\u00e2nd c\u0103 nu trebuie f\u0103cute compromisuri cu Traian B\u0103sescu.<\/p>\n<h5>Ce a declarat Victor Ponta<\/h5>\n<p data-index=\"12\">Liderul PSD, premierul Victor Ponta nu exclude varianta ca fostul procuror general Laura Codru\u0163a Kovesi s\u0103 fie numit\u0103 la conducerea Direc\u0163iei Na\u0163ionale Anticorup\u0163ie, ad\u0103ug\u00e2nd c\u0103 nu va demisiona din postul de prim-ministru dac\u0103 aceast\u0103 persoan\u0103, considerat\u0103 \u201eomul lui B\u0103sescu\u201d, va fi numit\u0103 la DNA.<\/p>\n<p data-index=\"13\">El a declarat, vineri sear\u0103, la o emisiune televizat\u0103, c\u0103 singura variant\u0103 pe care o exclude este ca Daniel Morar s\u0103 r\u0103m\u00e2n\u0103 \u00een acest post. El nu a respins \u00eens\u0103 nicio clip\u0103 posibilitatea ca Laura Kovesi s\u0103 fie numit\u0103 la DNA, neg\u00e2nd o astfel de idee, ci a prezentat justific\u0103ri \u00een mai multe r\u00e2nduri, explic\u00e2nd c\u0103 regimul B\u0103sescu nu st\u0103 \u00eentr-un singur om \u015fi c\u0103 dac\u0103 \u00een conducerea Parchetului majoritatea celor numi\u0163i sunt profesioni\u015fti va fi deja o schimbare fundamental\u0103 fa\u0163\u0103 de ultimii ani.<\/p>\n<p data-index=\"14\"><strong>\u201eUn cuv\u00e2nt important \u00een aceste numiri, o opinie important\u0103 pentru mine este &#8211; \u015fi o recunosc, nu are rost s\u0103 m\u0103 ascund &#8211; acceptabilitatea la nivelul partenerilor no\u015ftri europeni. Nu mai vreau s\u0103 mai aud c\u0103 USL vrea s\u0103 pun\u0103 procurori care s\u0103 protejeze pe cine.Vreau s\u0103 \u00eenchidem aceast\u0103 problem\u0103 care st\u0103 pe mas\u0103 (&#8230;) Sunt domenii \u00een care Bruxelles-ul este un reper, asta e realitatea\u201d<\/strong>, a afirmat premierul.<\/p>\n<p data-index=\"15\">\u00centrebat dac\u0103 consider\u0103 c\u0103 Kovesi va da \u201everde\u201d unor dosare care implic\u0103 nume grele din PDL, Ponta a r\u0103spuns c\u0103 este convins de acest lucru.<\/p>\n<p data-index=\"16\">\u201e\u00cen fiecare zi trebuie s\u0103 iau decizii multe, unele dureroase, dar pe care mi le asum\u201d, a spus Victor Ponta, ad\u0103ug\u00e2nd c\u0103 trebuie s\u0103 avanseze propuneri care s\u0103 fie acceptate de cei care semneaz\u0103, dar \u015fi de partenerii europeni ai Rom\u00e2niei.<\/p>\n<p data-index=\"17\">\u201eMi se pare un lucru neserios s\u0103 fac propuneri pe care \u015ftiu c\u0103 (B\u0103sescu-n.r.) le respinge (&#8230;) Din acest motiv mi-am asumat interimatul la Ministerul Justi\u0163iei, cred c\u0103 trebuie s\u0103 \u00eemi asum (&#8230;) Mai ia \u015fi B\u0103sescu un an, pe urm\u0103 nu mai ia nimic\u201d, a spus Victor Ponta.<\/p>\n<p data-index=\"18\">\u00centrebat dac\u0103 nu exclude ca Laura Codru\u0163a Kovesi s\u0103 fie \u015feful DNA, Ponta a r\u0103spuns: \u201eNu exclud niciun nume \u00een afar\u0103 de domnul Morar\u201d.<\/p>\n<p data-index=\"19\">\u00centrebat \u015fi dac\u0103 eventuala numire a lui Kovesi \u00een func\u0163ia de procuror \u015fef al DNA este un motiv suficient pentru a-\u015fi prezenta demisia, premierul a r\u0103spuns: \u201eNu\u201d.<\/p>\n<p data-index=\"20\"><strong>\u201e\u00cemi voi da demisia atunci c\u00e2nd o majoritate important\u0103 a cet\u0103\u0163enilor Rom\u00e2niei, dup\u0103 care \u015fi o majoritate a parlamentarilor, vor considera c\u0103 exist\u0103 o solu\u0163ie mai bun\u0103\u201d<\/strong>, a spus Victor Ponta.<\/p>\n<p data-index=\"21\">El a ad\u0103ugat c\u0103 se uit\u0103 faptul c\u0103 \u201enumim \u015fi procuror general, \u015fi procuror \u015fef la DIICOT, \u015fi adjunc\u0163i\u201d, f\u0103r\u0103 s\u0103 r\u0103spund\u0103 concret dac\u0103 exist\u0103 \u201eo contrabalansare\u201d \u00een aceast\u0103 ecua\u0163ie.<\/p>\n<p data-index=\"22\">\u00centrebat de ce nu a spus, \u00een campania electoral\u0103, oamenilor care l-au votat c\u0103 nu poate face anumite lucruri f\u0103r\u0103 acordul lui B\u0103sescu \u015fi c\u0103 poate, \u00een aceste condi\u0163ii, votul era acordat altcuiva, premierul a r\u0103spuns: \u201eDa, lui Dan Diaconescu\u201d.<\/p>\n<p data-index=\"23\">Ponta a mai afirmat c\u0103 exclude ideea c\u0103 USL trebuie s\u0103 numeasc\u0103 procurori \u00een zona justi\u0163iei.<\/p>\n<h5>Iulian Fota, la KM0: \u201eImportante sunt criteriile, dac\u0103 nu sunt clare, nu vom \u0219tii dac\u0103 omul numit e bine ales\u201d<\/h5>\n<p data-index=\"24\">Subiectul a fost dezb\u0103tut \u00een edi\u021ba de duminic\u0103 a emisiunii \u201eKilometrul 0\u201d de Iulian Fota, consilierul preziden\u0163ial \u00een probleme de securitate na\u0163ional\u0103, \u0219i profesorul de \u015ftiin\u0163e politice, Andrei \u0162\u0103ranu.<\/p>\n<p data-index=\"25\">\u00centrebat c\u00e2t de tare insist\u0103 pre\u0219edintele Traian B\u0103sescu pentru numirea Laurei Codru\u021ba Kovesi la conducerea Direc\u021biei Na\u021bional\u0103 Anticorup\u021bie, Iulian Fota a afirmat\u00a0<strong>\u201eNu cred c\u0103 a\u021bi v\u0103zut chestiuna asta pe undeva, de cur\u00e2nd\u201d<\/strong>.<\/p>\n<p data-index=\"26\">Consilierul preziden\u021bial a explica c\u0103 \u0219eful statului are atitudini de principiu.<\/p>\n<p data-index=\"27\">\u201ePre\u0219edintele \u00eentotdeauna a existat pentru c\u00e2teva lucruri foarte clare \u0219i le-a spus de fiecare dat\u0103: A insistat ca Rom\u00e2nia s\u0103-\u0219i onoreze obliga\u021biile fa\u021b\u0103 de Uniunea European\u0103, pentru c\u0103 noi ne-am asumat aceste obliga\u021bii c\u00e2nd am aderat la Uniunea European\u0103, pre\u0219edintele a insistat \u00eentotdeauna s\u0103 ac\u021bion\u0103m \u00een toate p\u0103r\u021bile, \u0219i \u00een Parlament, \u0219i \u00een Guvern, \u0219i, bine\u00een\u021beles, \u0219i \u00een Administra\u021bia Prezinde\u021bial\u0103, ca oameni responsabili, \u00een\u021beleg\u00e2nd c\u0103 Rom\u00e2nia trebuie s\u0103 fie func\u021bional\u0103, s\u0103 fie o \u021bar\u0103 cu onoare care \u00ee\u0219i respect\u0103 cuv\u00e2ntul dat, s\u0103 fie o \u021bar\u0103 func\u021bional\u0103 pentru ca sistemele mari, inclusiv justi\u021bia, s\u0103 func\u021bioneze\u201d, a declarat Iulian Fota.<\/p>\n<p data-index=\"28\">\u201eImportante sunt criteriile, dac\u0103 nu sunt clare, nu vom \u0219tii dac\u0103 omul numit e bine ales sau nu e bine ales, dac\u0103 omul acela va da rezultate sau nu\u201d, a declarat Iulian Fota.<\/p>\n<h5>Traseul numirilor la P\u00ceCCJ \u0219i DNA<\/h5>\n<p data-index=\"29\">Fostul procuror general al Rom\u00e2niei Codru\u0163a Kovesi a fost deta\u015fat\u0103, \u00een octombrie anul trecut, la Ministerul Afacerilor de Externe, pentru o perioad\u0103 de trei ani, pentru a ocupa o func\u0163ie de \u00cenalt reprezentant la Misiunea Rom\u00e2niei la Bruxelles pe probleme privind reforma justi\u0163iei \u015fi lupta anticorup\u0163ie.<\/p>\n<p data-index=\"30\">Deta\u015farea a fost prezentat\u0103 atunci de premierul Ponta drept o \u201e\u00eencercare de diploma\u0163ie\u201d.<\/p>\n<p data-index=\"31\">Liderul PNL, Crin Antonescu, a declarat, mar\u0163i, c\u0103 \u00een situa\u0163ia \u00een care premierul va face propuneri pentru \u015fefia Parchetului \u015fi a DNA, ar putea s\u0103 aib\u0103 o opinie, dar nu are calitatea de a-\u015fi da acceptul sau nu pentru eventualele propuneri, \u00eens\u0103 personal nu ar sus\u0163ine nominalizarea Codru\u0163ei Kovesi.<\/p>\n<p data-index=\"32\">Premierul Ponta a anun\u0163at c\u0103, \u00een calitate de ministru interimar al Justi\u0163iei, inten\u0163ioneaz\u0103 s\u0103 se \u00eent\u00e2lneasc\u0103 la \u00eenceputul s\u0103pt\u0103m\u00e2nii viitoare cu pre\u015fedintele Traian B\u0103sescu, iar mar\u0163i s\u0103 discute \u015fi cu sec\u0163ia de procurori a CSM despre noii procurori pentru \u015fefia Parchetului \u015fi a DNA.<\/p>\n<p data-index=\"33\">Mona Pivniceru a f\u0103cut propuneri pentru func\u0163iile de procuror general \u015fi \u015fef al DNA \u00een noiembrie anul trecut, dar pre\u015fedintele le-a respins. Tiberiu Ni\u0163u \u015fi Ioan Irimie au primit aviz negativ de la CSM, iar pre\u015fedintele le-a refuzat numirea, invoc\u00e2nd procedura de selec\u0163ie de la Ministerul Justi\u0163iei.\u00a0De atunci, demersurile nu au mai fost reluate.<\/p>\n<p data-index=\"34\">\u00centr-un interviu televizat, pre\u015fedintele Traian B\u0103sescu a spus c\u0103 i-a propus Monei Pivniceru varianta unei rocade \u00eentre Daniel Morar \u015fi Laura Codru\u0163a Kovesi pentru parchetul instan\u0163ei supreme \u015fi DNA, \u00eens\u0103 aceasta ar fi refuzat categoric.<\/p>\n<\/div>\n<p> Source URL: https:\/\/www.digi24.ro\/stiri\/actualitate\/politica\/c-antonescu-daca-v-ponta-o-desemneaza-pe-l-kovesi-in-fruntea-dna-eu-ma-opun-63005<\/p>\n","protected":false},"excerpt":{"rendered":"<p>Crin Antonescu, pre\u0219edintele PNL, a precizat duminic\u0103 sear\u0103, \u00eentr-o emisiune televizat\u0103, c\u0103 premierul\u00a0Victor Ponta\u00a0a dorit s\u0103 asume interimatul \u00een fruntea Ministerului Justi\u0163iei, pentru solu\u0163ionarea problemei numirii procurorului general \u015fi a procurorului \u015fef al DNA. \u201e\u00cen eventualitatea ca domnul Ponta s\u0103 o desemneze pe doamna Kovesi \u00een fruntea DNA, eu m\u0103 opun\u201d, a mai declarat pre\u015fedintele [&hellip;]<\/p>\n","protected":false},"author":1,"featured_media":229148,"comment_status":"open","ping_status":"","sticky":false,"template":"","format":"standard","meta":{"footnotes":""},"categories":[2],"tags":[11],"class_list":["post-229147","post","type-post","status-publish","format-standard","has-post-thumbnail","hentry","category-politics","tag-digi24"],"_links":{"self":[{"href":"https:\/\/analyse.optim.biz\/index.php?rest_route=\/wp\/v2\/posts\/229147","targetHints":{"allow":["GET"]}}],"collection":[{"href":"https:\/\/analyse.optim.biz\/index.php?rest_route=\/wp\/v2\/posts"}],"about":[{"href":"https:\/\/analyse.optim.biz\/index.php?rest_route=\/wp\/v2\/types\/post"}],"author":[{"embeddable":true,"href":"https:\/\/analyse.optim.biz\/index.php?rest_route=\/wp\/v2\/users\/1"}],"replies":[{"embeddable":true,"href":"https:\/\/analyse.optim.biz\/index.php?rest_route=%2Fwp%2Fv2%2Fcomments&post=229147"}],"version-history":[{"count":0,"href":"https:\/\/analyse.optim.biz\/index.php?rest_route=\/wp\/v2\/posts\/229147\/revisions"}],"wp:featuredmedia":[{"embeddable":true,"href":"https:\/\/analyse.optim.biz\/index.php?rest_route=\/wp\/v2\/media\/229148"}],"wp:attachment":[{"href":"https:\/\/analyse.optim.biz\/index.php?rest_route=%2Fwp%2Fv2%2Fmedia&parent=229147"}],"wp:term":[{"taxonomy":"category","embeddable":true,"href":"https:\/\/analyse.optim.biz\/index.php?rest_route=%2Fwp%2Fv2%2Fcategories&post=229147"},{"taxonomy":"post_tag","embeddable":true,"href":"https:\/\/analyse.optim.biz\/index.php?rest_route=%2Fwp%2Fv2%2Ftags&post=229147"}],"curies":[{"name":"wp","href":"https:\/\/api.w.org\/{rel}","templated":true}]}}