{"id":229136,"date":"2013-04-01T20:32:24","date_gmt":"2013-04-01T17:32:24","guid":{"rendered":"https:\/\/analyse.optim.biz\/?p=229136"},"modified":"2013-04-01T20:32:24","modified_gmt":"2013-04-01T17:32:24","slug":"kilometrul-0-iulian-fota-miscarea-populara-va-fi-condusa-de-un-universitar","status":"publish","type":"post","link":"https:\/\/analyse.optim.biz\/?p=229136","title":{"rendered":"Kilometrul 0. Iulian Fota: Mi\u0219carea Popular\u0103 va fi condus\u0103 de un universitar"},"content":{"rendered":"<div class=\"entry data-app-meta data-app-meta-article\" data-embed-base-url-canonical=\"https:\/\/www.digi24.ro\/embed\/stiri\/actualitate\/politica\/kilometrul-0-iulian-fota-miscarea-populara-va-fi-condusa-de-un-universitar-63024\">\n<p data-index=\"1\">\u00centrebat cine va conduce Mi\u0219carea Popular\u0103,\u00a0<strong>Iulian Fota<\/strong>\u00a0a declarat: \u201eUn universitar\u201d. \u201eNu am c\u00e2teva nume s\u0103 v\u0103 dau, va fi anun\u021bat \u00een perioada urm\u0103toare, da\u021bi-ne \u0219i nou\u0103 voie s\u0103 ne organiz\u0103m un pic, s\u0103 fim discre\u021bi asupra acestei organiz\u0103ri, ca fiecare. Pe m\u0103sur\u0103 ce se clarific\u0103, vor fi comunicate\u201d, a spus Iulian Fota.<\/p>\n<p data-index=\"2\">Consilierul preziden\u021bial \u00een probleme de securitate na\u0163ional\u0103 a fost invitat \u00een edi\u021ba de duminic\u0103 a emisiunii \u201eKilometrul 0\u201d al\u0103turi de profesorul de \u015ftiin\u0163e politice,\u00a0<strong>Andrei \u0162\u0103ranu<\/strong>.<\/p>\n<p data-index=\"3\">\u00centrebat dac\u0103 va face parte din\u00a0Mi\u0219carea Popular\u0103 atunci c\u00e2nd se va transforma \u00een partid politic, Iulian Fota a r\u0103spuns c\u0103 \u00een ultimii ani nu a mai cochetat cu ideea de activitate politic\u0103.<\/p>\n<p data-index=\"4\">\u201eDac\u0103 ideile prind, \u0219i partidul respectiv, inclusiv Mi\u0219carea Popular\u0103, reflect\u0103 ideile \u00een care eu cred \u0219i pentru care sunt gata s\u0103 m\u0103 zbat, de ce nu?\u201d, a detaliat Iulian Fota.<\/p>\n<p data-index=\"5\">La \u00eentrebarea privind eventuala inten\u021bie de a candida la alegerile parlamentare, actualul consilier preziden\u021bial a spus c\u0103 ar prefera s\u0103 se \u00eentoarc\u0103 \u00een via\u021ba academic\u0103.<\/p>\n<p data-index=\"6\"><strong>\u201e\u00cemi place mai mult s\u0103 fiu profesor la clas\u0103 dec\u00e2t s\u0103 fiu europarlamentar, ca s\u0103 fiu sincer\u201d<\/strong>, a afirmat Iulian Fota.<\/p>\n<h5>Funda\u0163ie destinat\u0103 celor \u201eneimplica\u0163i politic\u201d<\/h5>\n<p data-index=\"7\">Funda\u0163ia Mi\u015fcarea Popular\u0103, anun\u0163at\u0103 la \u00eenceputul acestei s\u0103pt\u0103m\u00e2ni, a cuprins treptat \u00eentreaga echip\u0103 a pre\u015fedintelui Traian B\u0103sescu din Administra\u0163ia Preziden\u0163ial\u0103.<\/p>\n<p data-index=\"8\">Consilierul preziden\u0163ial\u00a0<a href=\"https:\/\/www.digi24.ro\/stire\/Cristian-Diaconescu-initiaza-procedurile-pentru-infiintarea-Miscarii-Populare_90479\" target=\"_blank\" data-skip-linkfix=\"1\" rel=\"noopener\"><strong>Cristian Diaconescu<\/strong>\u00a0a anun\u021bat, luni, c\u0103 a \u00eenceput demersuri pentru \u00eenfiin\u0163area Mi\u015fc\u0103rii Populare<\/a>. Imediat, al\u021bi doi consilieri preziden\u021biali, Sebastian L\u0103z\u0103roiu \u0219i Bogdan Oprea, au anun\u021bat pe Facebook c\u0103 ader\u0103 la noua funda\u021bie.<\/p>\n<p data-index=\"9\"><a href=\"https:\/\/www.digi24.ro\/stire\/Traian-Basescu-Miscarea-Populara-a-fost-ideea-mea-o-voi-incuraja_91157\" target=\"_blank\" data-skip-linkfix=\"1\" rel=\"noopener\"><strong>Pre\u015fedintele Traian B\u0103sescu<\/strong>\u00a0a declarat, miercuri, c\u0103 Mi\u015fcarea Popular\u0103 a fost ideea sa<\/a>\u00a0\u0219i c\u0103 funda\u0163ia este destinat\u0103 celor neimplica\u0163i politic. \u0218eful statului a spus, la un post de televiziune, c\u0103 scopul ideii este coagularea unei opozi\u0163ii la actuala putere, nefiind exclus\u0103 transformarea funda\u021biei \u00eentr-un partid politic.<\/p>\n<p data-index=\"10\"><strong>Despre cum se \u00eempac\u0103 acest lucru cu salariile din bani publici, dac\u0103 exist\u0103 o suspiciune de incompatibilitate sau c\u00e2t este de inspirat ca o organiza\u0163ie care vrea s\u0103 coopteze interesul rom\u00e2nilor apolitici s\u0103 porneasc\u0103 de la Cotroceni, urm\u0103ri\u021bi \u00een dezbaterea din materialele video ata\u0219ate.<\/strong><\/p>\n<\/div>\n<p> Source URL: https:\/\/www.digi24.ro\/stiri\/actualitate\/politica\/kilometrul-0-iulian-fota-miscarea-populara-va-fi-condusa-de-un-universitar-63024<\/p>\n","protected":false},"excerpt":{"rendered":"<p>\u00centrebat cine va conduce Mi\u0219carea Popular\u0103,\u00a0Iulian Fota\u00a0a declarat: \u201eUn universitar\u201d. \u201eNu am c\u00e2teva nume s\u0103 v\u0103 dau, va fi anun\u021bat \u00een perioada urm\u0103toare, da\u021bi-ne \u0219i nou\u0103 voie s\u0103 ne organiz\u0103m un pic, s\u0103 fim discre\u021bi asupra acestei organiz\u0103ri, ca fiecare. Pe m\u0103sur\u0103 ce se clarific\u0103, vor fi comunicate\u201d, a spus Iulian Fota. Consilierul preziden\u021bial \u00een [&hellip;]<\/p>\n","protected":false},"author":1,"featured_media":229137,"comment_status":"open","ping_status":"","sticky":false,"template":"","format":"standard","meta":{"footnotes":""},"categories":[2],"tags":[11],"class_list":["post-229136","post","type-post","status-publish","format-standard","has-post-thumbnail","hentry","category-politics","tag-digi24"],"_links":{"self":[{"href":"https:\/\/analyse.optim.biz\/index.php?rest_route=\/wp\/v2\/posts\/229136","targetHints":{"allow":["GET"]}}],"collection":[{"href":"https:\/\/analyse.optim.biz\/index.php?rest_route=\/wp\/v2\/posts"}],"about":[{"href":"https:\/\/analyse.optim.biz\/index.php?rest_route=\/wp\/v2\/types\/post"}],"author":[{"embeddable":true,"href":"https:\/\/analyse.optim.biz\/index.php?rest_route=\/wp\/v2\/users\/1"}],"replies":[{"embeddable":true,"href":"https:\/\/analyse.optim.biz\/index.php?rest_route=%2Fwp%2Fv2%2Fcomments&post=229136"}],"version-history":[{"count":0,"href":"https:\/\/analyse.optim.biz\/index.php?rest_route=\/wp\/v2\/posts\/229136\/revisions"}],"wp:featuredmedia":[{"embeddable":true,"href":"https:\/\/analyse.optim.biz\/index.php?rest_route=\/wp\/v2\/media\/229137"}],"wp:attachment":[{"href":"https:\/\/analyse.optim.biz\/index.php?rest_route=%2Fwp%2Fv2%2Fmedia&parent=229136"}],"wp:term":[{"taxonomy":"category","embeddable":true,"href":"https:\/\/analyse.optim.biz\/index.php?rest_route=%2Fwp%2Fv2%2Fcategories&post=229136"},{"taxonomy":"post_tag","embeddable":true,"href":"https:\/\/analyse.optim.biz\/index.php?rest_route=%2Fwp%2Fv2%2Ftags&post=229136"}],"curies":[{"name":"wp","href":"https:\/\/api.w.org\/{rel}","templated":true}]}}