{"id":229122,"date":"2013-04-01T21:11:42","date_gmt":"2013-04-01T18:11:42","guid":{"rendered":"https:\/\/analyse.optim.biz\/?p=229122"},"modified":"2013-04-01T21:11:42","modified_gmt":"2013-04-01T18:11:42","slug":"antonescu-nu-putem-duce-mai-departe-coabitarea-compromisurile-sunt-cele-ce-ma-despart-de-ponta","status":"publish","type":"post","link":"https:\/\/analyse.optim.biz\/?p=229122","title":{"rendered":"Antonescu: Nu putem duce mai departe coabitarea. Compromisurile sunt cele ce m\u0103 despart de Ponta"},"content":{"rendered":"<div class=\"entry data-app-meta data-app-meta-article\" data-embed-base-url-canonical=\"https:\/\/www.digi24.ro\/embed\/stiri\/actualitate\/politica\/antonescu-nu-putem-duce-mai-departe-coabitarea-compromisurile-sunt-cele-ce-ma-despart-de-ponta-63048\">\n<p data-index=\"1\"><img decoding=\"async\" src=\"https:\/\/analyse.optim.biz\/wp-content\/uploads\/2024\/09\/ptgwmczoyxnopti0nwe0otg5yznhndk4nwy1nzvmnmezy2fjnmfmn2i1-thumb_.jpg\" data-skip-htmlfix=\"1\" title=\"ptgwmczoyxnopti0nwe0otg5yznhndk4nwy1nzvmnmezy2fjnmfmn2i1-thumb_\"><\/p>\n<p data-index=\"2\">&#8220;Victor Ponta nu devine, chiar dac\u0103 va face acest lucru, du\u015fmanul nostru, nu \u00eenceteaz\u0103 s\u0103 fie aliatul meu. Din puntul meu de vedere, \u015fi i-am spus premierului, nu putem merge mai departe, vorbim de coabitare&#8221;, a sus\u0163inut Antonescu \u00eentr-o emisiune televizat\u0103.\u00a0<\/p>\n<p data-index=\"3\">Liderul PNL a sus\u0163inut c\u0103 pasul &#8220;foarte r\u0103u&#8221; f\u0103cut de Victor Ponta dup\u0103 alegerile parlamentare a fost cel al negocierii cu Traian B\u0103sescu pentru semnarea acordului de coabitare.<\/p>\n<p data-index=\"4\">&#8220;Nu aveam nevoie de a\u015fa-numitul pact de coabitare. Se puteau g\u0103si formule minim func\u0163ionale de natur\u0103 statal\u0103, de natur\u0103 institu\u0163ional\u0103, dar nu trebuia acceptat\u0103 cu niciun chip condi\u0163ionarea aplic\u0103rii sentin\u0163ei date de votul popular de o relegitimare a lui Traian B\u0103sescu, \u00eempotriva c\u0103ruia din punct de vedere politic \u00een principal votaser\u0103 oamenii aceia, \u015fi nu pentru c\u0103 eram noi frumo\u015fi, cu viitorul \u00een fa\u0163\u0103&#8221;, a spus Antonescu.<\/p>\n<h5>Unde a gre\u015fit Mona Pivniceru<\/h5>\n<p data-index=\"5\">\u00cen ceea ce o prive\u015fte pe Mona Pivniceru, fost ministru Justi\u0163iei, Antonescu a precizat c\u0103 singura sugestie pe care i-a f\u0103cut-o a fost aceea de procedur\u0103, respectiv respectarea legii rom\u00e2ne\u015fti \u00een vigoare.<\/p>\n<p data-index=\"6\">&#8220;Cred c\u0103 a fost, cu toat\u0103 considera\u0163ia \u015fi toat\u0103 pre\u0163uirea pentru demnitatea cu care doamna Pivniceru nu a vrut s\u0103 intre \u00een negocieri \u015fi combina\u0163ii politice cu Traian B\u0103sescu sau cu altcineva, cred c\u0103 a fost singura gre\u015feal\u0103, \u015fi anume c\u0103 doamna Pivniceru, un om serios, un magistrat, un om al legii, al spiritului, al literei, a luat \u00een serios ceea ce s-a discutat la Comisia European\u0103. Acolo i s-a impus un mecanism \u00eendelungat, complicat \u015fi care ad\u0103uga la legea rom\u00e2neasc\u0103 sau chiar o \u00eenc\u0103lca&#8230; s\u0103 spunem c\u0103 nu o \u00eenc\u0103lca, dar \u00een fine ad\u0103uga zdrav\u0103n&#8221;, a sus\u0163inut Antonescu.<\/p>\n<p data-index=\"7\">Liderul PNL a precizat c\u0103 \u00een momentul de fa\u0163\u0103 se poate constata c\u0103, &#8220;dac\u0103 se fac ni\u015fte propuneri cu care e de acord \u015fi B\u0103sescu, nici doamna Reding, nici doamna Day nu mai \u0163in minte nimic din toat\u0103 procedura pe care nu au propus-o, ci au impus-o Monei Pivinceru&#8221;.<\/p>\n<p data-index=\"8\">&#8220;Cu alte cuvinte, dac\u0103 e Kovesi, e bine f\u0103r\u0103 nicio procedur\u0103. Asta ne arat\u0103 nou\u0103 de fapt c\u0103 suntem \u00eentr-o fund\u0103tur\u0103 \u015fi mai mare, c\u0103 din p\u0103cate institu\u0163ii pe care le-am respectat nu se respect\u0103 ele \u00eensele \u015fi c\u0103 Rom\u00e2nia a ajuns \u00een situa\u0163ia \u00een care are un guvern, o majoritate, un prim-ministru, care de\u015fi sunt mai puternici ca sus\u0163inere popular\u0103 dec\u00e2t majoritatea omologilor lor europeni, sunt trata\u0163i de parc\u0103 nu ar avea legitimitate cu propria lor \u0163ar\u0103&#8221;, a mai declarat pre\u015fedintele PNL.<\/p>\n<\/div>\n<p> Source URL: https:\/\/www.digi24.ro\/stiri\/actualitate\/politica\/antonescu-nu-putem-duce-mai-departe-coabitarea-compromisurile-sunt-cele-ce-ma-despart-de-ponta-63048<\/p>\n","protected":false},"excerpt":{"rendered":"<p>&#8220;Victor Ponta nu devine, chiar dac\u0103 va face acest lucru, du\u015fmanul nostru, nu \u00eenceteaz\u0103 s\u0103 fie aliatul meu. Din puntul meu de vedere, \u015fi i-am spus premierului, nu putem merge mai departe, vorbim de coabitare&#8221;, a sus\u0163inut Antonescu \u00eentr-o emisiune televizat\u0103.\u00a0 Liderul PNL a sus\u0163inut c\u0103 pasul &#8220;foarte r\u0103u&#8221; f\u0103cut de Victor Ponta dup\u0103 alegerile [&hellip;]<\/p>\n","protected":false},"author":1,"featured_media":229123,"comment_status":"open","ping_status":"","sticky":false,"template":"","format":"standard","meta":{"footnotes":""},"categories":[2],"tags":[11],"class_list":["post-229122","post","type-post","status-publish","format-standard","has-post-thumbnail","hentry","category-politics","tag-digi24"],"_links":{"self":[{"href":"https:\/\/analyse.optim.biz\/index.php?rest_route=\/wp\/v2\/posts\/229122","targetHints":{"allow":["GET"]}}],"collection":[{"href":"https:\/\/analyse.optim.biz\/index.php?rest_route=\/wp\/v2\/posts"}],"about":[{"href":"https:\/\/analyse.optim.biz\/index.php?rest_route=\/wp\/v2\/types\/post"}],"author":[{"embeddable":true,"href":"https:\/\/analyse.optim.biz\/index.php?rest_route=\/wp\/v2\/users\/1"}],"replies":[{"embeddable":true,"href":"https:\/\/analyse.optim.biz\/index.php?rest_route=%2Fwp%2Fv2%2Fcomments&post=229122"}],"version-history":[{"count":0,"href":"https:\/\/analyse.optim.biz\/index.php?rest_route=\/wp\/v2\/posts\/229122\/revisions"}],"wp:featuredmedia":[{"embeddable":true,"href":"https:\/\/analyse.optim.biz\/index.php?rest_route=\/wp\/v2\/media\/229123"}],"wp:attachment":[{"href":"https:\/\/analyse.optim.biz\/index.php?rest_route=%2Fwp%2Fv2%2Fmedia&parent=229122"}],"wp:term":[{"taxonomy":"category","embeddable":true,"href":"https:\/\/analyse.optim.biz\/index.php?rest_route=%2Fwp%2Fv2%2Fcategories&post=229122"},{"taxonomy":"post_tag","embeddable":true,"href":"https:\/\/analyse.optim.biz\/index.php?rest_route=%2Fwp%2Fv2%2Ftags&post=229122"}],"curies":[{"name":"wp","href":"https:\/\/api.w.org\/{rel}","templated":true}]}}