{"id":229111,"date":"2013-04-02T10:03:43","date_gmt":"2013-04-02T07:03:43","guid":{"rendered":"https:\/\/analyse.optim.biz\/?p=229111"},"modified":"2013-04-02T10:03:43","modified_gmt":"2013-04-02T07:03:43","slug":"zgonea-despre-candidatura-lui-oprescu-la-presedintie-ultima-data-am-discutat-despre-o-autostrada-pe-sub-parlament","status":"publish","type":"post","link":"https:\/\/analyse.optim.biz\/?p=229111","title":{"rendered":"Zgonea, despre candidatura lui Oprescu la pre\u0219edin\u021bie: Ultima dat\u0103 am discutat despre o autostrad\u0103 pe sub Parlament"},"content":{"rendered":"<div class=\"entry data-app-meta data-app-meta-article\" data-embed-base-url-canonical=\"https:\/\/www.digi24.ro\/embed\/stiri\/actualitate\/politica\/zgonea-despre-candidatura-lui-oprescu-la-presedintie-ultima-data-am-discutat-despre-o-autostrada-pe-sub-parlament-63162\">\n<p data-index=\"1\">Solicitat s\u0103 comenteze declara\u0163iile f\u0103cute de primarul\u00a0Sorin Oprescu, potrivit c\u0103rora social-democra\u0163ii i-au propus s\u0103 fie candidat la Pre\u015fedin\u0163ie \u015fi dac\u0103 acesta ar fi o solu\u0163ie de rezerv\u0103 pentru PSD,\u00a0Zgonea a r\u0103spuns: \u201eUltima dat\u0103 c\u00e2nd am vorbit cu domnia sa \u00eemi cerea s\u0103 treac\u0103 cu o autostrad\u0103 pe sub Parlament&#8221;.<\/p>\n<p data-index=\"2\">\u201eA\u015fa c\u0103 nu pot s\u0103 v\u0103 r\u0103spund la aceast\u0103 \u00eentrebare, c\u0103 nu \u015ftiu. Sunt deocamdat\u0103 preocupat de ideea aceasta a domnului primar de a trece cu o autostrad\u0103 pe sub Parlament \u015fi m\u0103 concentrez la lucrurile la care pot fi un sprijin pentru primarul municipiului Bucure\u015fti&#8221;, a ad\u0103ugat Zgonea.<\/p>\n<p data-index=\"3\">Primarul general al Capitalei, Sorin Oprescu, a declarat, la emisiunea \u201eDup\u0103 20 de ani&#8221;, difuzat\u0103 duminic\u0103 de\u00a0Pro TV, c\u0103 are planuri nu pentru cei trei ani \u015fi jum\u0103tate r\u0103ma\u015fi din al doilea mandat, ci pentru zece ani, preciz\u00e2nd c\u0103 au fost membri ai PSD care au \u201ecochetat&#8221; cu ideea candidaturii sale la Pre\u015fedin\u0163ie.<\/p>\n<div id=\"zc_site_640x160_adtext\" dir=\"LTR\">\n<p data-index=\"4\">\u00centrebat dac\u0103 va candida la Pre\u015fedin\u0163ie anul viitor, Oprescu a r\u0103spuns: &#8220;Domn&#8217;e, eu sunt primar general. Am planuri nu pentru trei ani jum\u0103tate, c\u00e2t au mai r\u0103mas, ci pentru zece ani de zile. Vreau s\u0103-i v\u0103d pe oamenii \u0103\u015ftia (bucure\u015ftenii &#8211; n.r.) c\u0103 se simt bine (&#8230;) \u015ei eu, ca \u015fi dumneavoastr\u0103, iubesc ora\u015ful \u0103sta. Dup\u0103 18 ani de zile de promisiuni, de discu\u0163ii&#8230;&#8221;.<\/p>\n<\/div>\n<\/div>\n<p> Source URL: https:\/\/www.digi24.ro\/stiri\/actualitate\/politica\/zgonea-despre-candidatura-lui-oprescu-la-presedintie-ultima-data-am-discutat-despre-o-autostrada-pe-sub-parlament-63162<\/p>\n","protected":false},"excerpt":{"rendered":"<p>Solicitat s\u0103 comenteze declara\u0163iile f\u0103cute de primarul\u00a0Sorin Oprescu, potrivit c\u0103rora social-democra\u0163ii i-au propus s\u0103 fie candidat la Pre\u015fedin\u0163ie \u015fi dac\u0103 acesta ar fi o solu\u0163ie de rezerv\u0103 pentru PSD,\u00a0Zgonea a r\u0103spuns: \u201eUltima dat\u0103 c\u00e2nd am vorbit cu domnia sa \u00eemi cerea s\u0103 treac\u0103 cu o autostrad\u0103 pe sub Parlament&#8221;. \u201eA\u015fa c\u0103 nu pot s\u0103 v\u0103 [&hellip;]<\/p>\n","protected":false},"author":1,"featured_media":229112,"comment_status":"open","ping_status":"","sticky":false,"template":"","format":"standard","meta":{"footnotes":""},"categories":[2],"tags":[11],"class_list":["post-229111","post","type-post","status-publish","format-standard","has-post-thumbnail","hentry","category-politics","tag-digi24"],"_links":{"self":[{"href":"https:\/\/analyse.optim.biz\/index.php?rest_route=\/wp\/v2\/posts\/229111","targetHints":{"allow":["GET"]}}],"collection":[{"href":"https:\/\/analyse.optim.biz\/index.php?rest_route=\/wp\/v2\/posts"}],"about":[{"href":"https:\/\/analyse.optim.biz\/index.php?rest_route=\/wp\/v2\/types\/post"}],"author":[{"embeddable":true,"href":"https:\/\/analyse.optim.biz\/index.php?rest_route=\/wp\/v2\/users\/1"}],"replies":[{"embeddable":true,"href":"https:\/\/analyse.optim.biz\/index.php?rest_route=%2Fwp%2Fv2%2Fcomments&post=229111"}],"version-history":[{"count":0,"href":"https:\/\/analyse.optim.biz\/index.php?rest_route=\/wp\/v2\/posts\/229111\/revisions"}],"wp:featuredmedia":[{"embeddable":true,"href":"https:\/\/analyse.optim.biz\/index.php?rest_route=\/wp\/v2\/media\/229112"}],"wp:attachment":[{"href":"https:\/\/analyse.optim.biz\/index.php?rest_route=%2Fwp%2Fv2%2Fmedia&parent=229111"}],"wp:term":[{"taxonomy":"category","embeddable":true,"href":"https:\/\/analyse.optim.biz\/index.php?rest_route=%2Fwp%2Fv2%2Fcategories&post=229111"},{"taxonomy":"post_tag","embeddable":true,"href":"https:\/\/analyse.optim.biz\/index.php?rest_route=%2Fwp%2Fv2%2Ftags&post=229111"}],"curies":[{"name":"wp","href":"https:\/\/api.w.org\/{rel}","templated":true}]}}