{"id":229012,"date":"2013-04-06T14:29:07","date_gmt":"2013-04-06T11:29:07","guid":{"rendered":"https:\/\/analyse.optim.biz\/?p=229012"},"modified":"2013-04-06T14:29:07","modified_gmt":"2013-04-06T11:29:07","slug":"ccr-a-decis-statutul-alesilor-este-neconstitutional","status":"publish","type":"post","link":"https:\/\/analyse.optim.biz\/?p=229012","title":{"rendered":"CCR a decis. Statutul ale\u0219ilor este neconstitu\u021bional"},"content":{"rendered":"<div class=\"entry data-app-meta data-app-meta-article\" data-embed-base-url-canonical=\"https:\/\/www.digi24.ro\/embed\/stiri\/actualitate\/politica\/ccr-a-decis-statutul-alesilor-este-neconstitutional-64121\">\n<p data-index=\"1\">Este vorba despre articolul 19, care se refer\u0103 la faptul c\u0103 parlamentarul care se afl\u0103 \u00een \u00a0conflict de interese, care nu atac\u0103 decizia ANI prin care se constat\u0103 conflictul de interese, s\u0103 nu participe la lucr\u0103ri timp de 30 de zile. Judec\u0103torii au decis c\u0103 articolul e neconstitu\u021bional pentru c\u0103 ar \u00eempiedica exercitarea continu\u0103 a mandatului unui deputat sau senator.\u00a0<\/p>\n<p data-index=\"2\">\u0218edin\u021ba a durat circa trei ore.\u00a0<\/p>\n<p data-index=\"3\">Curtea Constitu\u0163ional\u0103 a discutat\u00a0<a href=\"https:\/\/www.digi24.ro\/stire\/PDL-a-contestat-iar-la-Curtea-Constitutionala-statutul-parlamentarilor_89527\" data-skip-linkfix=\"1\">a doua sesizare f\u0103cut\u0103 de parlamentarii PDL<\/a>\u00a0\u00eempotriva statutului senatorilor \u015fi deputa\u0163ilor.\u00a0<\/p>\n<p data-index=\"4\">Principala obiec\u0163ie era c\u0103 \u00een statut s-a men\u0163inut solu\u0163ia sanc\u0163ion\u0103rii disciplinare pentru parlamentarii aflat \u00een conflict de interese, reduc\u00e2nd doar pedeapsa de la 6 luni la o lun\u0103.<\/p>\n<p data-index=\"5\">\u201ePe preaderare, chiar ni se recomanda s\u0103 avem un cod de conduit\u0103, dar nu a existat voin\u021b\u0103 politic\u0103 din partea lui Traian B\u0103sescu s\u0103 conving\u0103 grupurile politice s\u0103 fac\u0103 acest lucru. \u00cempreun\u0103 cu cei de la PDL, care au \u00eenv\u0103\u021bat din gre\u0219elile trecutului, cu to\u021bii vom putea face un cod de conduit\u0103 \u0219i regulamente moderne\u201d, a declarat Valeriu Zgonea, presedintele Camerei deputa\u021bilor.<\/p>\n<\/div>\n<p> Source URL: https:\/\/www.digi24.ro\/stiri\/actualitate\/politica\/ccr-a-decis-statutul-alesilor-este-neconstitutional-64121<\/p>\n","protected":false},"excerpt":{"rendered":"<p>Este vorba despre articolul 19, care se refer\u0103 la faptul c\u0103 parlamentarul care se afl\u0103 \u00een \u00a0conflict de interese, care nu atac\u0103 decizia ANI prin care se constat\u0103 conflictul de interese, s\u0103 nu participe la lucr\u0103ri timp de 30 de zile. Judec\u0103torii au decis c\u0103 articolul e neconstitu\u021bional pentru c\u0103 ar \u00eempiedica exercitarea continu\u0103 a [&hellip;]<\/p>\n","protected":false},"author":1,"featured_media":229013,"comment_status":"open","ping_status":"","sticky":false,"template":"","format":"standard","meta":{"footnotes":""},"categories":[2],"tags":[11],"class_list":["post-229012","post","type-post","status-publish","format-standard","has-post-thumbnail","hentry","category-politics","tag-digi24"],"_links":{"self":[{"href":"https:\/\/analyse.optim.biz\/index.php?rest_route=\/wp\/v2\/posts\/229012","targetHints":{"allow":["GET"]}}],"collection":[{"href":"https:\/\/analyse.optim.biz\/index.php?rest_route=\/wp\/v2\/posts"}],"about":[{"href":"https:\/\/analyse.optim.biz\/index.php?rest_route=\/wp\/v2\/types\/post"}],"author":[{"embeddable":true,"href":"https:\/\/analyse.optim.biz\/index.php?rest_route=\/wp\/v2\/users\/1"}],"replies":[{"embeddable":true,"href":"https:\/\/analyse.optim.biz\/index.php?rest_route=%2Fwp%2Fv2%2Fcomments&post=229012"}],"version-history":[{"count":0,"href":"https:\/\/analyse.optim.biz\/index.php?rest_route=\/wp\/v2\/posts\/229012\/revisions"}],"wp:featuredmedia":[{"embeddable":true,"href":"https:\/\/analyse.optim.biz\/index.php?rest_route=\/wp\/v2\/media\/229013"}],"wp:attachment":[{"href":"https:\/\/analyse.optim.biz\/index.php?rest_route=%2Fwp%2Fv2%2Fmedia&parent=229012"}],"wp:term":[{"taxonomy":"category","embeddable":true,"href":"https:\/\/analyse.optim.biz\/index.php?rest_route=%2Fwp%2Fv2%2Fcategories&post=229012"},{"taxonomy":"post_tag","embeddable":true,"href":"https:\/\/analyse.optim.biz\/index.php?rest_route=%2Fwp%2Fv2%2Ftags&post=229012"}],"curies":[{"name":"wp","href":"https:\/\/api.w.org\/{rel}","templated":true}]}}