{"id":229000,"date":"2013-04-06T18:10:32","date_gmt":"2013-04-06T15:10:32","guid":{"rendered":"https:\/\/analyse.optim.biz\/?p=229000"},"modified":"2013-04-06T18:10:32","modified_gmt":"2013-04-06T15:10:32","slug":"reuniune-de-urgenta-a-liderilor-usl-victor-ponta-a-ajuns-cu-intarziere-dar-a-stat-de-vorba-cu-jurnalistii","status":"publish","type":"post","link":"https:\/\/analyse.optim.biz\/?p=229000","title":{"rendered":"Reuniune de urgen\u0163\u0103 a liderilor USL. Victor Ponta a ajuns cu \u00eent\u00e2rziere, dar a stat de vorb\u0103 cu jurnali\u0219tii"},"content":{"rendered":"<div class=\"entry data-app-meta data-app-meta-article\" data-embed-base-url-canonical=\"https:\/\/www.digi24.ro\/embed\/stiri\/actualitate\/politica\/reuniune-de-urgenta-a-liderilor-usl-victor-ponta-a-ajuns-cu-intarziere-dar-a-stat-de-vorba-cu-jurnalistii-64163\">\n<p data-index=\"1\"><strong><img decoding=\"async\" src=\"https:\/\/analyse.optim.biz\/wp-content\/uploads\/2024\/09\/jnc9odawjmhhc2g9ytnjzdfkyme3mmnjyjy5mjm1nwrjmtywyja4yte1yza-thumb_.jpg\" data-skip-htmlfix=\"1\" title=\"jnc9odawjmhhc2g9ytnjzdfkyme3mmnjyjy5mjm1nwrjmtywyja4yte1yza-thumb_\"><\/strong><\/p>\n<p data-index=\"2\"><strong>Actualizare 18:05<\/strong><\/p>\n<p data-index=\"3\">Dup\u0103 \u0219edin\u021ba de la USL, pre\u0219edintele PNL, Crin Antonescu, a anun\u021bat c\u0103 PSD va asigura interimatul la Ministerul Justi\u0163iei. Mul\u021bi dintre liberali au aflat aceast\u0103 informa\u021bie de la jurnali\u0219ti, declar\u00e2ndu-se ulterior uimi\u021bi. Ace\u0219tia au afirmat c\u0103 nu \u0219tiu ce se va discuta \u00een \u0219edin\u021ba de la PNL \u0219i nici care va fi strategia partidului. \u00a0<\/p>\n<p data-index=\"4\">De\u0219i premierul a ajuns cu o \u00eent\u00e2rziere de peste 25 de minute la sediul USL, pentru c\u0103 a venit direct de la \u0219edin\u021ba CSAT, \u00eenainte de a intra \u00een sal\u0103 a stat de vorb\u0103 cu jurnali\u0219tii mai bine de un sfert de or\u0103, d\u00e2nd explica\u021bii \u0219i declara\u021bii \u00een leg\u0103tur\u0103 cu reac\u021biile st\u00e2rnite de\u00a0<a href=\"https:\/\/www.digi24.ro\/stire\/Premierul-o-propune-pe-Codruta-Kovesi-la-sefia-DNA-Victor-Ponta-a-trimis-propunerile-la-CSM_92698\" data-skip-linkfix=\"1\">propunerile pe care le-a f\u0103cut pentru \u0219efia parchetelor.<\/a>\u00a0El a spus c\u0103 nu a negociat propunerile f\u0103cute, iar pe pre\u0219edinte l-a anun\u021bat miercuri diminea\u021b\u0103.<\/p>\n<p data-index=\"5\">Decizia premierului de a o propune pe Laura Codru\u021ba Kovesi la \u0219efia DNA a creat<a href=\"https:\/\/www.digi24.ro\/stire\/Crin-Antonescu-Nu-acceptam-un-troc-politic-USL-insa-nu-se-rupe_92723\" data-skip-linkfix=\"1\">\u00a0rumoare printre liberali\u00a0<\/a>care sus\u0163in c\u0103 nu au fost consulta\u0163i. Cu toate acestea, liderul PNL, Crin Antonescu, a dat asigur\u0103ri c\u0103 USL nu se destram\u0103. \u00cens\u0103 spiritele \u00een PNL s-au \u00eencins \u015f<span>i<\/span>\u00a0sunt voci care cer demisia premierului. \u00a0<\/p>\n<p data-index=\"6\">Liderul PNL, Crin Antonescu, a declarat, miercuri, c\u0103 PNL nu e de acord cu nominalizarea Codru\u0163ei Kovesi la DNA, c\u0103 pentru prima dat\u0103 de c\u00e2nd e USL premierul nu i-a consultat pe liberali, ci doar le-a comunicat decizia.<\/p>\n<p data-index=\"7\">Victor Ponta a participat miercuri dup\u0103-amiaz\u0103 la\u00a0<a href=\"https:\/\/www.digi24.ro\/stire\/CSAT-discuta-azi-despre-subiecte-de-interes-pentru-securitatea-nationala_92695\" data-skip-linkfix=\"1\">\u0219edin\u021ba\u00a0<\/a><a href=\"https:\/\/www.digi24.ro\/stire\/CSAT-discuta-azi-despre-subiecte-de-interes-pentru-securitatea-nationala_92695\" data-skip-linkfix=\"1\">Consiliului Suprem de Ap\u0103rare a \u0162\u0103rii care a \u00eenceput la ora 15.<\/a>\u00a0Administra\u021bia preziden\u0163ial\u0103 a anun\u0163at cinci subiecte pe ordinea de zi, dar nu exclude \u015fi discutarea altor teme de interes pentru securitatea na\u0163ional\u0103.<\/p>\n<\/div>\n<p> Source URL: https:\/\/www.digi24.ro\/stiri\/actualitate\/politica\/reuniune-de-urgenta-a-liderilor-usl-victor-ponta-a-ajuns-cu-intarziere-dar-a-stat-de-vorba-cu-jurnalistii-64163<\/p>\n","protected":false},"excerpt":{"rendered":"<p>Actualizare 18:05 Dup\u0103 \u0219edin\u021ba de la USL, pre\u0219edintele PNL, Crin Antonescu, a anun\u021bat c\u0103 PSD va asigura interimatul la Ministerul Justi\u0163iei. Mul\u021bi dintre liberali au aflat aceast\u0103 informa\u021bie de la jurnali\u0219ti, declar\u00e2ndu-se ulterior uimi\u021bi. Ace\u0219tia au afirmat c\u0103 nu \u0219tiu ce se va discuta \u00een \u0219edin\u021ba de la PNL \u0219i nici care va fi strategia [&hellip;]<\/p>\n","protected":false},"author":1,"featured_media":229001,"comment_status":"open","ping_status":"","sticky":false,"template":"","format":"standard","meta":{"footnotes":""},"categories":[2],"tags":[11],"class_list":["post-229000","post","type-post","status-publish","format-standard","has-post-thumbnail","hentry","category-politics","tag-digi24"],"_links":{"self":[{"href":"https:\/\/analyse.optim.biz\/index.php?rest_route=\/wp\/v2\/posts\/229000","targetHints":{"allow":["GET"]}}],"collection":[{"href":"https:\/\/analyse.optim.biz\/index.php?rest_route=\/wp\/v2\/posts"}],"about":[{"href":"https:\/\/analyse.optim.biz\/index.php?rest_route=\/wp\/v2\/types\/post"}],"author":[{"embeddable":true,"href":"https:\/\/analyse.optim.biz\/index.php?rest_route=\/wp\/v2\/users\/1"}],"replies":[{"embeddable":true,"href":"https:\/\/analyse.optim.biz\/index.php?rest_route=%2Fwp%2Fv2%2Fcomments&post=229000"}],"version-history":[{"count":0,"href":"https:\/\/analyse.optim.biz\/index.php?rest_route=\/wp\/v2\/posts\/229000\/revisions"}],"wp:featuredmedia":[{"embeddable":true,"href":"https:\/\/analyse.optim.biz\/index.php?rest_route=\/wp\/v2\/media\/229001"}],"wp:attachment":[{"href":"https:\/\/analyse.optim.biz\/index.php?rest_route=%2Fwp%2Fv2%2Fmedia&parent=229000"}],"wp:term":[{"taxonomy":"category","embeddable":true,"href":"https:\/\/analyse.optim.biz\/index.php?rest_route=%2Fwp%2Fv2%2Fcategories&post=229000"},{"taxonomy":"post_tag","embeddable":true,"href":"https:\/\/analyse.optim.biz\/index.php?rest_route=%2Fwp%2Fv2%2Ftags&post=229000"}],"curies":[{"name":"wp","href":"https:\/\/api.w.org\/{rel}","templated":true}]}}