{"id":228967,"date":"2013-04-06T19:39:23","date_gmt":"2013-04-06T16:39:23","guid":{"rendered":"https:\/\/analyse.optim.biz\/?p=228967"},"modified":"2013-04-06T19:39:23","modified_gmt":"2013-04-06T16:39:23","slug":"t-chiuariu-daca-vom-desemna-un-ministru-el-va-trebui-sa-retraga-propunerile-lui-v-ponta-pentru-sefia-parchetelor","status":"publish","type":"post","link":"https:\/\/analyse.optim.biz\/?p=228967","title":{"rendered":"T. Chiuariu: Dac\u0103 vom desemna un ministru, el va trebui s\u0103 retrag\u0103 propunerile lui V. Ponta pentru \u0219efia parchetelor"},"content":{"rendered":"<div class=\"entry data-app-meta data-app-meta-article\" data-embed-base-url-canonical=\"https:\/\/www.digi24.ro\/embed\/stiri\/actualitate\/politica\/t-chiuariu-daca-vom-desemna-un-ministru-el-va-trebui-sa-retraga-propunerile-lui-v-ponta-pentru-sefia-parchetelor-64266\">\n<p data-index=\"1\">\u201e<span>Noi, \u00een momentul de fa\u021b\u0103 a\u0219tept\u0103m mai multe explica\u021bii a aceea ce s-a \u00eent\u00e2mplat, din punctul nostru de vedere nu exist\u0103 nicio explica\u021bie logic\u0103 \u0219i cu siguran\u021b\u0103, dac\u0103 vom desemna un ministru al Justi\u021biei, el va trebui s\u0103 retrag\u0103 aceste propuneri\u201d, a declarat Tudor Chiuariu referindu-se la propunerile f\u0103cute \u00een cursul dimine\u021bii de premierul Victor Ponta.<\/span><\/p>\n<p data-index=\"2\">Tudor Chiuariu a explicat \u00eens\u0103 c\u0103 ministrul Justi\u021biei are puteri depline \u00een privin\u021ba propunerilor \u0219i le poate retrage, p\u00e2n\u0103 c\u00e2nd decretele de numire \u00een post ale noilor \u0219efi ai parchetelor, semnate de pre\u0219edinte, nu sunt publicate \u00een Monitorul Oficial.<\/p>\n<p data-index=\"3\">\u201ePropunerile pot fi retrase p\u00e2n\u0103 \u00een momentul \u00een care propunerea s-a transformat \u00eentr-o numire, prin semnarea decretului de c\u0103tre pre\u015fedinte \u015fi publicarea \u00een Monitorul Oficial. P\u00e2n\u0103 la acel moment, p\u00e2n\u0103 c\u00e2nd decretul pre\u015fedintelui produce efecte, ministrul Justi\u0163iei \u00ee\u015fi poate&#8230; are altfel spus total\u0103 putere, putere deplin\u0103 asupra propunerii \u015fi evident c\u0103 o poate retrage&#8221;, a sus\u0163inut Chiuariu. Senatorul PNL a precizat c\u0103 liberalii a\u015fteapt\u0103 explica\u0163ii asupra a ceea ce s-a \u00eent\u00e2mplat \u00een aceast\u0103 privin\u0163\u0103.<\/p>\n<p data-index=\"4\">\u00centrebat dac\u0103 i s-a propus din nou \u0219efia Ministerului Justi\u021biei, Tudor Chiuariu a r\u0103spuns c\u0103 at\u00e2t timp c\u00e2t la Cotroceni se afl\u0103 Traian B\u0103sescu, \u0219ansele sale de a fi numit \u00een aceast\u0103 func\u021bie se apropie de zero.<\/p>\n<\/div>\n<p> Source URL: https:\/\/www.digi24.ro\/stiri\/actualitate\/politica\/t-chiuariu-daca-vom-desemna-un-ministru-el-va-trebui-sa-retraga-propunerile-lui-v-ponta-pentru-sefia-parchetelor-64266<\/p>\n","protected":false},"excerpt":{"rendered":"<p>\u201eNoi, \u00een momentul de fa\u021b\u0103 a\u0219tept\u0103m mai multe explica\u021bii a aceea ce s-a \u00eent\u00e2mplat, din punctul nostru de vedere nu exist\u0103 nicio explica\u021bie logic\u0103 \u0219i cu siguran\u021b\u0103, dac\u0103 vom desemna un ministru al Justi\u021biei, el va trebui s\u0103 retrag\u0103 aceste propuneri\u201d, a declarat Tudor Chiuariu referindu-se la propunerile f\u0103cute \u00een cursul dimine\u021bii de premierul Victor [&hellip;]<\/p>\n","protected":false},"author":1,"featured_media":228968,"comment_status":"open","ping_status":"","sticky":false,"template":"","format":"standard","meta":{"footnotes":""},"categories":[2],"tags":[11],"class_list":["post-228967","post","type-post","status-publish","format-standard","has-post-thumbnail","hentry","category-politics","tag-digi24"],"_links":{"self":[{"href":"https:\/\/analyse.optim.biz\/index.php?rest_route=\/wp\/v2\/posts\/228967","targetHints":{"allow":["GET"]}}],"collection":[{"href":"https:\/\/analyse.optim.biz\/index.php?rest_route=\/wp\/v2\/posts"}],"about":[{"href":"https:\/\/analyse.optim.biz\/index.php?rest_route=\/wp\/v2\/types\/post"}],"author":[{"embeddable":true,"href":"https:\/\/analyse.optim.biz\/index.php?rest_route=\/wp\/v2\/users\/1"}],"replies":[{"embeddable":true,"href":"https:\/\/analyse.optim.biz\/index.php?rest_route=%2Fwp%2Fv2%2Fcomments&post=228967"}],"version-history":[{"count":0,"href":"https:\/\/analyse.optim.biz\/index.php?rest_route=\/wp\/v2\/posts\/228967\/revisions"}],"wp:featuredmedia":[{"embeddable":true,"href":"https:\/\/analyse.optim.biz\/index.php?rest_route=\/wp\/v2\/media\/228968"}],"wp:attachment":[{"href":"https:\/\/analyse.optim.biz\/index.php?rest_route=%2Fwp%2Fv2%2Fmedia&parent=228967"}],"wp:term":[{"taxonomy":"category","embeddable":true,"href":"https:\/\/analyse.optim.biz\/index.php?rest_route=%2Fwp%2Fv2%2Fcategories&post=228967"},{"taxonomy":"post_tag","embeddable":true,"href":"https:\/\/analyse.optim.biz\/index.php?rest_route=%2Fwp%2Fv2%2Ftags&post=228967"}],"curies":[{"name":"wp","href":"https:\/\/api.w.org\/{rel}","templated":true}]}}