{"id":228944,"date":"2013-04-06T19:49:50","date_gmt":"2013-04-06T16:49:50","guid":{"rendered":"https:\/\/analyse.optim.biz\/?p=228944"},"modified":"2013-04-06T19:49:50","modified_gmt":"2013-04-06T16:49:50","slug":"victor-ponta-ministerul-justitiei-trece-la-psd-liberalii-au-decis-sa-nu-ceara-alt-minister-la-schimb","status":"publish","type":"post","link":"https:\/\/analyse.optim.biz\/?p=228944","title":{"rendered":"Victor Ponta: Ministerul Justi\u0163iei trece la PSD. Liberalii au decis s\u0103 nu cear\u0103 alt minister la schimb"},"content":{"rendered":"<div class=\"entry data-app-meta data-app-meta-article\" data-embed-base-url-canonical=\"https:\/\/www.digi24.ro\/embed\/stiri\/actualitate\/politica\/victor-ponta-ministerul-justitiei-trece-la-psd-liberalii-au-decis-sa-nu-ceara-alt-minister-la-schimb-64290\">\n<p data-index=\"1\"><strong><img decoding=\"async\" src=\"https:\/\/analyse.optim.biz\/wp-content\/uploads\/2024\/09\/dz04mdamagfzad1mmgi2yjhizge2nzcyzjiyotqzotbmnmflnmuzntvjyg-thumb_.jpg\" data-skip-htmlfix=\"1\" title=\"dz04mdamagfzad1mmgi2yjhizge2nzcyzjiyotqzotbmnmflnmuzntvjyg-thumb_\"><\/strong><\/p>\n<p data-index=\"2\"><strong>ACTUALIZARE ORA 20:00<\/strong>\u00a0Crin Antonescu a anun\u0163at c\u0103 Biroul Na\u0163ional Permanent &#8211; organul de conducere al PNL &#8211; a decis \u00een unanimitate s\u0103 nu \u00ee\u015fi mai asume responsabilitatea conducerii Ministerului Justi\u0163iei,\u00a0<strong>dac\u0103 Victor Ponta persist\u0103 \u00een propunerea\u00a0<\/strong>de numiri pe care le-a f\u0103cut \u201e\u00een comun\u201d cu Traian B\u0103sescu. Crin Antonescu s-a referit la Traian B\u0103sescu \u015fi la Victor Ponta cu apelativele \u201e<strong>cuplu<\/strong>\u201d \u015fi \u201e<strong>binom<\/strong>\u201d. PNL nu mai vrea \u015fi nu mai accept\u0103 alt minister, a \u0163inut s\u0103 precizeze liderul liberal.<\/p>\n<p data-index=\"3\">El a spus c\u0103 liberalii au discutat mai multe variante, dar p\u00e2n\u0103 la urm\u0103 a fost adoptat\u0103\u00a0<strong>\u00een unanimitate<\/strong>\u00a0aceast\u0103 decizie. Crin Antonescu a precizat c\u0103 PNL este oric\u00e2nd dispus s\u0103 \u00ee\u015fi asume din nou conducerea Ministerului Justi\u0163iei, \u00een cazul \u00een care Victor Ponta \u00ee\u015fi retrage propunerile \u015fi procedura de numire a procurorilor este reluat\u0103. \u201e<strong>Eu cred c\u0103 un lucru \u00een\u0163elept ar fi retragerea acestor propuneri \u015fi numirea unui ministru al Justi\u0163iei<\/strong>\u201d, a declarat Crin Antonescu.<\/p>\n<p data-index=\"4\">Copre\u0219edintele USL a declarat c\u0103 a \u00een\u0163eles argumentele premierului, dar acestea nu \u00eel conving. \u201e<strong>PNL \u00een\u0163elege altfel guvernarea dec\u00e2t cramponarea de ni\u015fte buc\u0103\u0163ele de putere<\/strong>\u201d, a afirmat Crin Antonescu, ad\u0103ug\u00e2nd \u00eens\u0103 c\u0103 nu s-a pus \u00een nici un moment problema ie\u015firii de la guvernare.\u00a0<\/p>\n<p data-index=\"5\">Liderul liberal a mai argumentat c\u0103, dac\u0103 PNL ar fi fost interesat strict de putere, ar fi luat Ministerul Justi\u0163iei, ar fi numit un ministru \u015fi ar fi retras propunerile f\u0103cute de premier.<\/p>\n<p data-index=\"6\">____________________<\/p>\n<p data-index=\"7\">Victor Ponta a anun\u0163at \u00een cursul dup\u0103-amiezei, dup\u0103 reuniunea cu liderii USL, c\u0103 va asigura interimatul la Ministerul Justi\u0163iei p\u00e2n\u0103 c\u00e2nd vor fi numi\u0163i procurorul general \u015fi procurorul \u00a0\u015fef al Direc\u0163iei Na\u0163ionale Anticorup\u0163ie.<\/p>\n<h5><span>Cele mai importante declara\u0163ii ale\u00a0premierului:<\/span><\/h5>\n<p data-index=\"8\">\u201e<strong>Eu am propus colegilor de la Partidul Na\u0163ional Liberal, pentru a elimina disputele, s\u0103 asum\u0103m din partea Partidului Social Democrat Ministerul Justi\u0163iei, PNL urm\u00e2nd s\u0103 ocupe un alt portofoliu.<\/strong><\/p>\n<p data-index=\"9\">Liderii PNL au acceptat varianta interimatului, dar f\u0103r\u0103 s\u0103 doreasc\u0103 la schimb un alt minister.<\/p>\n<p data-index=\"10\">Astfel am \u00eenchis toat\u0103 disputa din ultimele zile, orice diferend \u00een USL. Cred c\u0103 am luat cea mai bun\u0103 decizie.<\/p>\n<p data-index=\"11\">Am cerut asumarea justi\u0163iei \u00een continuare de c\u0103tre mine ca interimar, urm\u00e2nd s\u0103 propun un alt ministru. R\u0103m\u00e2n interimar p\u00e2n\u0103 finalizez procedurile de propuneri de procurori.<\/p>\n<p data-index=\"12\">Pentru\u00a0<strong>viitorul ministru al Justi\u0163iei, op\u0163iunea mea se \u00eendreapt\u0103 c\u0103tre un ministru care s\u0103 nu fie membru de partid, s\u0103 aib\u0103 experien\u0163\u0103 \u00een magistratur\u0103. Dac\u0103 are experien\u0163\u0103 \u015fi \u00een rela\u0163ii interna\u0163ionale, \u015fi mai bine.<\/strong><\/p>\n<p data-index=\"13\">Eu am venit cu ideea unui schimb de ministere. Cred c\u0103 o s\u0103 c\u00e2\u015ftig\u0103m stabilitatea Ministerului Public, de care este foarte mare nevoie.\u201d<\/p>\n<p data-index=\"14\">\u00centrebat dac\u0103 crede c\u0103\u00a0<strong>Laura Codru\u0163a Kovesi va accepta<\/strong>\u00a0misiunea de \u015fef al DNA, premierul a r\u0103spuns: \u201e<strong>Da. Sunt sigur. De to\u0163i \u015fase<\/strong>\u00a0(cei \u015fase procurori propu\u015fi)<strong>. Sper!<\/strong>\u201d<\/p>\n<h5><span>Crin Antonescu: \u201eNu totul se negociaz\u0103 \u015fi nu totul se compenseaz\u0103. Nu suntem la putere ca s\u0103 ne batem cu h\u0103lci de la buget\u201d<\/span><\/h5>\n<p data-index=\"15\">\u201eNe men\u0163inem fiecare pozi\u0163ia pe care o cunoa\u015fte\u0163i deja pe tema numirii procurorilor&#8221;, a spus la r\u00e2ndul s\u0103u Crin Antonescu.<\/p>\n<p data-index=\"16\"><strong>Cele mai importante declara\u0163ii ale liderului PNL:<\/strong><\/p>\n<p data-index=\"17\">\u201e<span><strong>Tema justi\u0163iei \u00een acest moment este o tem\u0103 care r\u0103m\u00e2ne \u00een responsabilitatea exclusiv\u0103 a domnului Ponta \u015fi a partidului pe care \u00eel conduce, probabil \u015fi a domnului pre\u015fedinte Traian B\u0103sescu, \u00een func\u0163ie de \u00een\u0163elegerile care s-au f\u0103cut sau nu s-au f\u0103cut.<\/strong><\/span>\u201d<\/p>\n<p data-index=\"18\">Despre \u201etrocul\u201d dintre Victor Ponta \u015fi Traian B\u0103sescu, Crin Antonescu a declarat c\u0103 \u201e<strong>este alegerea PNL de a nu se asocia la aceast\u0103 combina\u0163ie<\/strong>\u201d, de a nu crea \u201e<strong>o criz\u0103 major\u0103, fatal\u0103, \u00een USL<\/strong>\u201d.<\/p>\n<p data-index=\"19\">\u201e\u00cen aceste condi\u0163ii, premierul \u015fi PSD au asumat acest minister. Este op\u0163iunea mea \u015fi a colegilor mei, cu care vom merge \u00een Biroul Permanent Na\u0163ional al PNL.<\/p>\n<p data-index=\"20\"><strong>Miza unei guvern\u0103ri nu \u0163ine de num\u0103rul de ministere pe care \u00eel de\u0163ii.<\/strong>\u00a0Miza este coeren\u0163a, consecven\u0163a \u015fi loialitatea fa\u0163\u0103 de programul guvernamental \u015fi angajamentele luate fa\u0163\u0103 de aleg\u0103tori.<\/p>\n<p data-index=\"21\">Pozi\u0163ia mea \u00een leg\u0103tur\u0103 cu tema Justi\u0163iei r\u0103m\u00e2ne aceea\u015fi.\u00a0<strong>Cred c\u0103 era obliga\u0163ia noastr\u0103 s\u0103 g\u0103sim prin intermediul Ministerului Justi\u0163iei doi oameni \u00een leg\u0103tur\u0103 cu care s\u0103 nu existe discu\u0163ii, suspiciuni sau trecut de partizanat politic, a\u015fa cum este cazul domnului Daniel Morar sau a doamnei Laura Codru\u0163a Kovesi.<\/strong>\u201d<\/p>\n<p data-index=\"22\">C\u00e2t prive\u015fte criteriul parit\u0103\u0163ii \u00een USL referitor la num\u0103rul de portofolii de\u0163inute \u00een executiv, Crin Antonescu a declarat: \u201eSuntem parteneri egali \u00een USL. Faptul c\u0103 nu cerem alt minister nu afecteaz\u0103 acest lucru. Paritatea \u0163ine de foarte multe lucruri, \u00eenaintea num\u0103rului de ministere, \u015fi niciodat\u0103 PNL nu a pus aceast\u0103 problem\u0103 \u00een aceast\u0103 alian\u0163\u0103.<\/p>\n<p data-index=\"23\"><strong>Nu totul se negociaz\u0103 \u015fi nu totul se compenseaz\u0103. Nu suntem la putere ca s\u0103 ne batem cu h\u0103lci de la buget, suntem la putere s\u0103 facem ordine.<\/strong>\u00a0Din punctul meu de vedere, ce era \u00eenainte e \u015fi acum.\u201d<\/p>\n<p data-index=\"24\"><strong>La scurt timp dup\u0103 ora 18:00, liderii PNL au intrat \u00een \u015fedin\u0163a Biroului Permanent Na\u0163ional al partidului.<\/strong><\/p>\n<h5><span>Pe aceea\u015fi tem\u0103:<\/span><\/h5>\n<p data-index=\"25\"><strong><a href=\"https:\/\/www.digi24.ro\/stire\/Reuniune-de-urgenta-a-liderilor-USL_92795\" target=\"_blank\" data-skip-linkfix=\"1\" rel=\"noopener\">Reuniune de urgen\u0163\u0103 a liderilor USL. Victor Ponta a ajuns cu \u00eent\u00e2rziere, dar a stat de vorb\u0103 cu jurnali\u015ftii<\/a><\/strong><\/p>\n<p data-index=\"26\"><strong><a href=\"https:\/\/www.digi24.ro\/stire\/71-de-procurori-DNA-cer-concurs-pentru-alegerea-sefului-institutiei-aliniindu-se-pozitiei-CSM_92894\" target=\"_blank\" data-skip-linkfix=\"1\" rel=\"noopener\">71 de procurori DNA cer concurs pentru alegerea \u015fefului institu\u0163iei, aliniindu-se pozi\u0163iei CSM<\/a><\/strong><\/p>\n<p data-index=\"27\"><strong><a href=\"https:\/\/www.digi24.ro\/stire\/Daniel-Constantin-USL-nu-s-a-format-pentru-numirea-unor-procurori-Are-o-misiune-mult-mai-importanta_92843\" target=\"_blank\" data-skip-linkfix=\"1\" rel=\"noopener\">Daniel Constantin: \u201eUSL nu s-a format pentru numirea unor procurori. Are o misiune mult mai important\u0103\u201d<\/a><\/strong><\/p>\n<p data-index=\"28\"><strong><a href=\"https:\/\/www.digi24.ro\/stire\/Procurorii-propusi-de-Victor-Ponta-vor-fi-audiati-de-CSM-peste-aproape-doua-luni_92746\" target=\"_blank\" data-skip-linkfix=\"1\" rel=\"noopener\">Procurorii propu\u015fi de Victor Ponta vor fi audia\u0163i de CSM peste aproape dou\u0103 luni<\/a><\/strong><\/p>\n<p data-index=\"29\"><strong><a href=\"https:\/\/www.digi24.ro\/stire\/Crin-Antonescu-Nu-acceptam-un-troc-politic-USL-insa-nu-se-rupe_92723\" target=\"_blank\" data-skip-linkfix=\"1\" rel=\"noopener\">Crin Antonescu: Victor Ponta l-a legitimat pe Traian B\u0103sescu. Nu \u00eenseamn\u0103 c\u0103 USL se rupe<\/a><\/strong><\/p>\n<p data-index=\"30\"><strong><a href=\"https:\/\/www.digi24.ro\/stire\/Premierul-o-propune-pe-Codruta-Kovesi-la-sefia-DNA-Victor-Ponta-a-trimis-propunerile-la-CSM_92698\" target=\"_blank\" data-skip-linkfix=\"1\" rel=\"noopener\">Laura Codru\u0163a Kovesi, propus\u0103 \u015fef al DNA. Crin Antonescu: \u201eNu suntem parte \u0219i nu suntem de acord!\u201d Mini\u015ftrii liberali au plecat din \u015fedin\u0163a de guvern<\/a><\/strong><\/p>\n<\/div>\n<p> Source URL: https:\/\/www.digi24.ro\/stiri\/actualitate\/politica\/victor-ponta-ministerul-justitiei-trece-la-psd-liberalii-au-decis-sa-nu-ceara-alt-minister-la-schimb-64290<\/p>\n","protected":false},"excerpt":{"rendered":"<p>ACTUALIZARE ORA 20:00\u00a0Crin Antonescu a anun\u0163at c\u0103 Biroul Na\u0163ional Permanent &#8211; organul de conducere al PNL &#8211; a decis \u00een unanimitate s\u0103 nu \u00ee\u015fi mai asume responsabilitatea conducerii Ministerului Justi\u0163iei,\u00a0dac\u0103 Victor Ponta persist\u0103 \u00een propunerea\u00a0de numiri pe care le-a f\u0103cut \u201e\u00een comun\u201d cu Traian B\u0103sescu. Crin Antonescu s-a referit la Traian B\u0103sescu \u015fi la Victor [&hellip;]<\/p>\n","protected":false},"author":1,"featured_media":228945,"comment_status":"open","ping_status":"","sticky":false,"template":"","format":"standard","meta":{"footnotes":""},"categories":[2],"tags":[11],"class_list":["post-228944","post","type-post","status-publish","format-standard","has-post-thumbnail","hentry","category-politics","tag-digi24"],"_links":{"self":[{"href":"https:\/\/analyse.optim.biz\/index.php?rest_route=\/wp\/v2\/posts\/228944","targetHints":{"allow":["GET"]}}],"collection":[{"href":"https:\/\/analyse.optim.biz\/index.php?rest_route=\/wp\/v2\/posts"}],"about":[{"href":"https:\/\/analyse.optim.biz\/index.php?rest_route=\/wp\/v2\/types\/post"}],"author":[{"embeddable":true,"href":"https:\/\/analyse.optim.biz\/index.php?rest_route=\/wp\/v2\/users\/1"}],"replies":[{"embeddable":true,"href":"https:\/\/analyse.optim.biz\/index.php?rest_route=%2Fwp%2Fv2%2Fcomments&post=228944"}],"version-history":[{"count":0,"href":"https:\/\/analyse.optim.biz\/index.php?rest_route=\/wp\/v2\/posts\/228944\/revisions"}],"wp:featuredmedia":[{"embeddable":true,"href":"https:\/\/analyse.optim.biz\/index.php?rest_route=\/wp\/v2\/media\/228945"}],"wp:attachment":[{"href":"https:\/\/analyse.optim.biz\/index.php?rest_route=%2Fwp%2Fv2%2Fmedia&parent=228944"}],"wp:term":[{"taxonomy":"category","embeddable":true,"href":"https:\/\/analyse.optim.biz\/index.php?rest_route=%2Fwp%2Fv2%2Fcategories&post=228944"},{"taxonomy":"post_tag","embeddable":true,"href":"https:\/\/analyse.optim.biz\/index.php?rest_route=%2Fwp%2Fv2%2Ftags&post=228944"}],"curies":[{"name":"wp","href":"https:\/\/api.w.org\/{rel}","templated":true}]}}