{"id":228660,"date":"2013-04-18T15:28:31","date_gmt":"2013-04-18T12:28:31","guid":{"rendered":"https:\/\/analyse.optim.biz\/?p=228660"},"modified":"2013-04-18T15:28:31","modified_gmt":"2013-04-18T12:28:31","slug":"ion-iliescu-intrebat-ce-rol-vede-pentru-adrian-nastase-de-reper-moral-dar-nu-se-va-mai-angaja-activ-in-politica","status":"publish","type":"post","link":"https:\/\/analyse.optim.biz\/?p=228660","title":{"rendered":"Ion Iliescu, \u00eentrebat ce rol vede pentru Adrian N\u0103stase: De reper moral, dar nu se va mai angaja activ \u00een politic\u0103"},"content":{"rendered":"<div class=\"entry data-app-meta data-app-meta-article\" data-embed-base-url-canonical=\"https:\/\/www.digi24.ro\/embed\/stiri\/actualitate\/politica\/ion-iliescu-intrebat-ce-rol-vede-pentru-adrian-nastase-de-reper-moral-dar-nu-se-va-mai-angaja-activ-in-politica-66889\">\n<p data-index=\"1\"><img decoding=\"async\" src=\"https:\/\/analyse.optim.biz\/wp-content\/uploads\/2024\/09\/jnc9odawjmhhc2g9n2m2zjlhm2yxnweyywm2mdawmwuwodhlnjyzyzmznde-thumb_.jpg\" data-skip-htmlfix=\"1\" title=\"jnc9odawjmhhc2g9n2m2zjlhm2yxnweyywm2mdawmwuwodhlnjyzyzmznde-thumb_\"><\/p>\n<p data-index=\"2\">\u201eUn reper, un reper moral. Nu se va mai angaja, cred, cur\u00e2nd &#8211; nu \u015ftiu cum vor evolua lucrurile &#8211; dar cur\u00e2nd nu cred c\u0103 se va angaja \u00eentr-o pozi\u0163ie activ\u0103 mai ales \u00een via\u0163a politic\u0103 \u015fi el profesional mai mult va c\u0103uta s\u0103-\u015fi g\u0103seasc\u0103 cadrul necesar pentru a g\u0103si satisfac\u0163ie.\u00a0E un profesionist, un om studios, un om care \u00een aceast\u0103 perioad\u0103 a acumulat elemente de g\u00e2ndire, a citit mult, a\u015fa \u00eenc\u00e2t \u00eel \u00een\u0163eleg\u201d, a declarat Ion Iliescu, \u00eentrebat ce rol vede pentru N\u0103stase, potrivit MEDIAFAX.<\/p>\n<p data-index=\"3\">Iliescu a mai spus c\u0103, \u00een opinia sa, nu se poate vorbi de colegi de partid ai lui N\u0103stase care s\u0103-l fi tr\u0103dat sau s\u0103-l fi vrut pe acesta \u00een \u00eenchisoare.<\/p>\n<p data-index=\"4\">Solicitat s\u0103 comenteze afirma\u0163iile lui N\u0103stase, care s-a declarat dezam\u0103git de unii colegi, \u015fi \u00eentrebat dac\u0103 unii din PSD l-au tr\u0103dat pe fostul premier sau l-au vrut \u00een \u00eenchisoare, Iliescu a spus c\u0103 nu se poate vorbi de a\u0219a ceva.<\/p>\n<p data-index=\"5\">\u201eProbabil c\u0103 are ra\u0163iunile lui \u00een aprecierea pe care a f\u0103cut-o\u201d, a spus fost pre\u0219edinte al Rom\u00e2niei.<\/p>\n<p data-index=\"6\">El a mai spus c\u0103\u00a0pozi\u0163ia lui N\u0103stase legat\u0103 de faptul c\u0103 fostul premier nu s-ar r\u0103zbuna pe pre\u015fedintele\u00a0Traian B\u0103sescu\u00a0este una care dovede\u015fte \u00een\u0163elepciune.<\/p>\n<p data-index=\"7\">\u201eE o pozi\u0163ie \u00een\u0163eleapt\u0103, echilibrat\u0103 \u015fi pe care o \u00een\u0163eleg\u201d, a mai spus Ion Iliescu.<\/p>\n<\/div>\n<p> Source URL: https:\/\/www.digi24.ro\/stiri\/actualitate\/politica\/ion-iliescu-intrebat-ce-rol-vede-pentru-adrian-nastase-de-reper-moral-dar-nu-se-va-mai-angaja-activ-in-politica-66889<\/p>\n","protected":false},"excerpt":{"rendered":"<p>\u201eUn reper, un reper moral. Nu se va mai angaja, cred, cur\u00e2nd &#8211; nu \u015ftiu cum vor evolua lucrurile &#8211; dar cur\u00e2nd nu cred c\u0103 se va angaja \u00eentr-o pozi\u0163ie activ\u0103 mai ales \u00een via\u0163a politic\u0103 \u015fi el profesional mai mult va c\u0103uta s\u0103-\u015fi g\u0103seasc\u0103 cadrul necesar pentru a g\u0103si satisfac\u0163ie.\u00a0E un profesionist, un om [&hellip;]<\/p>\n","protected":false},"author":1,"featured_media":228661,"comment_status":"open","ping_status":"","sticky":false,"template":"","format":"standard","meta":{"footnotes":""},"categories":[2],"tags":[11],"class_list":["post-228660","post","type-post","status-publish","format-standard","has-post-thumbnail","hentry","category-politics","tag-digi24"],"_links":{"self":[{"href":"https:\/\/analyse.optim.biz\/index.php?rest_route=\/wp\/v2\/posts\/228660","targetHints":{"allow":["GET"]}}],"collection":[{"href":"https:\/\/analyse.optim.biz\/index.php?rest_route=\/wp\/v2\/posts"}],"about":[{"href":"https:\/\/analyse.optim.biz\/index.php?rest_route=\/wp\/v2\/types\/post"}],"author":[{"embeddable":true,"href":"https:\/\/analyse.optim.biz\/index.php?rest_route=\/wp\/v2\/users\/1"}],"replies":[{"embeddable":true,"href":"https:\/\/analyse.optim.biz\/index.php?rest_route=%2Fwp%2Fv2%2Fcomments&post=228660"}],"version-history":[{"count":0,"href":"https:\/\/analyse.optim.biz\/index.php?rest_route=\/wp\/v2\/posts\/228660\/revisions"}],"wp:featuredmedia":[{"embeddable":true,"href":"https:\/\/analyse.optim.biz\/index.php?rest_route=\/wp\/v2\/media\/228661"}],"wp:attachment":[{"href":"https:\/\/analyse.optim.biz\/index.php?rest_route=%2Fwp%2Fv2%2Fmedia&parent=228660"}],"wp:term":[{"taxonomy":"category","embeddable":true,"href":"https:\/\/analyse.optim.biz\/index.php?rest_route=%2Fwp%2Fv2%2Fcategories&post=228660"},{"taxonomy":"post_tag","embeddable":true,"href":"https:\/\/analyse.optim.biz\/index.php?rest_route=%2Fwp%2Fv2%2Ftags&post=228660"}],"curies":[{"name":"wp","href":"https:\/\/api.w.org\/{rel}","templated":true}]}}