{"id":228611,"date":"2013-04-19T05:47:06","date_gmt":"2013-04-19T02:47:06","guid":{"rendered":"https:\/\/analyse.optim.biz\/?p=228611"},"modified":"2013-04-19T05:47:06","modified_gmt":"2013-04-19T02:47:06","slug":"partidul-social-democrat-la-primul-congres-fara-mize-victor-ponta-o-reconfirmare","status":"publish","type":"post","link":"https:\/\/analyse.optim.biz\/?p=228611","title":{"rendered":"Partidul Social Democrat, la primul congres f\u0103r\u0103 mize. Victor Ponta, o reconfirmare"},"content":{"rendered":"<div class=\"entry data-app-meta data-app-meta-article\" data-embed-base-url-canonical=\"https:\/\/www.digi24.ro\/embed\/stiri\/actualitate\/politica\/partidul-social-democrat-la-primul-congres-fara-mize-victor-ponta-o-reconfirmare-66993\">\n<p data-index=\"1\"><img decoding=\"async\" src=\"https:\/\/analyse.optim.biz\/wp-content\/uploads\/2024\/09\/yxnopteyy2e0owzhzgi0ztkyn2u4yzrkzjjhy2mzmdmwy2zm-thumb_.jpg\" data-skip-htmlfix=\"1\" title=\"yxnopteyy2e0owzhzgi0ztkyn2u4yzrkzjjhy2mzmdmwy2zm-thumb_\"><\/p>\n<p data-index=\"2\">Adversarul lui Victor Ponta este Andrei Alexandru, fost purt\u0103tor de cuv\u00e2nt al fostului pre\u015fedinte al Senatului Nicolae V\u0103c\u0103roiu. R\u0103mas f\u0103r\u0103 slujba de la Senat, \u015fi-a f\u0103cut un obicei din a-i contesta pe liderii PSD prin scrisori deschise \u015fi din a-\u015fi depune candidatura la cea mai \u00eenalt\u0103 func\u0163ie \u00een partid.<\/p>\n<h5><span>Digi24 \u015fi Digi24.ro transmit cele mai importante momente ale celor dou\u0103 zile de Congres PSD.<\/span><\/h5>\n<h5><span>Fotoliul lui Adrian N\u0103stase r\u0103m\u00e2ne neatins<\/span><\/h5>\n<p data-index=\"3\"><strong>Nici \u00een e\u015falonul doi al partidului nu se poate discuta de o schimbare de gard\u0103<\/strong>, \u00eentruc\u00e2t pentru func\u0163iile cheie exist\u0103 doar candida\u0163i unici. Ca s\u0103 evite o eventual\u0103 disput\u0103 intern\u0103,\u00a0<strong>PSD nu scoate \u00eens\u0103 la concurs func\u0163ia de pre\u015fedinte al Consiliului Na\u0163ional, de\u0163inut\u0103 de Adrian N\u0103stase p\u00e2n\u0103 la momentul arest\u0103rii<\/strong>. Postul \u00eei este rezervat lui fostului premier, proasp\u0103t eliberat din \u00eenchisoare, care \u00eel va reprimi \u00een momentul \u00een care \u00ee\u015fi va rec\u0103p\u0103ta drepturile civile.<\/p>\n<p data-index=\"4\">\u201e\u00cen perioada c\u00e2t a lipsit Adrian N\u0103stase la noi a fost un gol imens \u015fi sper s\u0103 aib\u0103 putere s\u0103 \u00eel umple la loc. Adrian N\u0103stase este un simbol. Ne-a dat mereu lec\u0163ii de via\u0163\u0103 \u015fi ne d\u0103 \u015fi acum. Func\u0163ia de pre\u015fedinte al Consiliului Na\u0163ional r\u0103m\u00e2ne vacant\u0103 &#8230;nu ne poate obliga nimeni\u201d, a spus <strong>Liviu Dragnea, secretar general al PSD<\/strong>.<\/p>\n<p data-index=\"5\">La r\u00e2ndul s\u0103u, <strong>Miron Mitrea<\/strong> a men\u0163ionat c\u0103 e normal ca Adrian N\u0103stase s\u0103 fie la PSD: \u201eE la Congresul PSD, e chiar un act de normalitate. <strong>Faptul c\u0103 nu poate candida \u015fi e invitat, asta e o anormalitate<\/strong>\u201d.<\/p>\n<p data-index=\"6\">De altfel, Victor Ponta declara pe 11 aprilie, la Digi24, c\u0103 \u201e<strong>to\u0163i fo\u015ftii pre\u015fedin\u0163i ai partidului \u2013 domnul Ion Iliescu, domnul Oliviu Gherman, domnul Adrian N\u0103stase si domnul Mircea Geoan\u0103 \u2013 vor avea o prezen\u0163\u0103 \u015fi un loc special, pentru c\u0103 e vorba de fo\u015ftii pre\u015fedin\u0163i ai partidului<\/strong>\u201d.<\/p>\n<p data-index=\"7\">O noutate a acestui Congres este\u00a0<strong>reintroducerea func\u0163iei de pre\u015fedinte executiv, special pentru Liviu Dragnea<\/strong>.<\/p>\n<p data-index=\"8\">Mai sunt alese\u00a0<strong>opt func\u0163ii de vicepre\u015fedinte pe domenii de activitate<\/strong>, dar \u015fi\u00a0<strong>cinci func\u0163ii de vicepre\u015fedinte destinate femeilor social-democrate<\/strong>.<\/p>\n<h5><span>Un poten\u0163ial moment gri<\/span><\/h5>\n<p data-index=\"9\">Congresul ar putea fi umbrit de un singur moment:\u00a0<strong>\u00eemp\u0103r\u0163irea celor opt func\u0163ii de vicepre\u015fedin\u0163i regionali<\/strong>. Pe regiunea Sud-Est, aceast\u0103 func\u0163ie este dorit\u0103 at\u00e2t de\u00a0<strong>Marian Opri\u015fan<\/strong>, c\u00e2t \u015fi de\u00a0<strong>Nicu\u015for Constantinescu<\/strong>. Au mai existat divergen\u0163e \u00eentre cei doi lideri locali atunci c\u00e2nd Marian Opri\u015fan a devenit liderul pre\u015fedin\u0163ilor de Consilii Jude\u0163ene, func\u0163ie la care candida \u015fi Nicu\u015for Constantinescu.<\/p>\n<h5><span>Fuziunea cu UNPR, nici un motiv de grab\u0103<\/span><\/h5>\n<p data-index=\"10\">Nici a\u015fteptata fuziune cu Uniunea Na\u0163ional\u0103 pentru Progresul Rom\u00e2niei (UNPR), anun\u0163at\u0103 de anul trecut, nu se mai produce. Are loc doar o rezolu\u0163ie \u00een favoarea fuziunii, \u00een perspectiva c\u0103reia sunt \u00eenfiin\u0163ate dou\u0103 func\u0163ii de vicepre\u015fedinte. \u201eNu a mai fost o chestiune urgent\u0103, pentru c\u0103 noi oricum colabor\u0103m bine. Nu mai e motiv de grab\u0103. Sincer, func\u021bion\u0103m foarte bine\u201d, mai spunea Victor Ponta joia trecut\u0103 la Digi24.<\/p>\n<h5><span>Congresul hi-tech: Votul electronic, premier\u0103 \u00een politica partidelor<\/span><\/h5>\n<p data-index=\"11\">Congresul PSD va experimenta votul electronic, o premier\u0103 absolut\u0103 \u00een via\u0163a partidelor rom\u00e2ne\u015fti, a\u015fa c\u0103 unul dintre cele mai tensionate momente, cel al alegerilor, se va consuma \u00een mai pu\u0163in de o or\u0103.<\/p>\n<\/div>\n<p> Source URL: https:\/\/www.digi24.ro\/stiri\/actualitate\/politica\/partidul-social-democrat-la-primul-congres-fara-mize-victor-ponta-o-reconfirmare-66993<\/p>\n","protected":false},"excerpt":{"rendered":"<p>Adversarul lui Victor Ponta este Andrei Alexandru, fost purt\u0103tor de cuv\u00e2nt al fostului pre\u015fedinte al Senatului Nicolae V\u0103c\u0103roiu. R\u0103mas f\u0103r\u0103 slujba de la Senat, \u015fi-a f\u0103cut un obicei din a-i contesta pe liderii PSD prin scrisori deschise \u015fi din a-\u015fi depune candidatura la cea mai \u00eenalt\u0103 func\u0163ie \u00een partid. Digi24 \u015fi Digi24.ro transmit cele mai [&hellip;]<\/p>\n","protected":false},"author":1,"featured_media":228612,"comment_status":"open","ping_status":"","sticky":false,"template":"","format":"standard","meta":{"footnotes":""},"categories":[2],"tags":[11],"class_list":["post-228611","post","type-post","status-publish","format-standard","has-post-thumbnail","hentry","category-politics","tag-digi24"],"_links":{"self":[{"href":"https:\/\/analyse.optim.biz\/index.php?rest_route=\/wp\/v2\/posts\/228611","targetHints":{"allow":["GET"]}}],"collection":[{"href":"https:\/\/analyse.optim.biz\/index.php?rest_route=\/wp\/v2\/posts"}],"about":[{"href":"https:\/\/analyse.optim.biz\/index.php?rest_route=\/wp\/v2\/types\/post"}],"author":[{"embeddable":true,"href":"https:\/\/analyse.optim.biz\/index.php?rest_route=\/wp\/v2\/users\/1"}],"replies":[{"embeddable":true,"href":"https:\/\/analyse.optim.biz\/index.php?rest_route=%2Fwp%2Fv2%2Fcomments&post=228611"}],"version-history":[{"count":0,"href":"https:\/\/analyse.optim.biz\/index.php?rest_route=\/wp\/v2\/posts\/228611\/revisions"}],"wp:featuredmedia":[{"embeddable":true,"href":"https:\/\/analyse.optim.biz\/index.php?rest_route=\/wp\/v2\/media\/228612"}],"wp:attachment":[{"href":"https:\/\/analyse.optim.biz\/index.php?rest_route=%2Fwp%2Fv2%2Fmedia&parent=228611"}],"wp:term":[{"taxonomy":"category","embeddable":true,"href":"https:\/\/analyse.optim.biz\/index.php?rest_route=%2Fwp%2Fv2%2Fcategories&post=228611"},{"taxonomy":"post_tag","embeddable":true,"href":"https:\/\/analyse.optim.biz\/index.php?rest_route=%2Fwp%2Fv2%2Ftags&post=228611"}],"curies":[{"name":"wp","href":"https:\/\/api.w.org\/{rel}","templated":true}]}}