{"id":228483,"date":"2013-04-21T21:42:42","date_gmt":"2013-04-21T18:42:42","guid":{"rendered":"https:\/\/analyse.optim.biz\/?p=228483"},"modified":"2013-04-21T21:42:42","modified_gmt":"2013-04-21T18:42:42","slug":"v-ponta-despre-atacurile-liberalilor-lipsa-de-solidaritate-in-pnl-il-afecteaza-pe-crin-nu-pe-mine","status":"publish","type":"post","link":"https:\/\/analyse.optim.biz\/?p=228483","title":{"rendered":"V. Ponta, despre atacurile liberalilor: Lipsa de solidaritate \u00een PNL \u00eel afecteaz\u0103 pe Crin, nu pe mine"},"content":{"rendered":"<div class=\"entry data-app-meta data-app-meta-article\" data-embed-base-url-canonical=\"https:\/\/www.digi24.ro\/embed\/stiri\/actualitate\/politica\/v-ponta-despre-atacurile-liberalilor-lipsa-de-solidaritate-in-pnl-il-afecteaza-pe-crin-nu-pe-mine-67697\">\n<p data-index=\"1\"><img decoding=\"async\" src=\"https:\/\/analyse.optim.biz\/wp-content\/uploads\/2024\/09\/nmu2nzu1yjdmm2q0ymuwmdayodaxyzbhmq-thumb_.jpg\" data-skip-htmlfix=\"1\" title=\"nmu2nzu1yjdmm2q0ymuwmdayodaxyzbhmq-thumb_\"><\/p>\n<p data-index=\"2\">\u201eAcest gen de lips\u0103 de solidaritate \u00eel afecteaz\u0103 pe Crin, nu pe mine\u201d, a declarat premierul \u0219i copre\u0219edintele USL,<a href=\"http:\/\/www.rtv.net\/ponta-lipsa-de-solidaritate-in-pnl-il-afecteaza-pe-crin-nu-pe-mine_76673.html\" target=\"_blank\" data-skip-linkfix=\"1\" rel=\"noopener\"><strong>\u00a0\u00eentr-o emisiune televizat\u0103.<\/strong><\/a><\/p>\n<p data-index=\"3\"><strong>\u201eFaptul c\u0103 nu sunt solidari cost\u0103 PNL. Declara\u0163iile lui Frunz\u0103verde, Ro\u015fca St\u0103nescu trag \u00een jos PNL.<\/strong>\u00a0Raportul PSD-PNL e aproape 2-1. Inclusiv pe domnul Antonescu \u00eel pot afecta. Ro\u015fca St\u0103nescu vrea s\u0103 se bat\u0103 cu SRI, domnul Frunz\u0103verde nu \u015ftiu ce treab\u0103 are. Acest gen de lips\u0103 de solidaritate \u00eel afecteaz\u0103 pe Crin, nu pe mine. Conteaz\u0103 foarte mult pentru PNL cu ce scor va fi al doilea partid la europarlamentare. Cred c\u0103 e important s\u0103 aib\u0103 un scor c\u00e2t mai bun&#8221;,\u00a0a mai spus\u00a0Victor Ponta.<\/p>\n<h5>\u201eNu vrem s\u0103 rupem USL. P\u00e2n\u0103 \u00een 2016, nu\u201d<\/h5>\n<p data-index=\"4\">Potrivit copre\u0219edintelui USL, atacurile venite din tab\u0103ra liberal\u0103 nu sunt deranjante at\u00e2t timp c\u00e2t nu sunt sus\u0163inute de c\u0103tre conducerea PNL.<\/p>\n<p data-index=\"5\"><strong>\u201eC\u00e2nd ace\u015fti indivizi vor fi \u00eencuraja\u0163i de al\u0163ii, atunci o s\u0103 discut\u0103m \u00een USL. Nu sunt dispus s\u0103 guvernez \u00een doi, dar de unul singur&#8230;Exclud categoric vreo inten\u0163ie, dorin\u0163\u0103, sau ac\u0163iune a PSD \u00een sensul ruperii USL. Noi nu vrem s\u0103 rupem USL. P\u00e2n\u0103 \u00een 2016, nu&#8221;, a ad\u0103ugat Victor Ponta.<\/strong><\/p>\n<p data-index=\"6\">Crin Antonescu\u00a0<a href=\"https:\/\/www.digi24.ro\/stire\/Crin-Antonescu-la-Digi24-Eu-nu-sunt-asa-incantat-ca-dl-Basescu-de-propriul-meu-guvern_97163\" target=\"_blank\" data-skip-linkfix=\"1\" rel=\"noopener\"><strong>declarase joi sear\u0103, la Digi24,<\/strong><\/a>\u00a0c\u0103 \u00een\u021belege frustrarea \u0219i nemul\u021bumirea premierului fa\u021b\u0103 de criticile adresate de unii colegi de coali\u021bie.<\/p>\n<p data-index=\"7\"><strong>Liderul liberal a ad\u0103ugat \u00eens\u0103 c\u0103 Victor Ponta este pre\u0219edintele unui partid disciplinat, pe c\u00e2nd \u00een PNL mul\u021bi \u00ee\u0219i fac un motiv de m\u00e2ndrie din a critica.<\/strong>\u00a0\u201eCredeam c\u0103 \u0219tie asta prim-ministrul\u201d, a spus Crin Antonescu, reamintind c\u0103 \u00een timpul guvern\u0103rii T\u0103riceanu existau trei-patru voci critice.<\/p>\n<p data-index=\"8\">Pe de alt\u0103 parte, \u201etrebuie s\u0103 \u00een\u021belegem c\u0103 acei colegi ai no\u0219tri sunt parlamentari, oric\u00e2t am \u021bine la disciplina de partid\u201d, a completat Crin Antonescu. \u00a0<\/p>\n<\/div>\n<p> Source URL: https:\/\/www.digi24.ro\/stiri\/actualitate\/politica\/v-ponta-despre-atacurile-liberalilor-lipsa-de-solidaritate-in-pnl-il-afecteaza-pe-crin-nu-pe-mine-67697<\/p>\n","protected":false},"excerpt":{"rendered":"<p>\u201eAcest gen de lips\u0103 de solidaritate \u00eel afecteaz\u0103 pe Crin, nu pe mine\u201d, a declarat premierul \u0219i copre\u0219edintele USL,\u00a0\u00eentr-o emisiune televizat\u0103. \u201eFaptul c\u0103 nu sunt solidari cost\u0103 PNL. Declara\u0163iile lui Frunz\u0103verde, Ro\u015fca St\u0103nescu trag \u00een jos PNL.\u00a0Raportul PSD-PNL e aproape 2-1. Inclusiv pe domnul Antonescu \u00eel pot afecta. Ro\u015fca St\u0103nescu vrea s\u0103 se bat\u0103 cu [&hellip;]<\/p>\n","protected":false},"author":1,"featured_media":228484,"comment_status":"open","ping_status":"","sticky":false,"template":"","format":"standard","meta":{"footnotes":""},"categories":[2],"tags":[11],"class_list":["post-228483","post","type-post","status-publish","format-standard","has-post-thumbnail","hentry","category-politics","tag-digi24"],"_links":{"self":[{"href":"https:\/\/analyse.optim.biz\/index.php?rest_route=\/wp\/v2\/posts\/228483","targetHints":{"allow":["GET"]}}],"collection":[{"href":"https:\/\/analyse.optim.biz\/index.php?rest_route=\/wp\/v2\/posts"}],"about":[{"href":"https:\/\/analyse.optim.biz\/index.php?rest_route=\/wp\/v2\/types\/post"}],"author":[{"embeddable":true,"href":"https:\/\/analyse.optim.biz\/index.php?rest_route=\/wp\/v2\/users\/1"}],"replies":[{"embeddable":true,"href":"https:\/\/analyse.optim.biz\/index.php?rest_route=%2Fwp%2Fv2%2Fcomments&post=228483"}],"version-history":[{"count":0,"href":"https:\/\/analyse.optim.biz\/index.php?rest_route=\/wp\/v2\/posts\/228483\/revisions"}],"wp:featuredmedia":[{"embeddable":true,"href":"https:\/\/analyse.optim.biz\/index.php?rest_route=\/wp\/v2\/media\/228484"}],"wp:attachment":[{"href":"https:\/\/analyse.optim.biz\/index.php?rest_route=%2Fwp%2Fv2%2Fmedia&parent=228483"}],"wp:term":[{"taxonomy":"category","embeddable":true,"href":"https:\/\/analyse.optim.biz\/index.php?rest_route=%2Fwp%2Fv2%2Fcategories&post=228483"},{"taxonomy":"post_tag","embeddable":true,"href":"https:\/\/analyse.optim.biz\/index.php?rest_route=%2Fwp%2Fv2%2Ftags&post=228483"}],"curies":[{"name":"wp","href":"https:\/\/api.w.org\/{rel}","templated":true}]}}