{"id":228460,"date":"2013-04-22T05:33:19","date_gmt":"2013-04-22T02:33:19","guid":{"rendered":"https:\/\/analyse.optim.biz\/?p=228460"},"modified":"2013-04-22T05:33:19","modified_gmt":"2013-04-22T02:33:19","slug":"victor-ponta-vrea-sa-coopteze-in-conducerea-psd-sapte-membri-lasati-pe-dinafara-la-congres","status":"publish","type":"post","link":"https:\/\/analyse.optim.biz\/?p=228460","title":{"rendered":"Victor Ponta vrea s\u0103 coopteze \u00een conducerea PSD \u015fapte membri l\u0103sa\u0163i pe dinafar\u0103 la congres"},"content":{"rendered":"<div class=\"entry data-app-meta data-app-meta-article\" data-embed-base-url-canonical=\"https:\/\/www.digi24.ro\/embed\/stiri\/actualitate\/politica\/victor-ponta-vrea-sa-coopteze-in-conducerea-psd-sapte-membri-lasati-pe-dinafara-la-congres-67730\">\n<h2 id=\"highlight-67730-1\"><img decoding=\"async\" src=\"https:\/\/analyse.optim.biz\/wp-content\/uploads\/2024\/09\/ptqzndyzzmiwmgrjmtflm2rjndfhotk5mzzlmdkzzmq0-thumb_.jpg\" data-skip-htmlfix=\"1\" title=\"ptqzndyzzmiwmgrjmtflm2rjndfhotk5mzzlmdkzzmq0-thumb_\">\u00a0<\/h2>\n<h2 id=\"highlight-67730-2\">Anumi\u0163i politicieni din Partidul Social Democrat care nu au fost ale\u015fi vicepre\u015fedin\u0163i la congres vor primi, totu\u015fi, o func\u0163ie de conducere \u00een partid, a anun\u0163at liderul forma\u0163iunii, Victor Ponta, \u00eentr-un interviu televizat. El a numit \u015fapte membri PSD din diverse jude\u0163e ale \u0163\u0103rii, apropia\u0163i ai s\u0103i, \u201eoameni importan\u0163i\u201d care au c\u00e2\u015ftigat de-a lungul timpului mai multe mandate de primari sau de pre\u015fedin\u0163i de consilii jude\u0163ene. Printre ei, Nicu\u015for Constantinescu, care a ratat s\u00e2mb\u0103t\u0103 func\u0163ia de vicepre\u015fedinte pe regiunea sud-est, \u00een favoarea lui Marian Opri\u015fan.<\/h2>\n<p data-index=\"1\">Victor Ponta a precizat c\u0103 de s\u0103pt\u0103m\u00e2na viitoare se va g\u0103si o solu\u0163ie pentru cooptarea acestora \u00een conducerea PSD, dar \u00een nici un caz cu m\u0103rirea num\u0103rului de posturi de vicepre\u015fedinte:<\/p>\n<p data-index=\"2\">\u201e<strong>S\u0103pt\u0103m\u00e2na viitoare o s\u0103 g\u0103sesc o solu\u0163ie pentru cei care nu au fost ale\u015fi vicepre\u015fedin\u0163i prin care s\u0103-i cooptez \u00een conducere. Oamenii a\u015ftia au o uria\u015f\u0103 legitimitate local\u0103. Vreau s\u0103-i \u0163in aproape pentru c\u0103 sunt oameni foarte importan\u0163i, foarte apropia\u0163i de mine. Nu se pune problema s\u0103 m\u0103rim num\u0103rul de vicepre\u015fedin\u0163i<\/strong>\u201d, a spus liderul social-democrat.<\/p>\n<h5><span>Membrii PSD numi\u0163i de premier:<\/span><\/h5>\n<p data-index=\"3\">&#8211; Adrian Duicu, pre\u015fedintele CJ Mehedin\u0163i;<\/p>\n<p data-index=\"4\">&#8211; Ion Prioteasa, pre\u015fedintele organiza\u0163iei Dolj a PSD;<\/p>\n<p data-index=\"5\">&#8211; Adrian \u0162utuianu, pre\u015fedintele CJ D\u00e2mbovi\u0163a;<\/p>\n<p data-index=\"6\">&#8211; Silvian Ciuperc\u0103, pre\u015fedintele CJ Ialomi\u0163a;<\/p>\n<p data-index=\"7\">&#8211; Nicu\u015for Constantinescu, pre\u015fedintele CJ Constan\u0163a;<\/p>\n<p data-index=\"8\">&#8211; Constantin Bo\u015fcodeal\u0103, primarul municipiului Buz\u0103u;<\/p>\n<p data-index=\"9\">&#8211; Titu Bojin, pre\u015fedintele CJ \u015fi al PSD Timi\u015f.<\/p>\n<p data-index=\"10\">La \u00eemp\u0103r\u0163irea celor opt func\u0163ii de vicepre\u015fedin\u0163i regionali, s\u00e2mb\u0103t\u0103, la Congresul PSD,\u00a0<strong><a href=\"https:\/\/www.digi24.ro\/Stiri\/Digi24\/Actualitate\/Sanatate\/Nicusor+Constantinescu++Nicolaescu+a+facut+o+declaratie+in+afara+programului+de+guvernare\" target=\"_blank\" data-skip-linkfix=\"1\" rel=\"noopener\">Nicu\u015for Constantinescu<\/a>\u00a0a pierdut cursa \u00een favoarea lui\u00a0<a href=\"https:\/\/www.digi24.ro\/Stiri\/Digi24\/Actualitate\/Stiri\/Marian+Oprisan+este+noul+sef+al+alesilor+locali\" target=\"_blank\" data-skip-linkfix=\"1\" rel=\"noopener\">Marian Opri\u015fan<\/a>\u00a0pe regiunea Sud-Est<\/strong><span>. Au mai existat \u015fi \u00een trecut divergen\u0163e \u00eentre cei doi lideri locali atunci c\u00e2nd Marian Opri\u015fan a devenit liderul pre\u015fedin\u0163ilor de Consilii Jude\u0163ene, func\u0163ie la care candida \u015fi Nicu\u015for Constantinescu.<\/span><\/p>\n<p data-index=\"11\"><strong>Titu Bojin<\/strong>, pre\u015fedintele Consiliului Jude\u0163ean Timi\u015f, <strong><a href=\"https:\/\/www.digi24.ro\/Stiri\/Digi24\/Actualitate\/Justitie\/Titu+Bojin+presedintele+CJ+Timis+suspectat+de+incompatibilitate+\" target=\"_blank\" data-skip-linkfix=\"1\" rel=\"noopener\">este cercetat de Agen\u0163ia Na\u0163ional\u0103 de Integritate<\/a><\/strong>. El este suspectat de incompatibilitate, dup\u0103 ce timp de patru ani a fost at\u00e2t consilier jude\u0163ean, c\u00e2t \u015fi director la Administra\u0163ia Bazinal\u0103 de Ap\u0103 Banat. \u00cen plus, pre\u015fedintele CJ Timi\u015f nu poate justifica 40.000 de euro \u015fi aproape 400.000 de lei din avere.<\/p>\n<\/div>\n<p> Source URL: https:\/\/www.digi24.ro\/stiri\/actualitate\/politica\/victor-ponta-vrea-sa-coopteze-in-conducerea-psd-sapte-membri-lasati-pe-dinafara-la-congres-67730<\/p>\n","protected":false},"excerpt":{"rendered":"<p>\u00a0 Anumi\u0163i politicieni din Partidul Social Democrat care nu au fost ale\u015fi vicepre\u015fedin\u0163i la congres vor primi, totu\u015fi, o func\u0163ie de conducere \u00een partid, a anun\u0163at liderul forma\u0163iunii, Victor Ponta, \u00eentr-un interviu televizat. El a numit \u015fapte membri PSD din diverse jude\u0163e ale \u0163\u0103rii, apropia\u0163i ai s\u0103i, \u201eoameni importan\u0163i\u201d care au c\u00e2\u015ftigat de-a lungul timpului [&hellip;]<\/p>\n","protected":false},"author":1,"featured_media":228461,"comment_status":"open","ping_status":"","sticky":false,"template":"","format":"standard","meta":{"footnotes":""},"categories":[2],"tags":[11],"class_list":["post-228460","post","type-post","status-publish","format-standard","has-post-thumbnail","hentry","category-politics","tag-digi24"],"_links":{"self":[{"href":"https:\/\/analyse.optim.biz\/index.php?rest_route=\/wp\/v2\/posts\/228460","targetHints":{"allow":["GET"]}}],"collection":[{"href":"https:\/\/analyse.optim.biz\/index.php?rest_route=\/wp\/v2\/posts"}],"about":[{"href":"https:\/\/analyse.optim.biz\/index.php?rest_route=\/wp\/v2\/types\/post"}],"author":[{"embeddable":true,"href":"https:\/\/analyse.optim.biz\/index.php?rest_route=\/wp\/v2\/users\/1"}],"replies":[{"embeddable":true,"href":"https:\/\/analyse.optim.biz\/index.php?rest_route=%2Fwp%2Fv2%2Fcomments&post=228460"}],"version-history":[{"count":0,"href":"https:\/\/analyse.optim.biz\/index.php?rest_route=\/wp\/v2\/posts\/228460\/revisions"}],"wp:featuredmedia":[{"embeddable":true,"href":"https:\/\/analyse.optim.biz\/index.php?rest_route=\/wp\/v2\/media\/228461"}],"wp:attachment":[{"href":"https:\/\/analyse.optim.biz\/index.php?rest_route=%2Fwp%2Fv2%2Fmedia&parent=228460"}],"wp:term":[{"taxonomy":"category","embeddable":true,"href":"https:\/\/analyse.optim.biz\/index.php?rest_route=%2Fwp%2Fv2%2Fcategories&post=228460"},{"taxonomy":"post_tag","embeddable":true,"href":"https:\/\/analyse.optim.biz\/index.php?rest_route=%2Fwp%2Fv2%2Ftags&post=228460"}],"curies":[{"name":"wp","href":"https:\/\/api.w.org\/{rel}","templated":true}]}}