{"id":228264,"date":"2013-04-26T05:34:48","date_gmt":"2013-04-26T02:34:48","guid":{"rendered":"https:\/\/analyse.optim.biz\/?p=228264"},"modified":"2013-04-26T05:34:48","modified_gmt":"2013-04-26T02:34:48","slug":"victor-ponta-la-digi24-presedintele-fmi-va-veni-in-romania-in-luna-iunie","status":"publish","type":"post","link":"https:\/\/analyse.optim.biz\/?p=228264","title":{"rendered":"Victor Ponta, la Digi24: Pre\u015fedintele FMI va veni \u00een Rom\u00e2nia \u00een luna iunie"},"content":{"rendered":"<div class=\"entry data-app-meta data-app-meta-article\" data-embed-base-url-canonical=\"https:\/\/www.digi24.ro\/embed\/stiri\/actualitate\/politica\/victor-ponta-la-digi24-presedintele-fmi-va-veni-in-romania-in-luna-iunie-68651\">\n<p data-index=\"1\">\u201eE foarte posibil s\u0103 aib\u0103 loc \u00een acest an. Foarte mul\u0163i spun c\u0103 ce dac\u0103 ne-am \u00eembun\u0103t\u0103\u0163it imaginea europen\u0103 \u015fi mai vine pre\u015fedintele Consiliului European. Vreau s\u0103 v\u0103 spun c\u0103 \u00een Rom\u00e2nia va veni luna urm\u0103toare pre\u015fedintele B\u0103ncii Mondiale, \u00een iunie vine doamna Lagarde, pre\u015fedintele FMI\u201d, a spus Victor Ponta la emisiunea \u201eImpar\u0163ial.<\/p>\n<\/div>\n<p> Source URL: https:\/\/www.digi24.ro\/stiri\/actualitate\/politica\/victor-ponta-la-digi24-presedintele-fmi-va-veni-in-romania-in-luna-iunie-68651<\/p>\n","protected":false},"excerpt":{"rendered":"<p>\u201eE foarte posibil s\u0103 aib\u0103 loc \u00een acest an. Foarte mul\u0163i spun c\u0103 ce dac\u0103 ne-am \u00eembun\u0103t\u0103\u0163it imaginea europen\u0103 \u015fi mai vine pre\u015fedintele Consiliului European. Vreau s\u0103 v\u0103 spun c\u0103 \u00een Rom\u00e2nia va veni luna urm\u0103toare pre\u015fedintele B\u0103ncii Mondiale, \u00een iunie vine doamna Lagarde, pre\u015fedintele FMI\u201d, a spus Victor Ponta la emisiunea \u201eImpar\u0163ial. Source URL: [&hellip;]<\/p>\n","protected":false},"author":1,"featured_media":228265,"comment_status":"open","ping_status":"","sticky":false,"template":"","format":"standard","meta":{"footnotes":""},"categories":[2],"tags":[11],"class_list":["post-228264","post","type-post","status-publish","format-standard","has-post-thumbnail","hentry","category-politics","tag-digi24"],"_links":{"self":[{"href":"https:\/\/analyse.optim.biz\/index.php?rest_route=\/wp\/v2\/posts\/228264","targetHints":{"allow":["GET"]}}],"collection":[{"href":"https:\/\/analyse.optim.biz\/index.php?rest_route=\/wp\/v2\/posts"}],"about":[{"href":"https:\/\/analyse.optim.biz\/index.php?rest_route=\/wp\/v2\/types\/post"}],"author":[{"embeddable":true,"href":"https:\/\/analyse.optim.biz\/index.php?rest_route=\/wp\/v2\/users\/1"}],"replies":[{"embeddable":true,"href":"https:\/\/analyse.optim.biz\/index.php?rest_route=%2Fwp%2Fv2%2Fcomments&post=228264"}],"version-history":[{"count":0,"href":"https:\/\/analyse.optim.biz\/index.php?rest_route=\/wp\/v2\/posts\/228264\/revisions"}],"wp:featuredmedia":[{"embeddable":true,"href":"https:\/\/analyse.optim.biz\/index.php?rest_route=\/wp\/v2\/media\/228265"}],"wp:attachment":[{"href":"https:\/\/analyse.optim.biz\/index.php?rest_route=%2Fwp%2Fv2%2Fmedia&parent=228264"}],"wp:term":[{"taxonomy":"category","embeddable":true,"href":"https:\/\/analyse.optim.biz\/index.php?rest_route=%2Fwp%2Fv2%2Fcategories&post=228264"},{"taxonomy":"post_tag","embeddable":true,"href":"https:\/\/analyse.optim.biz\/index.php?rest_route=%2Fwp%2Fv2%2Ftags&post=228264"}],"curies":[{"name":"wp","href":"https:\/\/api.w.org\/{rel}","templated":true}]}}