{"id":228220,"date":"2013-04-26T15:22:44","date_gmt":"2013-04-26T12:22:44","guid":{"rendered":"https:\/\/analyse.optim.biz\/?p=228220"},"modified":"2013-04-26T15:22:44","modified_gmt":"2013-04-26T12:22:44","slug":"alesii-sunt-de-negasit-in-colegii-parlamentarii-chiulesc-si-de-la-activitatile-din-circumscriptii","status":"publish","type":"post","link":"https:\/\/analyse.optim.biz\/?p=228220","title":{"rendered":"Ale\u0219ii sunt de neg\u0103sit \u00een colegii. Parlamentarii chiulesc \u0219i de la activit\u0103\u021bile din circumscrip\u021bii"},"content":{"rendered":"<div class=\"entry data-app-meta data-app-meta-article\" data-embed-base-url-canonical=\"https:\/\/www.digi24.ro\/embed\/stiri\/actualitate\/politica\/alesii-sunt-de-negasit-in-colegii-parlamentarii-chiulesc-si-de-la-activitatile-din-circumscriptii-68785\">\n<p data-index=\"1\">Reporterul a \u00eencercat s\u0103 intre \u00een cabinetul senatorului Mihaela Popa. Era \u00eenchis \u00een aceast\u0103 diminea\u0163\u0103, nu avea niciun orar afi\u015fat. Contactat\u0103 telefonic, doamna Mihaela Popa a spus c\u0103 tocmai plecase de la cabinet de cinci minute, \u00eens\u0103 dac\u0103 ar fi fost a\u015fa, reporterul ar fi v\u0103zut-o, pentru c\u0103 se afla aici de mai bine de 10 minute<\/p>\n<p data-index=\"2\">Un alt colegiu, un alt birou parlamentar. Senatorul de Bihor Florian Bodog nici m\u0103car nu \u015fi-a deschis cabinetul din teritoriu. \u201eNu sunt la cabinet, sunt \u00een ora\u015f\u201d, a spus el, contactat telefonic de echipa Digi24. \u201ePutem s\u0103 ne vedem la cabinet, doar c\u0103 nu este deschis oficial, nu am firm\u0103 pe el, nu , nu am, nu-i f\u0103cut, doar mobilierul este adus\u201d, a ad\u0103ugat parlamentarul.<\/p>\n<p data-index=\"3\">Cabinetul va fi inaugurat \u00een data de 9 mai, la cinci luni distan\u021b\u0103 de c\u00e2nd a ob\u0163inut votul de \u00eencredere al bihorenilor.<\/p>\n<p data-index=\"4\">Nici parlamentarii de Bucure\u0219ti nu au fost de gasit \u00een birourile lor.<\/p>\n<p data-index=\"5\">Costic\u0103 Canacheu are biroul parlamentar pe Calea Grivi\u021bei. Deputatul nu are un program afi\u0219at de audien\u021be. Unii vecini sus\u021bin c\u0103 nu l-au v\u0103zut \u00een via\u021ba lor pe deputat trec\u00e2nd pragul biroului parlamentar<\/p>\n<p data-index=\"6\">Pentru activitatea desf\u0103\u015furat\u0103 \u00een birourile din circumscrip\u0163ii, parlamentarii primesc lunar 10.000 de lei din care pl\u0103tesc angaja\u0163ii, chiria \u015fi \u00eentre\u0163inerea.<\/p>\n<p data-index=\"7\"><strong>Citi\u021bi \u0219i:<\/strong><\/p>\n<p data-index=\"8\"><a href=\"https:\/\/www.digi24.ro\/stire\/BANII-TAI-RISIPA-STATULUI-Cazul-autostrazilor_99066\" target=\"_blank\" data-skip-linkfix=\"1\" rel=\"noopener\"><strong><span>BANII T\u0102I, RISIPA STATULUI. Cazul autostr\u0103zilor<\/span><\/strong><\/a><\/p>\n<p data-index=\"9\"><a href=\"https:\/\/www.digi24.ro\/stire\/Cum-risipeste-statul-banii-Cazul-managerilor-privati_99025\" target=\"_blank\" data-skip-linkfix=\"1\" rel=\"noopener\"><strong><span>BANII T\u0102I, RISIPA STATULUI. Cazul managerilor priva\u021bi<\/span><\/strong><\/a><\/p>\n<\/div>\n<p> Source URL: https:\/\/www.digi24.ro\/stiri\/actualitate\/politica\/alesii-sunt-de-negasit-in-colegii-parlamentarii-chiulesc-si-de-la-activitatile-din-circumscriptii-68785<\/p>\n","protected":false},"excerpt":{"rendered":"<p>Reporterul a \u00eencercat s\u0103 intre \u00een cabinetul senatorului Mihaela Popa. Era \u00eenchis \u00een aceast\u0103 diminea\u0163\u0103, nu avea niciun orar afi\u015fat. Contactat\u0103 telefonic, doamna Mihaela Popa a spus c\u0103 tocmai plecase de la cabinet de cinci minute, \u00eens\u0103 dac\u0103 ar fi fost a\u015fa, reporterul ar fi v\u0103zut-o, pentru c\u0103 se afla aici de mai bine de [&hellip;]<\/p>\n","protected":false},"author":1,"featured_media":228221,"comment_status":"open","ping_status":"","sticky":false,"template":"","format":"standard","meta":{"footnotes":""},"categories":[2],"tags":[11],"class_list":["post-228220","post","type-post","status-publish","format-standard","has-post-thumbnail","hentry","category-politics","tag-digi24"],"_links":{"self":[{"href":"https:\/\/analyse.optim.biz\/index.php?rest_route=\/wp\/v2\/posts\/228220","targetHints":{"allow":["GET"]}}],"collection":[{"href":"https:\/\/analyse.optim.biz\/index.php?rest_route=\/wp\/v2\/posts"}],"about":[{"href":"https:\/\/analyse.optim.biz\/index.php?rest_route=\/wp\/v2\/types\/post"}],"author":[{"embeddable":true,"href":"https:\/\/analyse.optim.biz\/index.php?rest_route=\/wp\/v2\/users\/1"}],"replies":[{"embeddable":true,"href":"https:\/\/analyse.optim.biz\/index.php?rest_route=%2Fwp%2Fv2%2Fcomments&post=228220"}],"version-history":[{"count":0,"href":"https:\/\/analyse.optim.biz\/index.php?rest_route=\/wp\/v2\/posts\/228220\/revisions"}],"wp:featuredmedia":[{"embeddable":true,"href":"https:\/\/analyse.optim.biz\/index.php?rest_route=\/wp\/v2\/media\/228221"}],"wp:attachment":[{"href":"https:\/\/analyse.optim.biz\/index.php?rest_route=%2Fwp%2Fv2%2Fmedia&parent=228220"}],"wp:term":[{"taxonomy":"category","embeddable":true,"href":"https:\/\/analyse.optim.biz\/index.php?rest_route=%2Fwp%2Fv2%2Fcategories&post=228220"},{"taxonomy":"post_tag","embeddable":true,"href":"https:\/\/analyse.optim.biz\/index.php?rest_route=%2Fwp%2Fv2%2Ftags&post=228220"}],"curies":[{"name":"wp","href":"https:\/\/api.w.org\/{rel}","templated":true}]}}