{"id":228209,"date":"2013-04-26T18:10:08","date_gmt":"2013-04-26T15:10:08","guid":{"rendered":"https:\/\/analyse.optim.biz\/?p=228209"},"modified":"2013-04-26T18:10:08","modified_gmt":"2013-04-26T15:10:08","slug":"regionalizarea-s-ar-putea-face-prin-asumare-premierul-promitea-insa-ca-nu-va-mai-recurge-la-aceasta-procedura","status":"publish","type":"post","link":"https:\/\/analyse.optim.biz\/?p=228209","title":{"rendered":"Regionalizarea s-ar putea face prin asumare. Premierul promitea, \u00eens\u0103, c\u0103 nu va mai recurge la aceast\u0103 procedur\u0103"},"content":{"rendered":"<div class=\"entry data-app-meta data-app-meta-article\" data-embed-base-url-canonical=\"https:\/\/www.digi24.ro\/embed\/stiri\/actualitate\/politica\/regionalizarea-s-ar-putea-face-prin-asumare-premierul-promitea-insa-ca-nu-va-mai-recurge-la-aceasta-procedura-68824\">\n<p data-index=\"1\">\u201eDup\u0103 ce modific\u0103m Constitu\u0163ia, ie\u015fim cu legea de \u00eenfiin\u0163are a noilor regiuni care va fi aprobat\u0103 \u00een Parlament, eu sper c\u0103 prin procedura angaj\u0103rii r\u0103spunderii. Asta \u00eenseamn\u0103 c\u0103, la sf\u00e2r\u015fitul lunii noiembrie, cel mai t\u00e2rziu, regiunile s\u0103 fie \u00eenfiin\u0163ate, adic\u0103 \u015fi forma lor \u015fi comunitatea administrativ-teritorial\u0103\u201d, a spus vicepremierul. \u00a0<\/p>\n<p data-index=\"2\">Este prima declara\u0163ie despre o posibil\u0103 angajare a r\u0103spunderii Guvernului pe acest subiect, dup\u0103 ce liderii USL au insistat c\u0103 doresc o dezbatere public\u0103 pentru noile regiuni \u0219i mai ales dup\u0103 ce premierul\u00a0<strong>Victor Ponta promitea, s\u0103pt\u0103m\u00e2na trecut\u0103, s\u0103 nu mai recurg\u0103 la aceast\u0103 procedur\u0103.<\/strong><\/p>\n<p data-index=\"3\">Mai mult, premierul tocmai \u015fi-a luat angajamentul la Stasbourg c\u0103 nu va mai apela la aceast\u0103 procedur\u0103. \u201e\u00centr-un an am utilizat-o o singur\u0103 dat\u0103 \u015fi pentru o lege special\u0103, restituirea propriet\u0103\u0163ilor. Nu inten\u021bionez s\u0103 o utilizez din nou. Avem o majoritate foarte mare \u00een Parlament \u015fi cred c\u0103 legile bune sunt f\u0103cute de Parlament, \u015fi nu de Guvern\u201d, a declarat miercuri Victor Ponta \u00een Adunarea Parlamentar\u0103 a Consiliului Europei.<\/p>\n<p data-index=\"4\">Liviu Dragnea\u00a0<a href=\"https:\/\/www.digi24.ro\/stire\/Regionalizarea-s-ar-putea-face-prin-asumarea-raspunderii_92335\" data-skip-linkfix=\"1\">sugerase, \u00eens\u0103, aceast\u0103 posibilitate a asum\u0103rii r\u0103spunderii pentru regionalizare \u0219i la \u00eenceputul acestei luni.<\/a><\/p>\n<p data-index=\"5\">Asumarea este o procedur\u0103 atipic\u0103, ce presupune evitarea dezbaterii parlamentare. Guvernul USL, care atunci c\u00e2nd era \u00een opozi\u021bie critica folosirea abuziv\u0103 a acestei proceduri de c\u0103tre guvernul Boc,\u00a0<a href=\"https:\/\/www.digi24.ro\/stire\/Guvernul-Ponta-isi-angajeaza-raspunderea-pentru-legea-retrocedarilor_96623\" data-skip-linkfix=\"1\">\u0219i-a asumat deja r\u0103spunderea, s\u0103pt\u0103m\u00e2na trecut\u0103, pentru legea retroced\u0103rii propriet\u0103\u021bilor<\/a>\u00a0\u0219i a promis c\u0103 nu va mai recurge la aceast\u0103 metod\u0103.<\/p>\n<p data-index=\"6\">La asumare, premierul vine \u00een fa\u021ba Parlamentului reunit \u0219i prezint\u0103 textul legii pe care \u00ee\u0219i asum\u0103 r\u0103spunderea.\u00a0Dac\u0103 \u00een termen de trei zile niciun partid nu depune o mo\u021biune e cenzur\u0103, actul normativ intr\u0103 \u00een vigoare.<\/p>\n<p data-index=\"7\">Dac\u0103 o mo\u0163iune trece, legea e respins\u0103 \u015fi guvernul e demis.<\/p>\n<p data-index=\"8\">O alt\u0103 posibilitate este contestarea respectivei legi de c\u0103tre parlamentari la Curtea Constitu\u021bional\u0103, \u00eenainte de a merge la promulgare.\u00a0<\/p>\n<p data-index=\"9\">Dac\u0103 Guvernul va apela la angajarea r\u0103spunderii, Parlamentul nu va mai dezbate noua hart\u0103 a regiunilor. \u00cen scenariul evocat de vicepremierul Liviu Dragnea, opozi\u0163ia va avea la dispozi\u0163ie trei zile pentru a ini\u0163ia o mo\u0163iune de cenzur\u0103. Dac\u0103 nu o va face sau mo\u0163iunea nu va \u00eentruni suficiente voturi pentru a fi adoptat\u0103, legea regionaliz\u0103rii, a\u015fa cum va fi propus\u0103 de Guvern, noua hart\u0103 a Rom\u00e2niei va fi, de fapt, expresia voin\u0163ei a 28 de membri ai Cabinetului Ponta.<\/p>\n<\/div>\n<p> Source URL: https:\/\/www.digi24.ro\/stiri\/actualitate\/politica\/regionalizarea-s-ar-putea-face-prin-asumare-premierul-promitea-insa-ca-nu-va-mai-recurge-la-aceasta-procedura-68824<\/p>\n","protected":false},"excerpt":{"rendered":"<p>\u201eDup\u0103 ce modific\u0103m Constitu\u0163ia, ie\u015fim cu legea de \u00eenfiin\u0163are a noilor regiuni care va fi aprobat\u0103 \u00een Parlament, eu sper c\u0103 prin procedura angaj\u0103rii r\u0103spunderii. Asta \u00eenseamn\u0103 c\u0103, la sf\u00e2r\u015fitul lunii noiembrie, cel mai t\u00e2rziu, regiunile s\u0103 fie \u00eenfiin\u0163ate, adic\u0103 \u015fi forma lor \u015fi comunitatea administrativ-teritorial\u0103\u201d, a spus vicepremierul. \u00a0 Este prima declara\u0163ie despre o [&hellip;]<\/p>\n","protected":false},"author":1,"featured_media":228210,"comment_status":"open","ping_status":"","sticky":false,"template":"","format":"standard","meta":{"footnotes":""},"categories":[2],"tags":[11],"class_list":["post-228209","post","type-post","status-publish","format-standard","has-post-thumbnail","hentry","category-politics","tag-digi24"],"_links":{"self":[{"href":"https:\/\/analyse.optim.biz\/index.php?rest_route=\/wp\/v2\/posts\/228209","targetHints":{"allow":["GET"]}}],"collection":[{"href":"https:\/\/analyse.optim.biz\/index.php?rest_route=\/wp\/v2\/posts"}],"about":[{"href":"https:\/\/analyse.optim.biz\/index.php?rest_route=\/wp\/v2\/types\/post"}],"author":[{"embeddable":true,"href":"https:\/\/analyse.optim.biz\/index.php?rest_route=\/wp\/v2\/users\/1"}],"replies":[{"embeddable":true,"href":"https:\/\/analyse.optim.biz\/index.php?rest_route=%2Fwp%2Fv2%2Fcomments&post=228209"}],"version-history":[{"count":0,"href":"https:\/\/analyse.optim.biz\/index.php?rest_route=\/wp\/v2\/posts\/228209\/revisions"}],"wp:featuredmedia":[{"embeddable":true,"href":"https:\/\/analyse.optim.biz\/index.php?rest_route=\/wp\/v2\/media\/228210"}],"wp:attachment":[{"href":"https:\/\/analyse.optim.biz\/index.php?rest_route=%2Fwp%2Fv2%2Fmedia&parent=228209"}],"wp:term":[{"taxonomy":"category","embeddable":true,"href":"https:\/\/analyse.optim.biz\/index.php?rest_route=%2Fwp%2Fv2%2Fcategories&post=228209"},{"taxonomy":"post_tag","embeddable":true,"href":"https:\/\/analyse.optim.biz\/index.php?rest_route=%2Fwp%2Fv2%2Ftags&post=228209"}],"curies":[{"name":"wp","href":"https:\/\/api.w.org\/{rel}","templated":true}]}}